{"id":959,"date":"2025-03-02T10:15:47","date_gmt":"2025-03-02T10:15:47","guid":{"rendered":"https:\/\/sikertitan.hu\/?p=959"},"modified":"2025-03-02T10:15:48","modified_gmt":"2025-03-02T10:15:48","slug":"nok","status":"publish","type":"post","link":"https:\/\/sikertitan.hu\/index.php\/2025\/03\/02\/nok\/","title":{"rendered":"Mi kell a n\u0151knek? \u2013 Betekint\u00e9s a n\u0151k ig\u00e9nyeibe!"},"content":{"rendered":"\n<p class=\"wp-block-paragraph\">A n\u0151k gondolkod\u00e1sa \u00e9s \u00e9rzelmi vil\u00e1ga gyakran rejt\u00e9lyesnek t\u0171nik a f\u00e9rfiak sz\u00e1m\u00e1ra, pedig bizonyos alapvet\u0151 ig\u00e9nyek \u00e9s elv\u00e1r\u00e1sok univerz\u00e1lisak a legt\u00f6bb n\u0151 eset\u00e9ben. A biol\u00f3gia, a t\u00e1rsadalmi hat\u00e1sok \u00e9s az egy\u00e9ni tapasztalatok mind form\u00e1lj\u00e1k a n\u0151i agyat, \u00e9s meghat\u00e1rozz\u00e1k, hogy mire van igaz\u00e1n sz\u00fcks\u00e9g\u00fck egy p\u00e1rkapcsolatban, a munkahelyen vagy ak\u00e1r a h\u00e9tk\u00f6znapi \u00e9letben.<\/p>\n\n\n\n<p class=\"wp-block-paragraph\">Ebben a cikkben pszichol\u00f3giai \u00e9s t\u00e1rsadalmi szempontb\u00f3l vizsg\u00e1ljuk meg, hogy mi az, amire a n\u0151k val\u00f3ban v\u00e1gynak, \u00e9s hogyan lehet ezeket az ig\u00e9nyeket jobban meg\u00e9rteni \u00e9s kiel\u00e9g\u00edteni.<\/p>\n\n\n\n<h2 class=\"wp-block-heading\"><strong>1. Az \u00e9rzelmi biztons\u00e1g az els\u0151 helyen \u00e1ll<\/strong><\/h2>\n\n\n\n<p class=\"wp-block-paragraph\">A legt\u00f6bb n\u0151 sz\u00e1m\u00e1ra az \u00e9rzelmi biztons\u00e1g kulcsfontoss\u00e1g\u00fa, legyen sz\u00f3 egy p\u00e1rkapcsolatr\u00f3l vagy bar\u00e1ti kapcsolatr\u00f3l.<\/p>\n\n\n\n<h3 class=\"wp-block-heading\"><strong>Mit jelent az \u00e9rzelmi biztons\u00e1g?<\/strong><\/h3>\n\n\n\n<ul class=\"wp-block-list\">\n<li>Biztos\u00edtani arr\u00f3l, hogy \u00e9rzelmileg el\u00e9rhet\u0151 \u00e9s megb\u00edzhat\u00f3 vagy.<\/li>\n\n\n\n<li>Figyelni r\u00e1 \u00e9s meghallgatni an\u00e9lk\u00fcl, hogy azonnal megold\u00e1sokat keresn\u00e9l.<\/li>\n\n\n\n<li>Megmutatni, hogy \u00e9rt\u00e9kes \u00e9s fontos sz\u00e1modra.<\/li>\n<\/ul>\n\n\n\n<h3 class=\"wp-block-heading\"><strong>P\u00e9lda a gyakorlatban<\/strong><\/h3>\n\n\n\n<p class=\"wp-block-paragraph\">Egy n\u0151 sz\u00e1m\u00e1ra sokat jelent, ha \u00e9rzi, hogy a p\u00e1rja figyel r\u00e1 \u00e9s komolyan veszi az \u00e9rz\u00e9seit. P\u00e9ld\u00e1ul egy neh\u00e9z nap ut\u00e1n nem a \u201eNe agg\u00f3dj, megoldjuk\u201d t\u00edpus\u00fa v\u00e1laszra van sz\u00fcks\u00e9ge, hanem arra, hogy valaki t\u00e9nyleg odafigyeljen \u00e9s egy\u00fctt\u00e9rezzen vele.<\/p>\n\n\n\n<p class=\"wp-block-paragraph\">Munkahelyen is sz\u00e1m\u00edt az \u00e9rzelmi biztons\u00e1g: a n\u0151k nagyobb teljes\u00edtm\u00e9nyt ny\u00fajtanak, ha egy t\u00e1mogat\u00f3 \u00e9s elismer\u0151 k\u00f6rnyezetben dolgozhatnak.<\/p>\n\n\n\n<h3 class=\"wp-block-heading\"><strong>Tipp<\/strong><\/h3>\n\n\n\n<p class=\"wp-block-paragraph\">Az emp\u00e1tia \u00e9s az odafigyel\u00e9s minden n\u0151 sz\u00e1m\u00e1ra kulcsfontoss\u00e1g\u00fa \u2013 ne becs\u00fcld al\u00e1 az \u00e9rzelmi t\u00e1mogat\u00e1s erej\u00e9t.<\/p>\n\n\n<div class=\"wp-block-image\">\n<figure class=\"aligncenter size-large is-resized\"><img loading=\"lazy\" decoding=\"async\" width=\"1024\" height=\"683\" src=\"https:\/\/sikertitan.hu\/wp-content\/uploads\/2025\/03\/pexels-photo-426710-1024x683.jpeg\" alt=\"n\u0151k\" class=\"wp-image-961\" style=\"width:500px\" srcset=\"https:\/\/sikertitan.hu\/wp-content\/uploads\/2025\/03\/pexels-photo-426710-1024x683.jpeg 1024w, https:\/\/sikertitan.hu\/wp-content\/uploads\/2025\/03\/pexels-photo-426710-300x200.jpeg 300w, https:\/\/sikertitan.hu\/wp-content\/uploads\/2025\/03\/pexels-photo-426710-768x512.jpeg 768w, https:\/\/sikertitan.hu\/wp-content\/uploads\/2025\/03\/pexels-photo-426710-600x400.jpeg 600w, https:\/\/sikertitan.hu\/wp-content\/uploads\/2025\/03\/pexels-photo-426710.jpeg 1125w\" sizes=\"auto, (max-width: 1024px) 100vw, 1024px\" \/><\/figure>\n<\/div>\n\n\n<h2 class=\"wp-block-heading\"><strong>2. Kommunik\u00e1ci\u00f3 \u00e9s meghallgat\u00e1s \u2013 Nem csak szavak, hanem figyelem is kell<\/strong><\/h2>\n\n\n\n<p class=\"wp-block-paragraph\">A kommunik\u00e1ci\u00f3 a n\u0151i agy egyik legfontosabb eszk\u00f6ze az \u00e9rzelmek feldolgoz\u00e1s\u00e1ra \u00e9s kapcsolatok \u00e9p\u00edt\u00e9s\u00e9re.<\/p>\n\n\n\n<h3 class=\"wp-block-heading\"><strong>A n\u0151k ig\u00e9nye a kommunik\u00e1ci\u00f3ban<\/strong><\/h3>\n\n\n\n<ul class=\"wp-block-list\">\n<li>Szeretnek besz\u00e9lni az \u00e9rz\u00e9seikr\u0151l \u00e9s a napi t\u00f6rt\u00e9n\u00e9sekr\u0151l, nem felt\u00e9tlen\u00fcl az\u00e9rt, hogy megold\u00e1st tal\u00e1ljanak, hanem hogy megossz\u00e1k a tapasztalataikat.<\/li>\n\n\n\n<li>Fontos sz\u00e1mukra, hogy a partner\u00fck figyeljen r\u00e1juk, ne csak fizikailag, hanem ment\u00e1lisan is jelen legyen.<\/li>\n\n\n\n<li>A testbesz\u00e9d, a szemkontaktus \u00e9s az apr\u00f3 gesztusok ugyanolyan fontosak, mint a kimondott szavak.<\/li>\n<\/ul>\n\n\n\n<h3 class=\"wp-block-heading\"><strong>P\u00e9lda a gyakorlatban<\/strong><\/h3>\n\n\n\n<p class=\"wp-block-paragraph\">Egy n\u0151 mes\u00e9l egy probl\u00e9m\u00e1j\u00e1r\u00f3l, \u00e9s ahelyett, hogy r\u00f6gt\u00f6n megold\u00e1si javaslatokat adn\u00e1l, ink\u00e1bb meger\u0151s\u00edted, hogy \u00e9rted az \u00e9rz\u00e9seit: \u201eEz t\u00e9nyleg neh\u00e9z helyzet lehetett, meg\u00e9rtem, hogy \u00edgy \u00e9rzed.\u201d<\/p>\n\n\n\n<h3 class=\"wp-block-heading\"><strong>Tipp<\/strong><\/h3>\n\n\n\n<p class=\"wp-block-paragraph\">A figyelmes hallgat\u00e1s \u00e9s az egy\u00fctt\u00e9rz\u0151 v\u00e1laszok er\u0151s\u00edtik a kapcsolatot \u2013 pr\u00f3b\u00e1lj akt\u00edvan hallgatni an\u00e9lk\u00fcl, hogy r\u00f6gt\u00f6n tan\u00e1csokat adn\u00e1l.<\/p>\n\n\n\n<h2 class=\"wp-block-heading\"><strong>3. Bizalom \u00e9s h\u0171s\u00e9g \u2013 Alapfelt\u00e9telek egy hossz\u00fa t\u00e1v\u00fa kapcsolathoz<\/strong><\/h2>\n\n\n\n<p class=\"wp-block-paragraph\">A n\u0151k t\u00f6bbs\u00e9ge sz\u00e1m\u00e1ra a bizalom \u00e9s a h\u0171s\u00e9g alapvet\u0151 elv\u00e1r\u00e1s egy kapcsolatban. Ha egy n\u0151 \u00fagy \u00e9rzi, hogy megb\u00edzhat a partner\u00e9ben, sokkal k\u00f6nnyebben megny\u00edlik \u00e9s \u00e9rzelmileg is elk\u00f6telez\u0151dik.<\/p>\n\n\n\n<h3 class=\"wp-block-heading\"><strong>Mi \u00e9p\u00edti a bizalmat?<\/strong><\/h3>\n\n\n\n<ul class=\"wp-block-list\">\n<li>K\u00f6vetkezetess\u00e9g a szavakban \u00e9s a tettekben.<\/li>\n\n\n\n<li>\u0150szintes\u00e9g, m\u00e9g akkor is, ha az igazs\u00e1g nem mindig kellemes.<\/li>\n\n\n\n<li>Megb\u00edzhat\u00f3s\u00e1g \u00e9s a kimondott \u00edg\u00e9retek betart\u00e1sa.<\/li>\n<\/ul>\n\n\n\n<h3 class=\"wp-block-heading\"><strong>P\u00e9lda a gyakorlatban<\/strong><\/h3>\n\n\n\n<p class=\"wp-block-paragraph\">Ha azt mondod, hogy felh\u00edvod este, \u00e9s elfelejted, az apr\u00f3s\u00e1gnak t\u0171nhet, de ha gyakran el\u0151fordul, az megingathatja a bizalmat.<\/p>\n\n\n\n<h3 class=\"wp-block-heading\"><strong>Tipp<\/strong><\/h3>\n\n\n\n<p class=\"wp-block-paragraph\">A kis dolgokban mutatott k\u00f6vetkezetess\u00e9g \u00e9s megb\u00edzhat\u00f3s\u00e1g hossz\u00fa t\u00e1von bizalmat \u00e9p\u00edt, ami minden kapcsolat alapja.<\/p>\n\n\n<div class=\"wp-block-image\">\n<figure class=\"aligncenter size-large is-resized\"><img loading=\"lazy\" decoding=\"async\" width=\"1024\" height=\"683\" src=\"https:\/\/sikertitan.hu\/wp-content\/uploads\/2025\/03\/pexels-photo-1599941-1024x683.jpeg\" alt=\"n\u0151k\" class=\"wp-image-962\" style=\"width:500px\" srcset=\"https:\/\/sikertitan.hu\/wp-content\/uploads\/2025\/03\/pexels-photo-1599941-1024x683.jpeg 1024w, https:\/\/sikertitan.hu\/wp-content\/uploads\/2025\/03\/pexels-photo-1599941-300x200.jpeg 300w, https:\/\/sikertitan.hu\/wp-content\/uploads\/2025\/03\/pexels-photo-1599941-768x512.jpeg 768w, https:\/\/sikertitan.hu\/wp-content\/uploads\/2025\/03\/pexels-photo-1599941-600x400.jpeg 600w, https:\/\/sikertitan.hu\/wp-content\/uploads\/2025\/03\/pexels-photo-1599941.jpeg 1125w\" sizes=\"auto, (max-width: 1024px) 100vw, 1024px\" \/><\/figure>\n<\/div>\n\n\n<h2 class=\"wp-block-heading\"><strong>4. \u00c9rzelmi \u00e9s fizikai intimit\u00e1s \u2013 T\u00f6bb mint egyszer\u0171 vonzalom<\/strong><\/h2>\n\n\n\n<p class=\"wp-block-paragraph\">A n\u0151k sz\u00e1m\u00e1ra az intimit\u00e1s nemcsak fizikai, hanem \u00e9rzelmi kapcsol\u00f3d\u00e1st is jelent.<\/p>\n\n\n\n<h3 class=\"wp-block-heading\"><strong>Mit jelent az intimit\u00e1s egy n\u0151 sz\u00e1m\u00e1ra?<\/strong><\/h3>\n\n\n\n<ul class=\"wp-block-list\">\n<li>Tisztelet \u00e9s meg\u00e9rt\u00e9s az \u00e9rzelmi \u00e9s fizikai sz\u00fcks\u00e9gleteik ir\u00e1nt.<\/li>\n\n\n\n<li>Apr\u00f3 gesztusok, mint egy \u00f6lel\u00e9s, k\u00e9zfog\u00e1s vagy kedves \u00fczenet.<\/li>\n\n\n\n<li>Bizalom \u00e9s \u0151szintes\u00e9g az \u00e9rz\u00e9sek ter\u00e9n, hogy val\u00f3ban megny\u00edlhasson a partnere el\u0151tt.<\/li>\n<\/ul>\n\n\n\n<h3 class=\"wp-block-heading\"><strong>P\u00e9lda a gyakorlatban<\/strong><\/h3>\n\n\n\n<p class=\"wp-block-paragraph\">Egy n\u0151 sz\u00e1m\u00e1ra egy apr\u00f3 \u00e9rint\u00e9s vagy egy v\u00e1ratlan b\u00f3k sokkal t\u00f6bbet jelenthet, mint egy nagyobb aj\u00e1nd\u00e9k.<\/p>\n\n\n\n<h3 class=\"wp-block-heading\"><strong>Tipp<\/strong><\/h3>\n\n\n\n<p class=\"wp-block-paragraph\">Az intimit\u00e1s nem csak a h\u00e1l\u00f3szob\u00e1r\u00f3l sz\u00f3l \u2013 a mindennapi gyeng\u00e9ds\u00e9g \u00e9s figyelmess\u00e9g legal\u00e1bb annyira fontos.<\/p>\n\n\n\n<h2 class=\"wp-block-heading\"><strong>5. F\u00fcggetlens\u00e9g \u00e9s \u00f6nmegval\u00f3s\u00edt\u00e1s \u2013 A modern n\u0151k ig\u00e9nyei<\/strong><\/h2>\n\n\n\n<p class=\"wp-block-paragraph\">A mai n\u0151k sz\u00e1m\u00e1ra az \u00f6nmegval\u00f3s\u00edt\u00e1s \u00e9s a f\u00fcggetlens\u00e9g ugyanolyan fontos, mint a kapcsolatok.<\/p>\n\n\n\n<h3 class=\"wp-block-heading\"><strong>Mit jelent ez?<\/strong><\/h3>\n\n\n\n<ul class=\"wp-block-list\">\n<li>T\u00e1mogat\u00e1s a c\u00e9ljaik el\u00e9r\u00e9s\u00e9ben, ak\u00e1r a karrierben, ak\u00e1r a hobbikban.<\/li>\n\n\n\n<li>Szabads\u00e1g \u00e9s t\u00e9r, hogy saj\u00e1t maguk is fejl\u0151dhessenek.<\/li>\n\n\n\n<li>Egyens\u00faly a p\u00e1rkapcsolat \u00e9s az \u00f6n\u00e1ll\u00f3s\u00e1g k\u00f6z\u00f6tt, mert egy n\u0151 nem akar \u201ecsak\u201d valakinek a partnere lenni.<\/li>\n<\/ul>\n\n\n\n<h3 class=\"wp-block-heading\"><strong>P\u00e9lda a gyakorlatban<\/strong><\/h3>\n\n\n\n<p class=\"wp-block-paragraph\">Egy n\u0151 sz\u00e1m\u00e1ra inspir\u00e1l\u00f3 \u00e9s vonz\u00f3, ha a p\u00e1rja t\u00e1mogatja a c\u00e9ljait, legyen az egy \u00faj munka, egy tanfolyam vagy egy \u00e1lom megval\u00f3s\u00edt\u00e1sa.<\/p>\n\n\n\n<h3 class=\"wp-block-heading\"><strong>Tipp<\/strong><\/h3>\n\n\n\n<p class=\"wp-block-paragraph\">Ne tekintsd egy n\u0151 f\u00fcggetlens\u00e9g\u00e9t fenyeget\u00e9snek \u2013 ha t\u00e1mogatod az \u00e1lmait, sokkal jobban fog k\u00f6t\u0151dni hozz\u00e1d.<\/p>\n\n\n<div class=\"wp-block-image\">\n<figure class=\"aligncenter size-large is-resized\"><img loading=\"lazy\" decoding=\"async\" width=\"1024\" height=\"683\" src=\"https:\/\/sikertitan.hu\/wp-content\/uploads\/2025\/03\/pexels-photo-1090393-1024x683.jpeg\" alt=\"n\u0151k\" class=\"wp-image-963\" style=\"width:500px\" srcset=\"https:\/\/sikertitan.hu\/wp-content\/uploads\/2025\/03\/pexels-photo-1090393-1024x683.jpeg 1024w, https:\/\/sikertitan.hu\/wp-content\/uploads\/2025\/03\/pexels-photo-1090393-300x200.jpeg 300w, https:\/\/sikertitan.hu\/wp-content\/uploads\/2025\/03\/pexels-photo-1090393-768x512.jpeg 768w, https:\/\/sikertitan.hu\/wp-content\/uploads\/2025\/03\/pexels-photo-1090393-600x400.jpeg 600w, https:\/\/sikertitan.hu\/wp-content\/uploads\/2025\/03\/pexels-photo-1090393.jpeg 1125w\" sizes=\"auto, (max-width: 1024px) 100vw, 1024px\" \/><\/figure>\n<\/div>\n\n\n<h2 class=\"wp-block-heading\"><strong>\u00d6sszegz\u00e9s \u2013 Mit akarnak igaz\u00e1n a n\u0151k?<\/strong><\/h2>\n\n\n\n<p class=\"wp-block-paragraph\">B\u00e1r minden n\u0151 egyedi, bizonyos alapvet\u0151 ig\u00e9nyek \u00e9s elv\u00e1r\u00e1sok szinte univerz\u00e1lisak:<\/p>\n\n\n\n<ul class=\"wp-block-list\">\n<li><strong>\u00c9rzelmi biztons\u00e1g \u00e9s t\u00e1mogat\u00e1s<\/strong> \u2013 A legfontosabb alapja minden kapcsolatnak.<\/li>\n\n\n\n<li><strong>Figyelmes kommunik\u00e1ci\u00f3 \u00e9s meghallgat\u00e1s<\/strong> \u2013 Nem csak a szavak sz\u00e1m\u00edtanak, hanem az odafigyel\u00e9s is.<\/li>\n\n\n\n<li><strong>Bizalom \u00e9s megb\u00edzhat\u00f3s\u00e1g<\/strong> \u2013 Egy hossz\u00fa t\u00e1v\u00fa kapcsolat legfontosabb \u00e9p\u00edt\u0151k\u00f6vei.<\/li>\n\n\n\n<li><strong>Intimit\u00e1s \u00e9s gyeng\u00e9ds\u00e9g<\/strong> \u2013 Az \u00e9rzelmi \u00e9s fizikai kapcsol\u00f3d\u00e1s elm\u00e9ly\u00edti a k\u00f6t\u0151d\u00e9st.<\/li>\n\n\n\n<li><strong>F\u00fcggetlens\u00e9g \u00e9s \u00f6nmegval\u00f3s\u00edt\u00e1s<\/strong> \u2013 Egy modern n\u0151 nem akarja feladni az \u00e1lmait a p\u00e1rkapcsolat miatt.<\/li>\n<\/ul>\n\n\n\n<p class=\"wp-block-paragraph\">Ha \u00e9rted \u00e9s tiszteletben tartod ezeket az ig\u00e9nyeket, nemcsak jobb p\u00e1rkapcsolatot \u00e9p\u00edthetsz, hanem m\u00e9lyebb \u00e9s tart\u00f3sabb kapcsolatokat is kialak\u00edthatsz a n\u0151k vil\u00e1g\u00e1ban.<\/p>\n","protected":false},"excerpt":{"rendered":"<p>A n\u0151k gondolkod\u00e1sa \u00e9s \u00e9rzelmi vil\u00e1ga gyakran rejt\u00e9lyesnek t\u0171nik a f\u00e9rfiak sz\u00e1m\u00e1ra, pedig bizonyos alapvet\u0151 ig\u00e9nyek \u00e9s elv\u00e1r\u00e1sok univerz\u00e1lisak a legt\u00f6bb n\u0151 eset\u00e9ben. A biol\u00f3gia, a t\u00e1rsadalmi hat\u00e1sok \u00e9s az egy\u00e9ni tapasztalatok mind form\u00e1lj\u00e1k a n\u0151i agyat, \u00e9s meghat\u00e1rozz\u00e1k, hogy mire van igaz\u00e1n sz\u00fcks\u00e9g\u00fck egy p\u00e1rkapcsolatban, a munkahelyen vagy ak\u00e1r a h\u00e9tk\u00f6znapi \u00e9letben. Ebben a&#8230;<\/p>\n","protected":false},"author":1,"featured_media":960,"comment_status":"open","ping_status":"open","sticky":false,"template":"","format":"standard","meta":{"footnotes":""},"categories":[3],"tags":[224,684,683,25,189,186,682,185,377,18],"class_list":["post-959","post","type-post","status-publish","format-standard","has-post-thumbnail","hentry","category-inspiracio","tag-egeszseges-eletmod","tag-erzelmek","tag-igenyek","tag-inspiracio","tag-noi-celcsoport","tag-noi-vasarlok","tag-nok","tag-noknek-ertekesites","tag-rosszfiuk-es-nok","tag-siker"],"yoast_head":"<!-- This site is optimized with the Yoast SEO plugin v25.5 - https:\/\/yoast.com\/wordpress\/plugins\/seo\/ -->\n<title>Mi kell a n\u0151knek? \u2013 Betekint\u00e9s a n\u0151k ig\u00e9nyeibe! - Siker Tit\u00e1n<\/title>\n<meta name=\"description\" content=\"A n\u0151k gondolkod\u00e1sa \u00e9s \u00e9rzelmi vil\u00e1ga gyakran rejt\u00e9lyesnek t\u0171nik a f\u00e9rfiak sz\u00e1m\u00e1ra, pedig bizonyos elv\u00e1r\u00e1sok univerz\u00e1lisak a legt\u00f6bb esetben.\" \/>\n<meta name=\"robots\" content=\"index, follow, max-snippet:-1, max-image-preview:large, max-video-preview:-1\" \/>\n<link rel=\"canonical\" href=\"https:\/\/sikertitan.hu\/index.php\/2025\/03\/02\/nok\/\" \/>\n<meta property=\"og:locale\" content=\"hu_HU\" \/>\n<meta property=\"og:type\" content=\"article\" \/>\n<meta property=\"og:title\" content=\"Mi kell a n\u0151knek? \u2013 Betekint\u00e9s a n\u0151k ig\u00e9nyeibe! - Siker Tit\u00e1n\" \/>\n<meta property=\"og:description\" content=\"A n\u0151k gondolkod\u00e1sa \u00e9s \u00e9rzelmi vil\u00e1ga gyakran rejt\u00e9lyesnek t\u0171nik a f\u00e9rfiak sz\u00e1m\u00e1ra, pedig bizonyos elv\u00e1r\u00e1sok univerz\u00e1lisak a legt\u00f6bb esetben.\" \/>\n<meta property=\"og:url\" content=\"https:\/\/sikertitan.hu\/index.php\/2025\/03\/02\/nok\/\" \/>\n<meta property=\"og:site_name\" content=\"Siker Tit\u00e1n\" \/>\n<meta property=\"article:published_time\" content=\"2025-03-02T10:15:47+00:00\" \/>\n<meta property=\"article:modified_time\" content=\"2025-03-02T10:15:48+00:00\" \/>\n<meta property=\"og:image\" content=\"https:\/\/sikertitan.hu\/wp-content\/uploads\/2025\/03\/woman-5864279_1280.jpg\" \/>\n\t<meta property=\"og:image:width\" content=\"1280\" \/>\n\t<meta property=\"og:image:height\" content=\"849\" \/>\n\t<meta property=\"og:image:type\" content=\"image\/jpeg\" \/>\n<meta name=\"author\" content=\"admin\" \/>\n<meta name=\"twitter:card\" content=\"summary_large_image\" \/>\n<meta name=\"twitter:label1\" content=\"Szerz\u0151:\" \/>\n\t<meta name=\"twitter:data1\" content=\"admin\" \/>\n\t<meta name=\"twitter:label2\" content=\"Becs\u00fclt olvas\u00e1si id\u0151\" \/>\n\t<meta name=\"twitter:data2\" content=\"5 perc\" \/>\n<script type=\"application\/ld+json\" class=\"yoast-schema-graph\">{\"@context\":\"https:\/\/schema.org\",\"@graph\":[{\"@type\":\"Article\",\"@id\":\"https:\/\/sikertitan.hu\/index.php\/2025\/03\/02\/nok\/#article\",\"isPartOf\":{\"@id\":\"https:\/\/sikertitan.hu\/index.php\/2025\/03\/02\/nok\/\"},\"author\":{\"name\":\"admin\",\"@id\":\"https:\/\/sikertitan.hu\/#\/schema\/person\/62145ff4922604a017d86a9aec58fb10\"},\"headline\":\"Mi kell a n\u0151knek? \u2013 Betekint\u00e9s a n\u0151k ig\u00e9nyeibe!\",\"datePublished\":\"2025-03-02T10:15:47+00:00\",\"dateModified\":\"2025-03-02T10:15:48+00:00\",\"mainEntityOfPage\":{\"@id\":\"https:\/\/sikertitan.hu\/index.php\/2025\/03\/02\/nok\/\"},\"wordCount\":1085,\"commentCount\":0,\"publisher\":{\"@id\":\"https:\/\/sikertitan.hu\/#organization\"},\"image\":{\"@id\":\"https:\/\/sikertitan.hu\/index.php\/2025\/03\/02\/nok\/#primaryimage\"},\"thumbnailUrl\":\"https:\/\/sikertitan.hu\/wp-content\/uploads\/2025\/03\/woman-5864279_1280.jpg\",\"keywords\":[\"eg\u00e9szs\u00e9ges \u00e9letm\u00f3d\",\"\u00e9rzelmek\",\"ig\u00e9nyek\",\"inspir\u00e1ci\u00f3\",\"n\u0151i c\u00e9lcsoport\",\"n\u0151i v\u00e1s\u00e1rl\u00f3k\",\"n\u0151k\",\"n\u0151knek \u00e9rt\u00e9kes\u00edt\u00e9s\",\"rosszfi\u00fak \u00e9s n\u0151k\",\"siker\"],\"articleSection\":[\"Inspir\u00e1ci\u00f3\"],\"inLanguage\":\"hu\",\"potentialAction\":[{\"@type\":\"CommentAction\",\"name\":\"Comment\",\"target\":[\"https:\/\/sikertitan.hu\/index.php\/2025\/03\/02\/nok\/#respond\"]}]},{\"@type\":\"WebPage\",\"@id\":\"https:\/\/sikertitan.hu\/index.php\/2025\/03\/02\/nok\/\",\"url\":\"https:\/\/sikertitan.hu\/index.php\/2025\/03\/02\/nok\/\",\"name\":\"Mi kell a n\u0151knek? \u2013 Betekint\u00e9s a n\u0151k ig\u00e9nyeibe! - Siker Tit\u00e1n\",\"isPartOf\":{\"@id\":\"https:\/\/sikertitan.hu\/#website\"},\"primaryImageOfPage\":{\"@id\":\"https:\/\/sikertitan.hu\/index.php\/2025\/03\/02\/nok\/#primaryimage\"},\"image\":{\"@id\":\"https:\/\/sikertitan.hu\/index.php\/2025\/03\/02\/nok\/#primaryimage\"},\"thumbnailUrl\":\"https:\/\/sikertitan.hu\/wp-content\/uploads\/2025\/03\/woman-5864279_1280.jpg\",\"datePublished\":\"2025-03-02T10:15:47+00:00\",\"dateModified\":\"2025-03-02T10:15:48+00:00\",\"description\":\"A n\u0151k gondolkod\u00e1sa \u00e9s \u00e9rzelmi vil\u00e1ga gyakran rejt\u00e9lyesnek t\u0171nik a f\u00e9rfiak sz\u00e1m\u00e1ra, pedig bizonyos elv\u00e1r\u00e1sok univerz\u00e1lisak a legt\u00f6bb esetben.\",\"breadcrumb\":{\"@id\":\"https:\/\/sikertitan.hu\/index.php\/2025\/03\/02\/nok\/#breadcrumb\"},\"inLanguage\":\"hu\",\"potentialAction\":[{\"@type\":\"ReadAction\",\"target\":[\"https:\/\/sikertitan.hu\/index.php\/2025\/03\/02\/nok\/\"]}]},{\"@type\":\"ImageObject\",\"inLanguage\":\"hu\",\"@id\":\"https:\/\/sikertitan.hu\/index.php\/2025\/03\/02\/nok\/#primaryimage\",\"url\":\"https:\/\/sikertitan.hu\/wp-content\/uploads\/2025\/03\/woman-5864279_1280.jpg\",\"contentUrl\":\"https:\/\/sikertitan.hu\/wp-content\/uploads\/2025\/03\/woman-5864279_1280.jpg\",\"width\":\"1280\",\"height\":\"849\",\"caption\":\"nok\"},{\"@type\":\"BreadcrumbList\",\"@id\":\"https:\/\/sikertitan.hu\/index.php\/2025\/03\/02\/nok\/#breadcrumb\",\"itemListElement\":[{\"@type\":\"ListItem\",\"position\":1,\"name\":\"Kezd\u0151lap\",\"item\":\"https:\/\/sikertitan.hu\/\"},{\"@type\":\"ListItem\",\"position\":2,\"name\":\"Mi kell a n\u0151knek? \u2013 Betekint\u00e9s a n\u0151k ig\u00e9nyeibe!\"}]},{\"@type\":\"WebSite\",\"@id\":\"https:\/\/sikertitan.hu\/#website\",\"url\":\"https:\/\/sikertitan.hu\/\",\"name\":\"Siker Tit\u00e1n\",\"description\":\"Inspir\u00e1ci\u00f3, fejl\u0151d\u00e9s \u00e9s gy\u0151zelem blogoldala\",\"publisher\":{\"@id\":\"https:\/\/sikertitan.hu\/#organization\"},\"potentialAction\":[{\"@type\":\"SearchAction\",\"target\":{\"@type\":\"EntryPoint\",\"urlTemplate\":\"https:\/\/sikertitan.hu\/?s={search_term_string}\"},\"query-input\":{\"@type\":\"PropertyValueSpecification\",\"valueRequired\":true,\"valueName\":\"search_term_string\"}}],\"inLanguage\":\"hu\"},{\"@type\":\"Organization\",\"@id\":\"https:\/\/sikertitan.hu\/#organization\",\"name\":\"Siker Tit\u00e1n\",\"url\":\"https:\/\/sikertitan.hu\/\",\"logo\":{\"@type\":\"ImageObject\",\"inLanguage\":\"hu\",\"@id\":\"https:\/\/sikertitan.hu\/#\/schema\/logo\/image\/\",\"url\":\"https:\/\/sikertitan.hu\/wp-content\/uploads\/2024\/11\/cropped-Idezet-1080-x-400-keppont-1.png\",\"contentUrl\":\"https:\/\/sikertitan.hu\/wp-content\/uploads\/2024\/11\/cropped-Idezet-1080-x-400-keppont-1.png\",\"width\":878,\"height\":318,\"caption\":\"Siker Tit\u00e1n\"},\"image\":{\"@id\":\"https:\/\/sikertitan.hu\/#\/schema\/logo\/image\/\"}},{\"@type\":\"Person\",\"@id\":\"https:\/\/sikertitan.hu\/#\/schema\/person\/62145ff4922604a017d86a9aec58fb10\",\"name\":\"admin\",\"image\":{\"@type\":\"ImageObject\",\"inLanguage\":\"hu\",\"@id\":\"https:\/\/sikertitan.hu\/#\/schema\/person\/image\/\",\"url\":\"https:\/\/secure.gravatar.com\/avatar\/1707361b7c492b08f0be8d8db0253c8d889b1bc2036afdcdb5de7c557a631ba9?s=96&d=mm&r=g\",\"contentUrl\":\"https:\/\/secure.gravatar.com\/avatar\/1707361b7c492b08f0be8d8db0253c8d889b1bc2036afdcdb5de7c557a631ba9?s=96&d=mm&r=g\",\"caption\":\"admin\"},\"sameAs\":[\"https:\/\/sikertitan.hu\"],\"url\":\"https:\/\/sikertitan.hu\/index.php\/author\/sikertitan\/\"}]}<\/script>\n<!-- \/ Yoast SEO plugin. -->","yoast_head_json":{"title":"Mi kell a n\u0151knek? \u2013 Betekint\u00e9s a n\u0151k ig\u00e9nyeibe! - Siker Tit\u00e1n","description":"A n\u0151k gondolkod\u00e1sa \u00e9s \u00e9rzelmi vil\u00e1ga gyakran rejt\u00e9lyesnek t\u0171nik a f\u00e9rfiak sz\u00e1m\u00e1ra, pedig bizonyos elv\u00e1r\u00e1sok univerz\u00e1lisak a legt\u00f6bb esetben.","robots":{"index":"index","follow":"follow","max-snippet":"max-snippet:-1","max-image-preview":"max-image-preview:large","max-video-preview":"max-video-preview:-1"},"canonical":"https:\/\/sikertitan.hu\/index.php\/2025\/03\/02\/nok\/","og_locale":"hu_HU","og_type":"article","og_title":"Mi kell a n\u0151knek? \u2013 Betekint\u00e9s a n\u0151k ig\u00e9nyeibe! - Siker Tit\u00e1n","og_description":"A n\u0151k gondolkod\u00e1sa \u00e9s \u00e9rzelmi vil\u00e1ga gyakran rejt\u00e9lyesnek t\u0171nik a f\u00e9rfiak sz\u00e1m\u00e1ra, pedig bizonyos elv\u00e1r\u00e1sok univerz\u00e1lisak a legt\u00f6bb esetben.","og_url":"https:\/\/sikertitan.hu\/index.php\/2025\/03\/02\/nok\/","og_site_name":"Siker Tit\u00e1n","article_published_time":"2025-03-02T10:15:47+00:00","article_modified_time":"2025-03-02T10:15:48+00:00","og_image":[{"width":1280,"height":849,"url":"https:\/\/sikertitan.hu\/wp-content\/uploads\/2025\/03\/woman-5864279_1280.jpg","type":"image\/jpeg"}],"author":"admin","twitter_card":"summary_large_image","twitter_misc":{"Szerz\u0151:":"admin","Becs\u00fclt olvas\u00e1si id\u0151":"5 perc"},"schema":{"@context":"https:\/\/schema.org","@graph":[{"@type":"Article","@id":"https:\/\/sikertitan.hu\/index.php\/2025\/03\/02\/nok\/#article","isPartOf":{"@id":"https:\/\/sikertitan.hu\/index.php\/2025\/03\/02\/nok\/"},"author":{"name":"admin","@id":"https:\/\/sikertitan.hu\/#\/schema\/person\/62145ff4922604a017d86a9aec58fb10"},"headline":"Mi kell a n\u0151knek? \u2013 Betekint\u00e9s a n\u0151k ig\u00e9nyeibe!","datePublished":"2025-03-02T10:15:47+00:00","dateModified":"2025-03-02T10:15:48+00:00","mainEntityOfPage":{"@id":"https:\/\/sikertitan.hu\/index.php\/2025\/03\/02\/nok\/"},"wordCount":1085,"commentCount":0,"publisher":{"@id":"https:\/\/sikertitan.hu\/#organization"},"image":{"@id":"https:\/\/sikertitan.hu\/index.php\/2025\/03\/02\/nok\/#primaryimage"},"thumbnailUrl":"https:\/\/sikertitan.hu\/wp-content\/uploads\/2025\/03\/woman-5864279_1280.jpg","keywords":["eg\u00e9szs\u00e9ges \u00e9letm\u00f3d","\u00e9rzelmek","ig\u00e9nyek","inspir\u00e1ci\u00f3","n\u0151i c\u00e9lcsoport","n\u0151i v\u00e1s\u00e1rl\u00f3k","n\u0151k","n\u0151knek \u00e9rt\u00e9kes\u00edt\u00e9s","rosszfi\u00fak \u00e9s n\u0151k","siker"],"articleSection":["Inspir\u00e1ci\u00f3"],"inLanguage":"hu","potentialAction":[{"@type":"CommentAction","name":"Comment","target":["https:\/\/sikertitan.hu\/index.php\/2025\/03\/02\/nok\/#respond"]}]},{"@type":"WebPage","@id":"https:\/\/sikertitan.hu\/index.php\/2025\/03\/02\/nok\/","url":"https:\/\/sikertitan.hu\/index.php\/2025\/03\/02\/nok\/","name":"Mi kell a n\u0151knek? \u2013 Betekint\u00e9s a n\u0151k ig\u00e9nyeibe! - Siker Tit\u00e1n","isPartOf":{"@id":"https:\/\/sikertitan.hu\/#website"},"primaryImageOfPage":{"@id":"https:\/\/sikertitan.hu\/index.php\/2025\/03\/02\/nok\/#primaryimage"},"image":{"@id":"https:\/\/sikertitan.hu\/index.php\/2025\/03\/02\/nok\/#primaryimage"},"thumbnailUrl":"https:\/\/sikertitan.hu\/wp-content\/uploads\/2025\/03\/woman-5864279_1280.jpg","datePublished":"2025-03-02T10:15:47+00:00","dateModified":"2025-03-02T10:15:48+00:00","description":"A n\u0151k gondolkod\u00e1sa \u00e9s \u00e9rzelmi vil\u00e1ga gyakran rejt\u00e9lyesnek t\u0171nik a f\u00e9rfiak sz\u00e1m\u00e1ra, pedig bizonyos elv\u00e1r\u00e1sok univerz\u00e1lisak a legt\u00f6bb esetben.","breadcrumb":{"@id":"https:\/\/sikertitan.hu\/index.php\/2025\/03\/02\/nok\/#breadcrumb"},"inLanguage":"hu","potentialAction":[{"@type":"ReadAction","target":["https:\/\/sikertitan.hu\/index.php\/2025\/03\/02\/nok\/"]}]},{"@type":"ImageObject","inLanguage":"hu","@id":"https:\/\/sikertitan.hu\/index.php\/2025\/03\/02\/nok\/#primaryimage","url":"https:\/\/sikertitan.hu\/wp-content\/uploads\/2025\/03\/woman-5864279_1280.jpg","contentUrl":"https:\/\/sikertitan.hu\/wp-content\/uploads\/2025\/03\/woman-5864279_1280.jpg","width":"1280","height":"849","caption":"nok"},{"@type":"BreadcrumbList","@id":"https:\/\/sikertitan.hu\/index.php\/2025\/03\/02\/nok\/#breadcrumb","itemListElement":[{"@type":"ListItem","position":1,"name":"Kezd\u0151lap","item":"https:\/\/sikertitan.hu\/"},{"@type":"ListItem","position":2,"name":"Mi kell a n\u0151knek? \u2013 Betekint\u00e9s a n\u0151k ig\u00e9nyeibe!"}]},{"@type":"WebSite","@id":"https:\/\/sikertitan.hu\/#website","url":"https:\/\/sikertitan.hu\/","name":"Siker Tit\u00e1n","description":"Inspir\u00e1ci\u00f3, fejl\u0151d\u00e9s \u00e9s gy\u0151zelem blogoldala","publisher":{"@id":"https:\/\/sikertitan.hu\/#organization"},"potentialAction":[{"@type":"SearchAction","target":{"@type":"EntryPoint","urlTemplate":"https:\/\/sikertitan.hu\/?s={search_term_string}"},"query-input":{"@type":"PropertyValueSpecification","valueRequired":true,"valueName":"search_term_string"}}],"inLanguage":"hu"},{"@type":"Organization","@id":"https:\/\/sikertitan.hu\/#organization","name":"Siker Tit\u00e1n","url":"https:\/\/sikertitan.hu\/","logo":{"@type":"ImageObject","inLanguage":"hu","@id":"https:\/\/sikertitan.hu\/#\/schema\/logo\/image\/","url":"https:\/\/sikertitan.hu\/wp-content\/uploads\/2024\/11\/cropped-Idezet-1080-x-400-keppont-1.png","contentUrl":"https:\/\/sikertitan.hu\/wp-content\/uploads\/2024\/11\/cropped-Idezet-1080-x-400-keppont-1.png","width":878,"height":318,"caption":"Siker Tit\u00e1n"},"image":{"@id":"https:\/\/sikertitan.hu\/#\/schema\/logo\/image\/"}},{"@type":"Person","@id":"https:\/\/sikertitan.hu\/#\/schema\/person\/62145ff4922604a017d86a9aec58fb10","name":"admin","image":{"@type":"ImageObject","inLanguage":"hu","@id":"https:\/\/sikertitan.hu\/#\/schema\/person\/image\/","url":"https:\/\/secure.gravatar.com\/avatar\/1707361b7c492b08f0be8d8db0253c8d889b1bc2036afdcdb5de7c557a631ba9?s=96&d=mm&r=g","contentUrl":"https:\/\/secure.gravatar.com\/avatar\/1707361b7c492b08f0be8d8db0253c8d889b1bc2036afdcdb5de7c557a631ba9?s=96&d=mm&r=g","caption":"admin"},"sameAs":["https:\/\/sikertitan.hu"],"url":"https:\/\/sikertitan.hu\/index.php\/author\/sikertitan\/"}]}},"views":94,"featured_image_urls":{"full":["https:\/\/sikertitan.hu\/wp-content\/uploads\/2025\/03\/woman-5864279_1280.jpg",1280,849,false],"thumbnail":["https:\/\/sikertitan.hu\/wp-content\/uploads\/2025\/03\/woman-5864279_1280-150x150.jpg",150,150,true],"medium":["https:\/\/sikertitan.hu\/wp-content\/uploads\/2025\/03\/woman-5864279_1280-300x199.jpg",300,199,true],"medium_large":["https:\/\/sikertitan.hu\/wp-content\/uploads\/2025\/03\/woman-5864279_1280-768x509.jpg",640,424,true],"large":["https:\/\/sikertitan.hu\/wp-content\/uploads\/2025\/03\/woman-5864279_1280-1024x679.jpg",640,424,true],"1536x1536":["https:\/\/sikertitan.hu\/wp-content\/uploads\/2025\/03\/woman-5864279_1280.jpg",1280,849,false],"2048x2048":["https:\/\/sikertitan.hu\/wp-content\/uploads\/2025\/03\/woman-5864279_1280.jpg",1280,849,false],"pubnews-featured":["https:\/\/sikertitan.hu\/wp-content\/uploads\/2025\/03\/woman-5864279_1280-1020x700.jpg",1020,700,true],"pubnews-list":["https:\/\/sikertitan.hu\/wp-content\/uploads\/2025\/03\/woman-5864279_1280-600x400.jpg",600,400,true],"pubnews-thumb":["https:\/\/sikertitan.hu\/wp-content\/uploads\/2025\/03\/woman-5864279_1280-300x200.jpg",300,200,true],"pubnews-small":["https:\/\/sikertitan.hu\/wp-content\/uploads\/2025\/03\/woman-5864279_1280-150x95.jpg",150,95,true],"pubnews-grid":["https:\/\/sikertitan.hu\/wp-content\/uploads\/2025\/03\/woman-5864279_1280-400x250.jpg",400,250,true]},"author_info":{"display_name":"admin","author_link":"https:\/\/sikertitan.hu\/index.php\/author\/sikertitan\/"},"category_info":"<a href=\"https:\/\/sikertitan.hu\/index.php\/category\/inspiracio\/\" rel=\"category tag\">Inspir\u00e1ci\u00f3<\/a>","tag_info":"Inspir\u00e1ci\u00f3","comment_count":"0","_links":{"self":[{"href":"https:\/\/sikertitan.hu\/index.php\/wp-json\/wp\/v2\/posts\/959","targetHints":{"allow":["GET"]}}],"collection":[{"href":"https:\/\/sikertitan.hu\/index.php\/wp-json\/wp\/v2\/posts"}],"about":[{"href":"https:\/\/sikertitan.hu\/index.php\/wp-json\/wp\/v2\/types\/post"}],"author":[{"embeddable":true,"href":"https:\/\/sikertitan.hu\/index.php\/wp-json\/wp\/v2\/users\/1"}],"replies":[{"embeddable":true,"href":"https:\/\/sikertitan.hu\/index.php\/wp-json\/wp\/v2\/comments?post=959"}],"version-history":[{"count":1,"href":"https:\/\/sikertitan.hu\/index.php\/wp-json\/wp\/v2\/posts\/959\/revisions"}],"predecessor-version":[{"id":964,"href":"https:\/\/sikertitan.hu\/index.php\/wp-json\/wp\/v2\/posts\/959\/revisions\/964"}],"wp:featuredmedia":[{"embeddable":true,"href":"https:\/\/sikertitan.hu\/index.php\/wp-json\/wp\/v2\/media\/960"}],"wp:attachment":[{"href":"https:\/\/sikertitan.hu\/index.php\/wp-json\/wp\/v2\/media?parent=959"}],"wp:term":[{"taxonomy":"category","embeddable":true,"href":"https:\/\/sikertitan.hu\/index.php\/wp-json\/wp\/v2\/categories?post=959"},{"taxonomy":"post_tag","embeddable":true,"href":"https:\/\/sikertitan.hu\/index.php\/wp-json\/wp\/v2\/tags?post=959"}],"curies":[{"name":"wp","href":"https:\/\/api.w.org\/{rel}","templated":true}]}}