{"id":878,"date":"2025-02-14T16:18:54","date_gmt":"2025-02-14T16:18:54","guid":{"rendered":"https:\/\/sikertitan.hu\/?p=878"},"modified":"2025-02-14T16:18:54","modified_gmt":"2025-02-14T16:18:54","slug":"mark-zuckerberg","status":"publish","type":"post","link":"https:\/\/sikertitan.hu\/index.php\/2025\/02\/14\/mark-zuckerberg\/","title":{"rendered":"Mark Zuckerberg: A Facebook alap\u00edt\u00f3ja \u00e9s siker\u00e9nek titka"},"content":{"rendered":"\n<p class=\"wp-block-paragraph\">Mark Zuckerberg neve m\u00e1ra egyet jelent az egyik legnagyobb technol\u00f3giai birodalommal, a <strong>Facebookkal (ma m\u00e1r Meta)<\/strong>. Egyetemi koll\u00e9giumi szob\u00e1j\u00e1b\u00f3l indult el, \u00e9s p\u00e1r \u00e9v alatt az egyik <strong>legbefoly\u00e1sosabb emberr\u00e9<\/strong> v\u00e1lt a digit\u00e1lis vil\u00e1gban.<\/p>\n\n\n\n<p class=\"wp-block-paragraph\">De hogyan jutott el id\u00e1ig? Mi tette \u0151t ennyire sikeress\u00e9? Ebben a cikkben megvizsg\u00e1ljuk <strong>Mark Zuckerberg \u00e9let\u00fatj\u00e1t, a Facebook sz\u00fclet\u00e9s\u00e9t \u00e9s azt, hogy milyen kulcsfontoss\u00e1g\u00fa t\u00e9nyez\u0151k j\u00e1rultak hozz\u00e1 a siker\u00e9hez<\/strong>.<\/p>\n\n\n\n<hr class=\"wp-block-separator has-alpha-channel-opacity\"\/>\n\n\n\n<h2 class=\"wp-block-heading\"><strong>1. Mark Zuckerberg korai \u00e9lete \u00e9s \u00e9rdekl\u0151d\u00e9se a programoz\u00e1s ir\u00e1nt<\/strong><\/h2>\n\n\n\n<p class=\"wp-block-paragraph\">\ud83d\udcc5 <strong>Sz\u00fclet\u00e9si d\u00e1tum:<\/strong> 1984. m\u00e1jus 14.<br>\ud83d\udccd <strong>Sz\u00e1rmaz\u00e1s:<\/strong> White Plains, New York, USA<\/p>\n\n\n\n<p class=\"wp-block-paragraph\">Mark Zuckerberg m\u00e1r <strong>gyermekkor\u00e1ban is kiemelked\u0151 intelligenci\u00e1t mutatott<\/strong>, k\u00fcl\u00f6n\u00f6sen a sz\u00e1m\u00edt\u00e1stechnika \u00e9s a programoz\u00e1s ter\u00e9n. <strong>12 \u00e9vesen<\/strong> k\u00e9sz\u00edtette el els\u0151 szoftver\u00e9t, a <strong>ZuckNetet<\/strong>, amely lehet\u0151v\u00e9 tette a csal\u00e1dja sz\u00e1m\u00e1ra, hogy otthon \u00fczeneteket k\u00fcldjenek egym\u00e1snak a h\u00e1z k\u00fcl\u00f6nb\u00f6z\u0151 szob\u00e1i k\u00f6z\u00f6tt \u2013 tulajdonk\u00e9ppen egy <strong>h\u00e1zon bel\u00fcli chatrendszert fejlesztett ki<\/strong>.<\/p>\n\n\n\n<p class=\"wp-block-paragraph\"><strong>M\u00e1r fiatalon kit\u0171nt tehets\u00e9g\u00e9vel, \u00e9s a k\u00f6z\u00e9piskol\u00e1ban fejlettebb programoz\u00e1si projekteken dolgozott.<\/strong> P\u00e9ld\u00e1ul:<br>\u2705 <strong>&#8222;Synapse&#8221;<\/strong> \u2013 Egy mesters\u00e9ges intelligenci\u00e1val m\u0171k\u00f6d\u0151 zenelej\u00e1tsz\u00f3, amely tanulta a felhaszn\u00e1l\u00f3 zenei \u00edzl\u00e9s\u00e9t. (A Microsoft \u00e9s az AOL meg akarta v\u00e1s\u00e1rolni, de \u0151 elutas\u00edtotta.)<\/p>\n\n\n\n<p class=\"wp-block-paragraph\">Zuckerberg 2002-ben beiratkozott a <strong>Harvard Egyetemre<\/strong>, ahol pszichol\u00f3gi\u00e1t \u00e9s sz\u00e1m\u00edt\u00e1stechnik\u00e1t tanult \u2013 innen indul a Facebook t\u00f6rt\u00e9nete.<\/p>\n\n\n<div class=\"wp-block-image\">\n<figure class=\"aligncenter size-large is-resized\"><img loading=\"lazy\" decoding=\"async\" width=\"1024\" height=\"563\" src=\"https:\/\/sikertitan.hu\/wp-content\/uploads\/2025\/02\/photo-1549813069-f95e44d7f498-1024x563.jpg\" alt=\"Mark Zuckerberg\" class=\"wp-image-880\" style=\"width:500px\" srcset=\"https:\/\/sikertitan.hu\/wp-content\/uploads\/2025\/02\/photo-1549813069-f95e44d7f498-1024x563.jpg 1024w, https:\/\/sikertitan.hu\/wp-content\/uploads\/2025\/02\/photo-1549813069-f95e44d7f498-300x165.jpg 300w, https:\/\/sikertitan.hu\/wp-content\/uploads\/2025\/02\/photo-1549813069-f95e44d7f498-768x422.jpg 768w, https:\/\/sikertitan.hu\/wp-content\/uploads\/2025\/02\/photo-1549813069-f95e44d7f498-1536x844.jpg 1536w, https:\/\/sikertitan.hu\/wp-content\/uploads\/2025\/02\/photo-1549813069-f95e44d7f498-2048x1126.jpg 2048w\" sizes=\"auto, (max-width: 1024px) 100vw, 1024px\" \/><\/figure>\n<\/div>\n\n\n<hr class=\"wp-block-separator has-alpha-channel-opacity\"\/>\n\n\n\n<h2 class=\"wp-block-heading\"><strong>2. A Facebook sz\u00fclet\u00e9se: Egyetemi projektb\u0151l glob\u00e1lis \u00f3ri\u00e1s<\/strong><\/h2>\n\n\n\n<h3 class=\"wp-block-heading\"><strong>Hogyan j\u00f6tt az \u00f6tlet?<\/strong><\/h3>\n\n\n\n<p class=\"wp-block-paragraph\">2003-ban, m\u00e9g egyetemistak\u00e9nt, Zuckerberg elk\u00e9sz\u00edtette a <strong>Facemash<\/strong> nev\u0171 weboldalt, amely az egyetem hallgat\u00f3inak k\u00e9peit tette k\u00f6zz\u00e9, \u00e9s lehet\u0151v\u00e9 tette, hogy a l\u00e1togat\u00f3k <strong>szavazzanak, ki a vonz\u00f3bb<\/strong>. B\u00e1r a weboldal r\u00f6vid id\u0151n bel\u00fcl <strong>\u00f3ri\u00e1si n\u00e9pszer\u0171s\u00e9get \u00e9rt el<\/strong>, az egyetem <strong>adatv\u00e9delmi agg\u00e1lyok miatt bez\u00e1ratta<\/strong>.<\/p>\n\n\n\n<p class=\"wp-block-paragraph\"> <strong>Facemash tanuls\u00e1g:<\/strong><\/p>\n\n\n\n<ul class=\"wp-block-list\">\n<li>Az emberek szeretnek <strong>kapcsol\u00f3dni m\u00e1sokhoz \u00e9s \u00e9rt\u00e9kelni egym\u00e1st online<\/strong>.<\/li>\n<\/ul>\n\n\n\n<p class=\"wp-block-paragraph\">Ezt az alap\u00f6tletet fejlesztette tov\u00e1bb, \u00e9s 2004. febru\u00e1r 4-\u00e9n, <strong>egy koll\u00e9giumi szob\u00e1ban l\u00e9trehozta a TheFacebook nev\u0171 platformot<\/strong>.<\/p>\n\n\n\n<h3 class=\"wp-block-heading\"><strong>A Facebook gyors n\u00f6veked\u00e9se<\/strong><\/h3>\n\n\n\n<p class=\"wp-block-paragraph\"> <strong>2004:<\/strong> Csak a Harvard di\u00e1kjai csatlakozhattak.<br> <strong>2005:<\/strong> Kiterjesztett\u00e9k m\u00e1s egyetemekre \u00e9s k\u00f6z\u00e9piskol\u00e1kra.<br> <strong>2006:<\/strong> Mindenki sz\u00e1m\u00e1ra el\u00e9rhet\u0151v\u00e9 v\u00e1lt \u2013 <strong>\u00f3ri\u00e1si fordul\u00f3pont<\/strong>.<\/p>\n\n\n\n<p class=\"wp-block-paragraph\">Mark Zuckerberg nemcsak hogy felismerte az <strong>online k\u00f6z\u00f6ss\u00e9gek erej\u00e9t<\/strong>, hanem folyamatosan fejlesztette \u00e9s optimaliz\u00e1lta a platformot, hogy <strong>min\u00e9l t\u00f6bb embert vonzzon be<\/strong>.<\/p>\n\n\n\n<hr class=\"wp-block-separator has-alpha-channel-opacity\"\/>\n\n\n\n<h2 class=\"wp-block-heading\"><strong>3. Mi\u00e9rt lett ennyire sikeres a Facebook?<\/strong><\/h2>\n\n\n\n<p class=\"wp-block-paragraph\">Zuckerberg siker\u00e9nek egyik titka, hogy <strong>nemcsak egy term\u00e9ket hozott l\u00e9tre, hanem egy forradalmi digit\u00e1lis platformot, amely \u00fajradefini\u00e1lta az online kapcsolatokat<\/strong>.<\/p>\n\n\n\n<p class=\"wp-block-paragraph\"> <strong>A siker kulcsfontoss\u00e1g\u00fa t\u00e9nyez\u0151i:<\/strong><\/p>\n\n\n\n<h3 class=\"wp-block-heading\"><strong>1\ufe0f\u20e3 Felhaszn\u00e1l\u00f3i \u00e9lm\u00e9ny \u00e9s egyszer\u0171s\u00e9g<\/strong><\/h3>\n\n\n\n<ul class=\"wp-block-list\">\n<li>A Facebook egy <strong>letisztult, k\u00f6nnyen haszn\u00e1lhat\u00f3 fel\u00fcletet<\/strong> k\u00edn\u00e1lt, amely az emberek k\u00f6z\u00f6tti kapcsolatokra \u00f6sszpontos\u00edtott.<\/li>\n\n\n\n<li><strong>Hirdet\u00e9sek helyett az \u00e9lm\u00e9ny volt az els\u0151dleges f\u00f3kusz az elej\u00e9n.<\/strong><\/li>\n<\/ul>\n\n\n\n<h3 class=\"wp-block-heading\"><strong>2\ufe0f\u20e3 Innov\u00e1ci\u00f3 \u00e9s folyamatos fejl\u0151d\u00e9s<\/strong><\/h3>\n\n\n\n<ul class=\"wp-block-list\">\n<li><strong>&#8222;News Feed&#8221;<\/strong> (2006) \u2013 Az egyik legnagyobb \u00faj\u00edt\u00e1s, amely lehet\u0151v\u00e9 tette, hogy a felhaszn\u00e1l\u00f3k l\u00e1ss\u00e1k ismer\u0151seik aktivit\u00e1s\u00e1t egy folyamatos h\u00edrfolyamban.<\/li>\n\n\n\n<li><strong>&#8222;Like&#8221; gomb<\/strong> (2009) \u2013 Az egyik legikonikusabb funkci\u00f3, amely azonnali visszajelz\u00e9st biztos\u00edtott.<\/li>\n\n\n\n<li><strong>Mobilalkalmaz\u00e1sok \u00e9s vide\u00f3s tartalmak fejleszt\u00e9se<\/strong>.<\/li>\n<\/ul>\n\n\n\n<h3 class=\"wp-block-heading\"><strong>3\ufe0f\u20e3 A k\u00f6z\u00f6ss\u00e9g ereje<\/strong><\/h3>\n\n\n\n<ul class=\"wp-block-list\">\n<li>A Facebook egy <strong>k\u00f6z\u00f6ss\u00e9gi \u00e9lm\u00e9nyt \u00e9p\u00edtett<\/strong>, amelynek k\u00f6sz\u00f6nhet\u0151en az emberek k\u00f6nnyen kapcsolatba l\u00e9phettek bar\u00e1taikkal \u00e9s csal\u00e1djukkal.<\/li>\n\n\n\n<li>Az ismer\u0151s\u00f6k aktivit\u00e1sa \u00e9s a <strong>csoportok, esem\u00e9nyek, oldalak<\/strong> lehet\u0151s\u00e9get adtak a tartalom gyors terjed\u00e9s\u00e9re.<\/li>\n<\/ul>\n\n\n\n<h3 class=\"wp-block-heading\"><strong>4\ufe0f\u20e3 \u00dczleti modell \u00e9s hirdet\u00e9sek<\/strong><\/h3>\n\n\n\n<ul class=\"wp-block-list\">\n<li>A Facebook ingyenes maradt, de <strong>\u00f3ri\u00e1si rekl\u00e1mbev\u00e9teleket<\/strong> kezdett termelni az\u00e1ltal, hogy <strong>c\u00e9lzott hirdet\u00e9seket k\u00edn\u00e1lt a c\u00e9geknek<\/strong>.<\/li>\n\n\n\n<li>Az AI-alap\u00fa hirdet\u00e9si rendszer seg\u00edtett a v\u00e1llalkoz\u00e1soknak <strong>prec\u00edzen el\u00e9rni a c\u00e9lk\u00f6z\u00f6ns\u00e9g\u00fcket<\/strong>.<\/li>\n<\/ul>\n\n\n<div class=\"wp-block-image\">\n<figure class=\"aligncenter size-full is-resized\"><img loading=\"lazy\" decoding=\"async\" width=\"728\" height=\"410\" src=\"https:\/\/sikertitan.hu\/wp-content\/uploads\/2025\/02\/facebook-world-world-map-map-wallpaper-preview.jpg\" alt=\"Mark Zuckerberg facebook\" class=\"wp-image-881\" style=\"width:500px\" srcset=\"https:\/\/sikertitan.hu\/wp-content\/uploads\/2025\/02\/facebook-world-world-map-map-wallpaper-preview.jpg 728w, https:\/\/sikertitan.hu\/wp-content\/uploads\/2025\/02\/facebook-world-world-map-map-wallpaper-preview-300x169.jpg 300w\" sizes=\"auto, (max-width: 728px) 100vw, 728px\" \/><\/figure>\n<\/div>\n\n\n<hr class=\"wp-block-separator has-alpha-channel-opacity\"\/>\n\n\n\n<h2 class=\"wp-block-heading\"><strong>4. A Meta korszak \u00e9s a j\u00f6v\u0151<\/strong><\/h2>\n\n\n\n<p class=\"wp-block-paragraph\"> <strong>2012:<\/strong> A Facebook <strong>t\u0151zsd\u00e9re ment<\/strong>, \u00e9s Zuckerberg a vil\u00e1g egyik legfiatalabb milli\u00e1rdosa lett.<br> <strong>2014:<\/strong> Felv\u00e1s\u00e1rolt\u00e1k a WhatsAppot \u00e9s az Oculust.<br> <strong>2021:<\/strong> A Facebook hivatalosan is <strong>\u00e1tnevezte mag\u00e1t Met\u00e1ra<\/strong>, hogy hangs\u00falyozza a <strong>metaverzum \u00e9s az AI technol\u00f3gi\u00e1k fel\u00e9 val\u00f3 nyit\u00e1st<\/strong>.<\/p>\n\n\n\n<p class=\"wp-block-paragraph\"> <strong>A Meta c\u00e9lja:<\/strong><\/p>\n\n\n\n<ul class=\"wp-block-list\">\n<li>A <strong>virtu\u00e1lis val\u00f3s\u00e1g \u00e9s a metaverzum fejleszt\u00e9se<\/strong>.<\/li>\n\n\n\n<li>Az AI \u00e9s az adatvez\u00e9relt platformok tov\u00e1bbfejleszt\u00e9se.<\/li>\n\n\n\n<li>A k\u00f6z\u00f6ss\u00e9gi m\u00e9dia <strong>\u00faj gener\u00e1ci\u00f3j\u00e1nak megteremt\u00e9se<\/strong>.<\/li>\n<\/ul>\n\n\n\n<hr class=\"wp-block-separator has-alpha-channel-opacity\"\/>\n\n\n\n<h2 class=\"wp-block-heading\"><strong>5. Mark Zuckerberg siker\u00e9nek titka<\/strong><\/h2>\n\n\n\n<p class=\"wp-block-paragraph\"> <strong>V\u00edzi\u00f3 \u00e9s kitart\u00e1s<\/strong> \u2013 Mindig el\u0151re gondolkodott \u00e9s nem hagyta, hogy a kezdeti neh\u00e9zs\u00e9gek elt\u00e1ntor\u00edts\u00e1k.<br> <strong>Kock\u00e1zatv\u00e1llal\u00e1s<\/strong> \u2013 Lemondott az egyetemi tanulm\u00e1nyair\u00f3l, hogy teljes m\u00e9rt\u00e9kben a Facebookra koncentr\u00e1ljon.<br> <strong>F\u00f3kusz a felhaszn\u00e1l\u00f3i \u00e9lm\u00e9nyen<\/strong> \u2013 A Facebook mindig arra \u00f6sszpontos\u00edtott, hogy a felhaszn\u00e1l\u00f3k \u00e9lvezz\u00e9k a platformot.<br> <strong>Gyors alkalmazkod\u00e1s<\/strong> \u2013 Az \u00faj technol\u00f3gi\u00e1k be\u00e9p\u00edt\u00e9se \u00e9s a versenyt\u00e1rsakhoz val\u00f3 alkalmazkod\u00e1s seg\u00edtette a n\u00f6veked\u00e9st.<\/p>\n\n\n<div class=\"wp-block-image\">\n<figure class=\"aligncenter size-large is-resized\"><img loading=\"lazy\" decoding=\"async\" width=\"1024\" height=\"576\" src=\"https:\/\/sikertitan.hu\/wp-content\/uploads\/2025\/02\/1251792-3840x2160-desktop-4k-facebook-wallpaper-1024x576.jpg\" alt=\"\" class=\"wp-image-882\" style=\"width:500px\" srcset=\"https:\/\/sikertitan.hu\/wp-content\/uploads\/2025\/02\/1251792-3840x2160-desktop-4k-facebook-wallpaper-1024x576.jpg 1024w, https:\/\/sikertitan.hu\/wp-content\/uploads\/2025\/02\/1251792-3840x2160-desktop-4k-facebook-wallpaper-300x169.jpg 300w, https:\/\/sikertitan.hu\/wp-content\/uploads\/2025\/02\/1251792-3840x2160-desktop-4k-facebook-wallpaper-768x432.jpg 768w, https:\/\/sikertitan.hu\/wp-content\/uploads\/2025\/02\/1251792-3840x2160-desktop-4k-facebook-wallpaper-1536x864.jpg 1536w, https:\/\/sikertitan.hu\/wp-content\/uploads\/2025\/02\/1251792-3840x2160-desktop-4k-facebook-wallpaper-2048x1152.jpg 2048w\" sizes=\"auto, (max-width: 1024px) 100vw, 1024px\" \/><\/figure>\n<\/div>\n\n\n<hr class=\"wp-block-separator has-alpha-channel-opacity\"\/>\n\n\n\n<h2 class=\"wp-block-heading\"><strong>\u00d6sszegz\u00e9s: Zuckerberg \u00e9s a Facebook hat\u00e1sa a vil\u00e1gra<\/strong><\/h2>\n\n\n\n<p class=\"wp-block-paragraph\"><strong>Mark Zuckerberg egy forradalmi \u00f6tletb\u0151l \u00e9p\u00edtett glob\u00e1lis birodalmat<\/strong>. A Facebook nemcsak egy k\u00f6z\u00f6ss\u00e9gi h\u00e1l\u00f3zat, hanem <strong>a modern kommunik\u00e1ci\u00f3 egyik alapvet\u0151 eszk\u00f6ze<\/strong> lett.<\/p>\n\n\n\n<p class=\"wp-block-paragraph\"> <strong>A Facebook (Meta) mai hat\u00e1sa:<\/strong><\/p>\n\n\n\n<ul class=\"wp-block-list\">\n<li>T\u00f6bb milli\u00e1rd ember haszn\u00e1lja naponta.<\/li>\n\n\n\n<li>Az egyik legnagyobb hirdet\u00e9si platform a vil\u00e1gon.<\/li>\n\n\n\n<li>Folyamatosan alak\u00edtja a digit\u00e1lis vil\u00e1got, bele\u00e9rtve az AI \u00e9s a metaverzum j\u00f6v\u0151j\u00e9t.<\/li>\n<\/ul>\n\n\n\n<p class=\"wp-block-paragraph\">\ud83d\ude80 <strong>Zuckerberg t\u00f6rt\u00e9nete bizony\u00edtja, hogy egy j\u00f3 \u00f6tlet \u00e9s kitart\u00e1s r\u00e9v\u00e9n b\u00e1rki el\u00e9rheti a vil\u00e1g egyik legnagyobb sikert\u00f6rt\u00e9net\u00e9t!<\/strong> \ud83d\ude80<\/p>\n","protected":false},"excerpt":{"rendered":"<p>Mark Zuckerberg neve m\u00e1ra egyet jelent az egyik legnagyobb technol\u00f3giai birodalommal, a Facebookkal (ma m\u00e1r Meta). Egyetemi koll\u00e9giumi szob\u00e1j\u00e1b\u00f3l indult el, \u00e9s p\u00e1r \u00e9v alatt az egyik legbefoly\u00e1sosabb emberr\u00e9 v\u00e1lt a digit\u00e1lis vil\u00e1gban. De hogyan jutott el id\u00e1ig? Mi tette \u0151t ennyire sikeress\u00e9? Ebben a cikkben megvizsg\u00e1ljuk Mark Zuckerberg \u00e9let\u00fatj\u00e1t, a Facebook sz\u00fclet\u00e9s\u00e9t \u00e9s azt,&#8230;<\/p>\n","protected":false},"author":1,"featured_media":879,"comment_status":"open","ping_status":"open","sticky":false,"template":"","format":"standard","meta":{"footnotes":""},"categories":[10],"tags":[116,503,505,508,655,504,146,509,25,82,654,16,14,44,18,567,470,282],"class_list":["post-878","post","type-post","status-publish","format-standard","has-post-thumbnail","hentry","category-tortenetek","tag-allaskereses","tag-anyagi-siker","tag-bejelentkezes-nelkuli-facebook","tag-esemenyek-facebookon","tag-facebook","tag-facebook-hasznalata","tag-facebook-marketplace","tag-fiok-nelkuli-facebook","tag-inspiracio","tag-kozossegi-media","tag-mark-zuckerberg","tag-marketing","tag-online","tag-penzkereses","tag-siker","tag-siker-es-kitartas","tag-sikeres-elet","tag-sikeres-vallalkozas"],"yoast_head":"<!-- This site is optimized with the Yoast SEO plugin v25.5 - https:\/\/yoast.com\/wordpress\/plugins\/seo\/ -->\n<title>Mark Zuckerberg: A Facebook alap\u00edt\u00f3ja \u00e9s siker\u00e9nek titka - Siker Tit\u00e1n<\/title>\n<meta name=\"description\" content=\"Ebben a cikkben megvizsg\u00e1ljuk Mark Zuckerberg \u00e9let\u00fatj\u00e1t, a Facebook sz\u00fclet\u00e9s\u00e9t \u00e9s azt, hogy milyen t\u00e9nyez\u0151k j\u00e1rultak hozz\u00e1 a siker\u00e9hez.\" \/>\n<meta name=\"robots\" content=\"index, follow, max-snippet:-1, max-image-preview:large, max-video-preview:-1\" \/>\n<link rel=\"canonical\" href=\"https:\/\/sikertitan.hu\/index.php\/2025\/02\/14\/mark-zuckerberg\/\" \/>\n<meta property=\"og:locale\" content=\"hu_HU\" \/>\n<meta property=\"og:type\" content=\"article\" \/>\n<meta property=\"og:title\" content=\"Mark Zuckerberg: A Facebook alap\u00edt\u00f3ja \u00e9s siker\u00e9nek titka - Siker Tit\u00e1n\" \/>\n<meta property=\"og:description\" content=\"Ebben a cikkben megvizsg\u00e1ljuk Mark Zuckerberg \u00e9let\u00fatj\u00e1t, a Facebook sz\u00fclet\u00e9s\u00e9t \u00e9s azt, hogy milyen t\u00e9nyez\u0151k j\u00e1rultak hozz\u00e1 a siker\u00e9hez.\" \/>\n<meta property=\"og:url\" content=\"https:\/\/sikertitan.hu\/index.php\/2025\/02\/14\/mark-zuckerberg\/\" \/>\n<meta property=\"og:site_name\" content=\"Siker Tit\u00e1n\" \/>\n<meta property=\"article:published_time\" content=\"2025-02-14T16:18:54+00:00\" \/>\n<meta property=\"og:image\" content=\"https:\/\/sikertitan.hu\/wp-content\/uploads\/2025\/02\/8d397012b3274978f3545fdb437b9eee.jpg\" \/>\n\t<meta property=\"og:image:width\" content=\"940\" \/>\n\t<meta property=\"og:image:height\" content=\"528\" \/>\n\t<meta property=\"og:image:type\" content=\"image\/jpeg\" \/>\n<meta name=\"author\" content=\"admin\" \/>\n<meta name=\"twitter:card\" content=\"summary_large_image\" \/>\n<meta name=\"twitter:label1\" content=\"Szerz\u0151:\" \/>\n\t<meta name=\"twitter:data1\" content=\"admin\" \/>\n\t<meta name=\"twitter:label2\" content=\"Becs\u00fclt olvas\u00e1si id\u0151\" \/>\n\t<meta name=\"twitter:data2\" content=\"5 perc\" \/>\n<script type=\"application\/ld+json\" class=\"yoast-schema-graph\">{\"@context\":\"https:\/\/schema.org\",\"@graph\":[{\"@type\":\"Article\",\"@id\":\"https:\/\/sikertitan.hu\/index.php\/2025\/02\/14\/mark-zuckerberg\/#article\",\"isPartOf\":{\"@id\":\"https:\/\/sikertitan.hu\/index.php\/2025\/02\/14\/mark-zuckerberg\/\"},\"author\":{\"name\":\"admin\",\"@id\":\"https:\/\/sikertitan.hu\/#\/schema\/person\/62145ff4922604a017d86a9aec58fb10\"},\"headline\":\"Mark Zuckerberg: A Facebook alap\u00edt\u00f3ja \u00e9s siker\u00e9nek titka\",\"datePublished\":\"2025-02-14T16:18:54+00:00\",\"mainEntityOfPage\":{\"@id\":\"https:\/\/sikertitan.hu\/index.php\/2025\/02\/14\/mark-zuckerberg\/\"},\"wordCount\":1016,\"commentCount\":0,\"publisher\":{\"@id\":\"https:\/\/sikertitan.hu\/#organization\"},\"image\":{\"@id\":\"https:\/\/sikertitan.hu\/index.php\/2025\/02\/14\/mark-zuckerberg\/#primaryimage\"},\"thumbnailUrl\":\"https:\/\/sikertitan.hu\/wp-content\/uploads\/2025\/02\/8d397012b3274978f3545fdb437b9eee.jpg\",\"keywords\":[\"\u00e1ll\u00e1skeres\u00e9s\",\"anyagi siker\",\"bejelentkez\u00e9s n\u00e9lk\u00fcli Facebook\",\"esem\u00e9nyek Facebookon\",\"facebook\",\"Facebook haszn\u00e1lata\",\"Facebook Marketplace\",\"fi\u00f3k n\u00e9lk\u00fcli Facebook\",\"inspir\u00e1ci\u00f3\",\"k\u00f6z\u00f6ss\u00e9gi m\u00e9dia\",\"Mark Zuckerberg\",\"marketing\",\"online\",\"p\u00e9nzkeres\u00e9s\",\"siker\",\"siker \u00e9s kitart\u00e1s\",\"sikeres \u00e9let\",\"sikeres v\u00e1llalkoz\u00e1s\"],\"articleSection\":[\"T\u00f6rt\u00e9netek\"],\"inLanguage\":\"hu\",\"potentialAction\":[{\"@type\":\"CommentAction\",\"name\":\"Comment\",\"target\":[\"https:\/\/sikertitan.hu\/index.php\/2025\/02\/14\/mark-zuckerberg\/#respond\"]}]},{\"@type\":\"WebPage\",\"@id\":\"https:\/\/sikertitan.hu\/index.php\/2025\/02\/14\/mark-zuckerberg\/\",\"url\":\"https:\/\/sikertitan.hu\/index.php\/2025\/02\/14\/mark-zuckerberg\/\",\"name\":\"Mark Zuckerberg: A Facebook alap\u00edt\u00f3ja \u00e9s siker\u00e9nek titka - Siker Tit\u00e1n\",\"isPartOf\":{\"@id\":\"https:\/\/sikertitan.hu\/#website\"},\"primaryImageOfPage\":{\"@id\":\"https:\/\/sikertitan.hu\/index.php\/2025\/02\/14\/mark-zuckerberg\/#primaryimage\"},\"image\":{\"@id\":\"https:\/\/sikertitan.hu\/index.php\/2025\/02\/14\/mark-zuckerberg\/#primaryimage\"},\"thumbnailUrl\":\"https:\/\/sikertitan.hu\/wp-content\/uploads\/2025\/02\/8d397012b3274978f3545fdb437b9eee.jpg\",\"datePublished\":\"2025-02-14T16:18:54+00:00\",\"description\":\"Ebben a cikkben megvizsg\u00e1ljuk Mark Zuckerberg \u00e9let\u00fatj\u00e1t, a Facebook sz\u00fclet\u00e9s\u00e9t \u00e9s azt, hogy milyen t\u00e9nyez\u0151k j\u00e1rultak hozz\u00e1 a siker\u00e9hez.\",\"breadcrumb\":{\"@id\":\"https:\/\/sikertitan.hu\/index.php\/2025\/02\/14\/mark-zuckerberg\/#breadcrumb\"},\"inLanguage\":\"hu\",\"potentialAction\":[{\"@type\":\"ReadAction\",\"target\":[\"https:\/\/sikertitan.hu\/index.php\/2025\/02\/14\/mark-zuckerberg\/\"]}]},{\"@type\":\"ImageObject\",\"inLanguage\":\"hu\",\"@id\":\"https:\/\/sikertitan.hu\/index.php\/2025\/02\/14\/mark-zuckerberg\/#primaryimage\",\"url\":\"https:\/\/sikertitan.hu\/wp-content\/uploads\/2025\/02\/8d397012b3274978f3545fdb437b9eee.jpg\",\"contentUrl\":\"https:\/\/sikertitan.hu\/wp-content\/uploads\/2025\/02\/8d397012b3274978f3545fdb437b9eee.jpg\",\"width\":\"940\",\"height\":\"528\",\"caption\":\"facebook\"},{\"@type\":\"BreadcrumbList\",\"@id\":\"https:\/\/sikertitan.hu\/index.php\/2025\/02\/14\/mark-zuckerberg\/#breadcrumb\",\"itemListElement\":[{\"@type\":\"ListItem\",\"position\":1,\"name\":\"Kezd\u0151lap\",\"item\":\"https:\/\/sikertitan.hu\/\"},{\"@type\":\"ListItem\",\"position\":2,\"name\":\"Mark Zuckerberg: A Facebook alap\u00edt\u00f3ja \u00e9s siker\u00e9nek titka\"}]},{\"@type\":\"WebSite\",\"@id\":\"https:\/\/sikertitan.hu\/#website\",\"url\":\"https:\/\/sikertitan.hu\/\",\"name\":\"Siker Tit\u00e1n\",\"description\":\"Inspir\u00e1ci\u00f3, fejl\u0151d\u00e9s \u00e9s gy\u0151zelem blogoldala\",\"publisher\":{\"@id\":\"https:\/\/sikertitan.hu\/#organization\"},\"potentialAction\":[{\"@type\":\"SearchAction\",\"target\":{\"@type\":\"EntryPoint\",\"urlTemplate\":\"https:\/\/sikertitan.hu\/?s={search_term_string}\"},\"query-input\":{\"@type\":\"PropertyValueSpecification\",\"valueRequired\":true,\"valueName\":\"search_term_string\"}}],\"inLanguage\":\"hu\"},{\"@type\":\"Organization\",\"@id\":\"https:\/\/sikertitan.hu\/#organization\",\"name\":\"Siker Tit\u00e1n\",\"url\":\"https:\/\/sikertitan.hu\/\",\"logo\":{\"@type\":\"ImageObject\",\"inLanguage\":\"hu\",\"@id\":\"https:\/\/sikertitan.hu\/#\/schema\/logo\/image\/\",\"url\":\"https:\/\/sikertitan.hu\/wp-content\/uploads\/2024\/11\/cropped-Idezet-1080-x-400-keppont-1.png\",\"contentUrl\":\"https:\/\/sikertitan.hu\/wp-content\/uploads\/2024\/11\/cropped-Idezet-1080-x-400-keppont-1.png\",\"width\":878,\"height\":318,\"caption\":\"Siker Tit\u00e1n\"},\"image\":{\"@id\":\"https:\/\/sikertitan.hu\/#\/schema\/logo\/image\/\"}},{\"@type\":\"Person\",\"@id\":\"https:\/\/sikertitan.hu\/#\/schema\/person\/62145ff4922604a017d86a9aec58fb10\",\"name\":\"admin\",\"image\":{\"@type\":\"ImageObject\",\"inLanguage\":\"hu\",\"@id\":\"https:\/\/sikertitan.hu\/#\/schema\/person\/image\/\",\"url\":\"https:\/\/secure.gravatar.com\/avatar\/1707361b7c492b08f0be8d8db0253c8d889b1bc2036afdcdb5de7c557a631ba9?s=96&d=mm&r=g\",\"contentUrl\":\"https:\/\/secure.gravatar.com\/avatar\/1707361b7c492b08f0be8d8db0253c8d889b1bc2036afdcdb5de7c557a631ba9?s=96&d=mm&r=g\",\"caption\":\"admin\"},\"sameAs\":[\"https:\/\/sikertitan.hu\"],\"url\":\"https:\/\/sikertitan.hu\/index.php\/author\/sikertitan\/\"}]}<\/script>\n<!-- \/ Yoast SEO plugin. -->","yoast_head_json":{"title":"Mark Zuckerberg: A Facebook alap\u00edt\u00f3ja \u00e9s siker\u00e9nek titka - Siker Tit\u00e1n","description":"Ebben a cikkben megvizsg\u00e1ljuk Mark Zuckerberg \u00e9let\u00fatj\u00e1t, a Facebook sz\u00fclet\u00e9s\u00e9t \u00e9s azt, hogy milyen t\u00e9nyez\u0151k j\u00e1rultak hozz\u00e1 a siker\u00e9hez.","robots":{"index":"index","follow":"follow","max-snippet":"max-snippet:-1","max-image-preview":"max-image-preview:large","max-video-preview":"max-video-preview:-1"},"canonical":"https:\/\/sikertitan.hu\/index.php\/2025\/02\/14\/mark-zuckerberg\/","og_locale":"hu_HU","og_type":"article","og_title":"Mark Zuckerberg: A Facebook alap\u00edt\u00f3ja \u00e9s siker\u00e9nek titka - Siker Tit\u00e1n","og_description":"Ebben a cikkben megvizsg\u00e1ljuk Mark Zuckerberg \u00e9let\u00fatj\u00e1t, a Facebook sz\u00fclet\u00e9s\u00e9t \u00e9s azt, hogy milyen t\u00e9nyez\u0151k j\u00e1rultak hozz\u00e1 a siker\u00e9hez.","og_url":"https:\/\/sikertitan.hu\/index.php\/2025\/02\/14\/mark-zuckerberg\/","og_site_name":"Siker Tit\u00e1n","article_published_time":"2025-02-14T16:18:54+00:00","og_image":[{"width":940,"height":528,"url":"https:\/\/sikertitan.hu\/wp-content\/uploads\/2025\/02\/8d397012b3274978f3545fdb437b9eee.jpg","type":"image\/jpeg"}],"author":"admin","twitter_card":"summary_large_image","twitter_misc":{"Szerz\u0151:":"admin","Becs\u00fclt olvas\u00e1si id\u0151":"5 perc"},"schema":{"@context":"https:\/\/schema.org","@graph":[{"@type":"Article","@id":"https:\/\/sikertitan.hu\/index.php\/2025\/02\/14\/mark-zuckerberg\/#article","isPartOf":{"@id":"https:\/\/sikertitan.hu\/index.php\/2025\/02\/14\/mark-zuckerberg\/"},"author":{"name":"admin","@id":"https:\/\/sikertitan.hu\/#\/schema\/person\/62145ff4922604a017d86a9aec58fb10"},"headline":"Mark Zuckerberg: A Facebook alap\u00edt\u00f3ja \u00e9s siker\u00e9nek titka","datePublished":"2025-02-14T16:18:54+00:00","mainEntityOfPage":{"@id":"https:\/\/sikertitan.hu\/index.php\/2025\/02\/14\/mark-zuckerberg\/"},"wordCount":1016,"commentCount":0,"publisher":{"@id":"https:\/\/sikertitan.hu\/#organization"},"image":{"@id":"https:\/\/sikertitan.hu\/index.php\/2025\/02\/14\/mark-zuckerberg\/#primaryimage"},"thumbnailUrl":"https:\/\/sikertitan.hu\/wp-content\/uploads\/2025\/02\/8d397012b3274978f3545fdb437b9eee.jpg","keywords":["\u00e1ll\u00e1skeres\u00e9s","anyagi siker","bejelentkez\u00e9s n\u00e9lk\u00fcli Facebook","esem\u00e9nyek Facebookon","facebook","Facebook haszn\u00e1lata","Facebook Marketplace","fi\u00f3k n\u00e9lk\u00fcli Facebook","inspir\u00e1ci\u00f3","k\u00f6z\u00f6ss\u00e9gi m\u00e9dia","Mark Zuckerberg","marketing","online","p\u00e9nzkeres\u00e9s","siker","siker \u00e9s kitart\u00e1s","sikeres \u00e9let","sikeres v\u00e1llalkoz\u00e1s"],"articleSection":["T\u00f6rt\u00e9netek"],"inLanguage":"hu","potentialAction":[{"@type":"CommentAction","name":"Comment","target":["https:\/\/sikertitan.hu\/index.php\/2025\/02\/14\/mark-zuckerberg\/#respond"]}]},{"@type":"WebPage","@id":"https:\/\/sikertitan.hu\/index.php\/2025\/02\/14\/mark-zuckerberg\/","url":"https:\/\/sikertitan.hu\/index.php\/2025\/02\/14\/mark-zuckerberg\/","name":"Mark Zuckerberg: A Facebook alap\u00edt\u00f3ja \u00e9s siker\u00e9nek titka - Siker Tit\u00e1n","isPartOf":{"@id":"https:\/\/sikertitan.hu\/#website"},"primaryImageOfPage":{"@id":"https:\/\/sikertitan.hu\/index.php\/2025\/02\/14\/mark-zuckerberg\/#primaryimage"},"image":{"@id":"https:\/\/sikertitan.hu\/index.php\/2025\/02\/14\/mark-zuckerberg\/#primaryimage"},"thumbnailUrl":"https:\/\/sikertitan.hu\/wp-content\/uploads\/2025\/02\/8d397012b3274978f3545fdb437b9eee.jpg","datePublished":"2025-02-14T16:18:54+00:00","description":"Ebben a cikkben megvizsg\u00e1ljuk Mark Zuckerberg \u00e9let\u00fatj\u00e1t, a Facebook sz\u00fclet\u00e9s\u00e9t \u00e9s azt, hogy milyen t\u00e9nyez\u0151k j\u00e1rultak hozz\u00e1 a siker\u00e9hez.","breadcrumb":{"@id":"https:\/\/sikertitan.hu\/index.php\/2025\/02\/14\/mark-zuckerberg\/#breadcrumb"},"inLanguage":"hu","potentialAction":[{"@type":"ReadAction","target":["https:\/\/sikertitan.hu\/index.php\/2025\/02\/14\/mark-zuckerberg\/"]}]},{"@type":"ImageObject","inLanguage":"hu","@id":"https:\/\/sikertitan.hu\/index.php\/2025\/02\/14\/mark-zuckerberg\/#primaryimage","url":"https:\/\/sikertitan.hu\/wp-content\/uploads\/2025\/02\/8d397012b3274978f3545fdb437b9eee.jpg","contentUrl":"https:\/\/sikertitan.hu\/wp-content\/uploads\/2025\/02\/8d397012b3274978f3545fdb437b9eee.jpg","width":"940","height":"528","caption":"facebook"},{"@type":"BreadcrumbList","@id":"https:\/\/sikertitan.hu\/index.php\/2025\/02\/14\/mark-zuckerberg\/#breadcrumb","itemListElement":[{"@type":"ListItem","position":1,"name":"Kezd\u0151lap","item":"https:\/\/sikertitan.hu\/"},{"@type":"ListItem","position":2,"name":"Mark Zuckerberg: A Facebook alap\u00edt\u00f3ja \u00e9s siker\u00e9nek titka"}]},{"@type":"WebSite","@id":"https:\/\/sikertitan.hu\/#website","url":"https:\/\/sikertitan.hu\/","name":"Siker Tit\u00e1n","description":"Inspir\u00e1ci\u00f3, fejl\u0151d\u00e9s \u00e9s gy\u0151zelem blogoldala","publisher":{"@id":"https:\/\/sikertitan.hu\/#organization"},"potentialAction":[{"@type":"SearchAction","target":{"@type":"EntryPoint","urlTemplate":"https:\/\/sikertitan.hu\/?s={search_term_string}"},"query-input":{"@type":"PropertyValueSpecification","valueRequired":true,"valueName":"search_term_string"}}],"inLanguage":"hu"},{"@type":"Organization","@id":"https:\/\/sikertitan.hu\/#organization","name":"Siker Tit\u00e1n","url":"https:\/\/sikertitan.hu\/","logo":{"@type":"ImageObject","inLanguage":"hu","@id":"https:\/\/sikertitan.hu\/#\/schema\/logo\/image\/","url":"https:\/\/sikertitan.hu\/wp-content\/uploads\/2024\/11\/cropped-Idezet-1080-x-400-keppont-1.png","contentUrl":"https:\/\/sikertitan.hu\/wp-content\/uploads\/2024\/11\/cropped-Idezet-1080-x-400-keppont-1.png","width":878,"height":318,"caption":"Siker Tit\u00e1n"},"image":{"@id":"https:\/\/sikertitan.hu\/#\/schema\/logo\/image\/"}},{"@type":"Person","@id":"https:\/\/sikertitan.hu\/#\/schema\/person\/62145ff4922604a017d86a9aec58fb10","name":"admin","image":{"@type":"ImageObject","inLanguage":"hu","@id":"https:\/\/sikertitan.hu\/#\/schema\/person\/image\/","url":"https:\/\/secure.gravatar.com\/avatar\/1707361b7c492b08f0be8d8db0253c8d889b1bc2036afdcdb5de7c557a631ba9?s=96&d=mm&r=g","contentUrl":"https:\/\/secure.gravatar.com\/avatar\/1707361b7c492b08f0be8d8db0253c8d889b1bc2036afdcdb5de7c557a631ba9?s=96&d=mm&r=g","caption":"admin"},"sameAs":["https:\/\/sikertitan.hu"],"url":"https:\/\/sikertitan.hu\/index.php\/author\/sikertitan\/"}]}},"views":96,"featured_image_urls":{"full":["https:\/\/sikertitan.hu\/wp-content\/uploads\/2025\/02\/8d397012b3274978f3545fdb437b9eee.jpg",940,528,false],"thumbnail":["https:\/\/sikertitan.hu\/wp-content\/uploads\/2025\/02\/8d397012b3274978f3545fdb437b9eee-150x150.jpg",150,150,true],"medium":["https:\/\/sikertitan.hu\/wp-content\/uploads\/2025\/02\/8d397012b3274978f3545fdb437b9eee-300x169.jpg",300,169,true],"medium_large":["https:\/\/sikertitan.hu\/wp-content\/uploads\/2025\/02\/8d397012b3274978f3545fdb437b9eee-768x431.jpg",640,359,true],"large":["https:\/\/sikertitan.hu\/wp-content\/uploads\/2025\/02\/8d397012b3274978f3545fdb437b9eee.jpg",640,359,false],"1536x1536":["https:\/\/sikertitan.hu\/wp-content\/uploads\/2025\/02\/8d397012b3274978f3545fdb437b9eee.jpg",940,528,false],"2048x2048":["https:\/\/sikertitan.hu\/wp-content\/uploads\/2025\/02\/8d397012b3274978f3545fdb437b9eee.jpg",940,528,false],"pubnews-featured":["https:\/\/sikertitan.hu\/wp-content\/uploads\/2025\/02\/8d397012b3274978f3545fdb437b9eee.jpg",940,528,false],"pubnews-list":["https:\/\/sikertitan.hu\/wp-content\/uploads\/2025\/02\/8d397012b3274978f3545fdb437b9eee-600x400.jpg",600,400,true],"pubnews-thumb":["https:\/\/sikertitan.hu\/wp-content\/uploads\/2025\/02\/8d397012b3274978f3545fdb437b9eee-300x200.jpg",300,200,true],"pubnews-small":["https:\/\/sikertitan.hu\/wp-content\/uploads\/2025\/02\/8d397012b3274978f3545fdb437b9eee-150x95.jpg",150,95,true],"pubnews-grid":["https:\/\/sikertitan.hu\/wp-content\/uploads\/2025\/02\/8d397012b3274978f3545fdb437b9eee-400x250.jpg",400,250,true]},"author_info":{"display_name":"admin","author_link":"https:\/\/sikertitan.hu\/index.php\/author\/sikertitan\/"},"category_info":"<a href=\"https:\/\/sikertitan.hu\/index.php\/category\/tortenetek\/\" rel=\"category tag\">T\u00f6rt\u00e9netek<\/a>","tag_info":"T\u00f6rt\u00e9netek","comment_count":"0","_links":{"self":[{"href":"https:\/\/sikertitan.hu\/index.php\/wp-json\/wp\/v2\/posts\/878","targetHints":{"allow":["GET"]}}],"collection":[{"href":"https:\/\/sikertitan.hu\/index.php\/wp-json\/wp\/v2\/posts"}],"about":[{"href":"https:\/\/sikertitan.hu\/index.php\/wp-json\/wp\/v2\/types\/post"}],"author":[{"embeddable":true,"href":"https:\/\/sikertitan.hu\/index.php\/wp-json\/wp\/v2\/users\/1"}],"replies":[{"embeddable":true,"href":"https:\/\/sikertitan.hu\/index.php\/wp-json\/wp\/v2\/comments?post=878"}],"version-history":[{"count":1,"href":"https:\/\/sikertitan.hu\/index.php\/wp-json\/wp\/v2\/posts\/878\/revisions"}],"predecessor-version":[{"id":883,"href":"https:\/\/sikertitan.hu\/index.php\/wp-json\/wp\/v2\/posts\/878\/revisions\/883"}],"wp:featuredmedia":[{"embeddable":true,"href":"https:\/\/sikertitan.hu\/index.php\/wp-json\/wp\/v2\/media\/879"}],"wp:attachment":[{"href":"https:\/\/sikertitan.hu\/index.php\/wp-json\/wp\/v2\/media?parent=878"}],"wp:term":[{"taxonomy":"category","embeddable":true,"href":"https:\/\/sikertitan.hu\/index.php\/wp-json\/wp\/v2\/categories?post=878"},{"taxonomy":"post_tag","embeddable":true,"href":"https:\/\/sikertitan.hu\/index.php\/wp-json\/wp\/v2\/tags?post=878"}],"curies":[{"name":"wp","href":"https:\/\/api.w.org\/{rel}","templated":true}]}}