{"id":825,"date":"2025-02-07T11:23:31","date_gmt":"2025-02-07T11:23:31","guid":{"rendered":"https:\/\/sikertitan.hu\/?p=825"},"modified":"2025-02-07T11:23:32","modified_gmt":"2025-02-07T11:23:32","slug":"huawei","status":"publish","type":"post","link":"https:\/\/sikertitan.hu\/index.php\/2025\/02\/07\/huawei\/","title":{"rendered":"Huawei lesz az android \u00faj kih\u00edv\u00f3ja a j\u00f6v\u0151ben?"},"content":{"rendered":"\n<h2 class=\"wp-block-heading\"><strong>Bevezet\u00e9s<\/strong><\/h2>\n\n\n\n<p class=\"wp-block-paragraph\">A Huawei az elm\u00falt \u00e9vekben sz\u00e1mos kih\u00edv\u00e1ssal n\u00e9zett szembe, kezdve az amerikai szankci\u00f3kt\u00f3l az ell\u00e1t\u00e1si l\u00e1nc probl\u00e9m\u00e1kig. Sokan azt gondolt\u00e1k, hogy a v\u00e1llalat visszaesik, \u00e1m 2023-ban \u00e9s 2024-ben \u00f3ri\u00e1si n\u00f6veked\u00e9st produk\u00e1lt, \u00e9s ism\u00e9t megmutatta, hogy k\u00e9pes innov\u00e1lni \u00e9s domin\u00e1lni a technol\u00f3giai piacon. <strong>Egy \u00e9v alatt 22 sz\u00e1zal\u00e9kkal n\u00f6velte bev\u00e9teleit a Huawei, a k\u00ednai okostelefon-piacon pedig m\u00e1r az Apple-t is megel\u0151zve a m\u00e1sodik legnagyobb gy\u00e1rt\u00f3.<\/strong><\/p>\n\n\n\n<p class=\"wp-block-paragraph\">De mi \u00e1ll a Huawei l\u00e1tv\u00e1nyos visszat\u00e9r\u00e9se m\u00f6g\u00f6tt? Milyen strat\u00e9gi\u00e1k \u00e9s term\u00e9kek seg\u00edtett\u00e9k el\u0151 a v\u00e1llalat \u00fajabb felemelked\u00e9s\u00e9t? Ebben a cikkben r\u00e9szletesen elemezz\u00fck a Huawei sikereinek okait \u00e9s azt, hogy mi v\u00e1rhat\u00f3 a j\u00f6v\u0151ben.<\/p>\n\n\n\n<hr class=\"wp-block-separator has-alpha-channel-opacity\"\/>\n\n\n\n<h2 class=\"wp-block-heading\"><strong>F\u0151bb tanuls\u00e1gok<\/strong><\/h2>\n\n\n\n<ul class=\"wp-block-list\">\n<li><strong>A Huawei 2023-ban jelent\u0151s bev\u00e9teln\u00f6veked\u00e9st \u00e9rt el<\/strong>, f\u0151k\u00e9nt az \u00faj cs\u00facskateg\u00f3ri\u00e1s okostelefonok \u00e9s az 5G technol\u00f3gia r\u00e9v\u00e9n.<\/li>\n\n\n\n<li><strong>A Mate 60 Pro hatalmas siker lett<\/strong>, annak ellen\u00e9re, hogy az USA korl\u00e1tozta a v\u00e1llalat hozz\u00e1f\u00e9r\u00e9s\u00e9t a fejlett f\u00e9lvezet\u0151kh\u00f6z.<\/li>\n\n\n\n<li><strong>A HarmonyOS folyamatosan fejl\u0151dik<\/strong>, \u00e9s egyre nagyobb alternat\u00edv\u00e1t jelent az Androiddal szemben.<\/li>\n\n\n\n<li><strong>Az aut\u00f3ipari \u00e9s mesters\u00e9ges intelligencia \u00fczlet\u00e1gak dinamikusan b\u0151v\u00fclnek<\/strong>, \u00faj bev\u00e9teli forr\u00e1sokat teremtve.<\/li>\n\n\n\n<li><strong>A k\u00ednai korm\u00e1ny t\u00e1mogat\u00e1sa \u00e9s a hazai piac dominanci\u00e1ja tov\u00e1bb er\u0151s\u00edti a Huawei poz\u00edci\u00f3j\u00e1t<\/strong>.<\/li>\n<\/ul>\n\n\n<div class=\"wp-block-image\">\n<figure class=\"aligncenter size-large is-resized\"><img loading=\"lazy\" decoding=\"async\" width=\"1024\" height=\"575\" src=\"https:\/\/sikertitan.hu\/wp-content\/uploads\/2025\/02\/huawei_mate60_06-1024x575.jpg\" alt=\"Huawei\" class=\"wp-image-828\" style=\"width:500px\" srcset=\"https:\/\/sikertitan.hu\/wp-content\/uploads\/2025\/02\/huawei_mate60_06-1024x575.jpg 1024w, https:\/\/sikertitan.hu\/wp-content\/uploads\/2025\/02\/huawei_mate60_06-300x169.jpg 300w, https:\/\/sikertitan.hu\/wp-content\/uploads\/2025\/02\/huawei_mate60_06-768x432.jpg 768w, https:\/\/sikertitan.hu\/wp-content\/uploads\/2025\/02\/huawei_mate60_06-1536x863.jpg 1536w, https:\/\/sikertitan.hu\/wp-content\/uploads\/2025\/02\/huawei_mate60_06.jpg 1600w\" sizes=\"auto, (max-width: 1024px) 100vw, 1024px\" \/><\/figure>\n<\/div>\n\n\n<hr class=\"wp-block-separator has-alpha-channel-opacity\"\/>\n\n\n\n<h2 class=\"wp-block-heading\"><strong>1. A Huawei leny\u0171g\u00f6z\u0151 visszat\u00e9r\u00e9se<\/strong><\/h2>\n\n\n\n<h3 class=\"wp-block-heading\"><strong>L\u00e1tv\u00e1nyos p\u00e9nz\u00fcgyi eredm\u00e9nyek<\/strong><\/h3>\n\n\n\n<p class=\"wp-block-paragraph\">A Huawei 2023-ban \u00e9s 2024 els\u0151 negyed\u00e9v\u00e9ben <strong>jelent\u0151s bev\u00e9teln\u00f6veked\u00e9st<\/strong> produk\u00e1lt. Az el\u0151zetes adatok szerint a v\u00e1llalat <strong>\u00e9ves \u00e1rbev\u00e9tele meghaladta a 700 milli\u00e1rd j\u00fcant<\/strong> (kb. 97 milli\u00e1rd doll\u00e1r), ami komoly el\u0151rel\u00e9p\u00e9s az el\u0151z\u0151 \u00e9vekhez k\u00e9pest.<\/p>\n\n\n\n<p class=\"wp-block-paragraph\">A n\u00f6veked\u00e9s f\u0151 mozgat\u00f3rug\u00f3i:<br><strong>Pr\u00e9mium okostelefonok n\u00e9pszer\u0171s\u00e9ge<\/strong><br><strong>5G \u00e9s telekommunik\u00e1ci\u00f3s infrastrukt\u00fara fejleszt\u00e9sek<\/strong><br><strong>\u00daj \u00fczleti szegmensek, p\u00e9ld\u00e1ul az elektromos aut\u00f3ipar \u00e9s AI<\/strong><\/p>\n\n\n\n<h3 class=\"wp-block-heading\"><strong>A Mate 60 Pro: A szankci\u00f3k ellen\u00e9re is siker<\/strong><\/h3>\n\n\n\n<p class=\"wp-block-paragraph\">2023-ban bemutatt\u00e1k a <strong>Mate 60 Pro<\/strong> okostelefont, amely meglepte az elemz\u0151ket \u00e9s a piacot egyar\u00e1nt. Az amerikai szankci\u00f3k miatt sokan k\u00e9telkedtek benne, hogy a v\u00e1llalat k\u00e9pes lesz versenyk\u00e9pes cs\u00facskateg\u00f3ri\u00e1s k\u00e9sz\u00fcl\u00e9ket gy\u00e1rtani. Ennek ellen\u00e9re a Mate 60 Pro saj\u00e1t fejleszt\u00e9s\u0171 <strong>Kirin 9000S processzorral<\/strong> \u00e9rkezett, amely bizony\u00edtotta, hogy a Huawei k\u00e9pes az amerikai technol\u00f3gia n\u00e9lk\u00fcl is innov\u00e1lni.<\/p>\n\n\n\n<p class=\"wp-block-paragraph\">A k\u00e9sz\u00fcl\u00e9k \u00f3ri\u00e1si siker lett K\u00edn\u00e1ban, \u00e9s a k\u00e9szletek gyorsan elfogytak. Ezzel a Huawei jelezte, hogy tov\u00e1bbra is komoly j\u00e1t\u00e9kos a glob\u00e1lis okostelefon-piacon.<\/p>\n\n\n\n<hr class=\"wp-block-separator has-alpha-channel-opacity\"\/>\n\n\n\n<h2 class=\"wp-block-heading\"><strong>2. HarmonyOS: Egyre nagyobb fenyeget\u00e9s az Android sz\u00e1m\u00e1ra<\/strong><\/h2>\n\n\n\n<p class=\"wp-block-paragraph\">A Huawei oper\u00e1ci\u00f3s rendszere, a <strong>HarmonyOS<\/strong> folyamatosan fejl\u0151dik, \u00e9s egyre nagyobb piaci r\u00e9szesed\u00e9st szerez, k\u00fcl\u00f6n\u00f6sen K\u00edn\u00e1ban.<\/p>\n\n\n\n<h3 class=\"wp-block-heading\"><strong>Mi\u00e9rt fontos a HarmonyOS?<\/strong><\/h3>\n\n\n\n<p class=\"wp-block-paragraph\"><strong>Teljesen f\u00fcggetlen Androidt\u00f3l<\/strong>, \u00edgy nem \u00e9rintik az amerikai szankci\u00f3k.<br><strong>Jobb integr\u00e1ci\u00f3 az IoT-eszk\u00f6z\u00f6kkel<\/strong>, ami el\u0151nyt jelent az okosotthon \u00e9s okosaut\u00f3 szegmensekben.<br><strong>K\u00edn\u00e1ban egyre t\u00f6bb fejleszt\u0151 t\u00e1mogatja<\/strong>, ami n\u00f6veli az alkalmaz\u00e1sok sz\u00e1m\u00e1t.<\/p>\n\n\n\n<p class=\"wp-block-paragraph\">A Huawei c\u00e9lja, hogy hossz\u00fa t\u00e1von egy <strong>Android-alternat\u00edv\u00e1v\u00e1<\/strong> v\u00e1ljon, \u00e9s a k\u00ednai piac ut\u00e1n glob\u00e1lisan is terjeszkedjen.<\/p>\n\n\n\n<hr class=\"wp-block-separator has-alpha-channel-opacity\"\/>\n\n\n\n<h2 class=\"wp-block-heading\"><strong>3. Az 5G \u00e9s telekommunik\u00e1ci\u00f3s szektor dominanci\u00e1ja<\/strong><\/h2>\n\n\n\n<p class=\"wp-block-paragraph\">A Huawei tov\u00e1bbra is az egyik vezet\u0151 v\u00e1llalat az 5G h\u00e1l\u00f3zatok ki\u00e9p\u00edt\u00e9s\u00e9ben. B\u00e1r az USA \u00e9s sz\u00f6vets\u00e9gesei t\u00f6bb orsz\u00e1gban megpr\u00f3b\u00e1lt\u00e1k korl\u00e1tozni a Huawei 5G-s infrastrukt\u00far\u00e1j\u00e1nak bevezet\u00e9s\u00e9t, a v\u00e1llalat \u00c1zsi\u00e1ban, Afrik\u00e1ban \u00e9s Latin-Amerik\u00e1ban tov\u00e1bbra is sikeresen terjeszkedik.<\/p>\n\n\n\n<h3 class=\"wp-block-heading\"><strong>Huawei 5G-s terjeszked\u00e9si strat\u00e9gi\u00e1ja<\/strong><\/h3>\n\n\n\n<p class=\"wp-block-paragraph\"><strong>K\u00edna teljes telekommunik\u00e1ci\u00f3s h\u00e1l\u00f3zat\u00e1t uralja<\/strong><br><strong>Egyre t\u00f6bb orsz\u00e1gban \u00e9p\u00edti ki az 5G h\u00e1l\u00f3zatokat (pl. Afrika, K\u00f6zel-Kelet)<\/strong><br><strong>\u00daj technol\u00f3gi\u00e1kat fejleszt, amelyek cs\u00f6kkentik a h\u00e1l\u00f3zati ki\u00e9p\u00edt\u00e9s k\u00f6lts\u00e9geit<\/strong><\/p>\n\n\n<div class=\"wp-block-image\">\n<figure class=\"aligncenter size-large is-resized\"><img loading=\"lazy\" decoding=\"async\" width=\"1024\" height=\"614\" src=\"https:\/\/sikertitan.hu\/wp-content\/uploads\/2025\/02\/219b516d-44f5-4c60-b85e-d8cbade0ee1d-1024x614.jpeg\" alt=\"huawei\" class=\"wp-image-829\" style=\"width:500px\" srcset=\"https:\/\/sikertitan.hu\/wp-content\/uploads\/2025\/02\/219b516d-44f5-4c60-b85e-d8cbade0ee1d-1024x614.jpeg 1024w, https:\/\/sikertitan.hu\/wp-content\/uploads\/2025\/02\/219b516d-44f5-4c60-b85e-d8cbade0ee1d-300x180.jpeg 300w, https:\/\/sikertitan.hu\/wp-content\/uploads\/2025\/02\/219b516d-44f5-4c60-b85e-d8cbade0ee1d-768x461.jpeg 768w, https:\/\/sikertitan.hu\/wp-content\/uploads\/2025\/02\/219b516d-44f5-4c60-b85e-d8cbade0ee1d.jpeg 1200w\" sizes=\"auto, (max-width: 1024px) 100vw, 1024px\" \/><\/figure>\n<\/div>\n\n\n<hr class=\"wp-block-separator has-alpha-channel-opacity\"\/>\n\n\n\n<h2 class=\"wp-block-heading\"><strong>4. Az elektromos aut\u00f3ipar \u00e9s AI \u00fczlet\u00e1g t\u00e9rnyer\u00e9se<\/strong><\/h2>\n\n\n\n<p class=\"wp-block-paragraph\">A c\u00e9g nemcsak az okostelefonok \u00e9s h\u00e1l\u00f3zati technol\u00f3gi\u00e1k ter\u00e9n er\u0151s\u00f6dik, hanem az elektromos j\u00e1rm\u0171vek (EV) \u00e9s a mesters\u00e9ges intelligencia piac\u00e1n is n\u00f6vekv\u0151 szerepl\u0151v\u00e9 v\u00e1lik.<\/p>\n\n\n\n<h3 class=\"wp-block-heading\"><strong>Huawei az aut\u00f3iparban<\/strong><\/h3>\n\n\n\n<p class=\"wp-block-paragraph\">A v\u00e1llalat t\u00f6bb k\u00ednai aut\u00f3gy\u00e1rt\u00f3val is egy\u00fcttm\u0171k\u00f6dik, \u00e9s <strong>saj\u00e1t aut\u00f3s szoftvereket \u00e9s hardvereket fejleszt<\/strong>. A Huawei <strong>Autonomous Driving System<\/strong> egyre versenyk\u00e9pesebb az olyan szerepl\u0151kkel szemben, mint a Tesla \u00e9s a BYD.<\/p>\n\n\n\n<h3 class=\"wp-block-heading\"><strong>Mesters\u00e9ges intelligencia fejleszt\u00e9sek<\/strong><\/h3>\n\n\n\n<p class=\"wp-block-paragraph\">A c\u00e9g massz\u00edvan fektet be AI-technol\u00f3gi\u00e1kba, k\u00fcl\u00f6n\u00f6sen a <strong>felh\u0151alap\u00fa sz\u00e1m\u00edt\u00e1stechnik\u00e1ba<\/strong> \u00e9s az <strong>AI-alap\u00fa k\u00e9pfeldolgoz\u00e1sba<\/strong>. Ezek a fejleszt\u00e9sek hossz\u00fa t\u00e1von \u00faj bev\u00e9teli forr\u00e1sokat teremthetnek a v\u00e1llalat sz\u00e1m\u00e1ra.<\/p>\n\n\n\n<hr class=\"wp-block-separator has-alpha-channel-opacity\"\/>\n\n\n\n<h2 class=\"wp-block-heading\"><strong>5. A j\u00f6v\u0151: Tov\u00e1bbi n\u00f6veked\u00e9s vagy \u00fajabb akad\u00e1lyok?<\/strong><\/h2>\n\n\n\n<p class=\"wp-block-paragraph\">A Huawei jelenlegi n\u00f6veked\u00e9se l\u00e1tv\u00e1nyos, de tov\u00e1bbra is szembe kell n\u00e9znie bizonyos kih\u00edv\u00e1sokkal.<\/p>\n\n\n\n<h3 class=\"wp-block-heading\"><strong>Milyen t\u00e9nyez\u0151k seg\u00edthetik a tov\u00e1bbi n\u00f6veked\u00e9st?<\/strong><\/h3>\n\n\n\n<p class=\"wp-block-paragraph\"><strong>A k\u00ednai korm\u00e1ny t\u00e1mogat\u00e1sa<\/strong> \u2192 A Huawei strat\u00e9giai fontoss\u00e1g\u00fa K\u00edna sz\u00e1m\u00e1ra.<br><strong>Innov\u00e1ci\u00f3s k\u00e9pess\u00e9g<\/strong> \u2192 Saj\u00e1t chipfejleszt\u00e9s, HarmonyOS terjeszt\u00e9se.<br><strong>\u00daj piacok megh\u00f3d\u00edt\u00e1sa<\/strong> \u2192 Az afrikai, k\u00f6zel-keleti \u00e9s latin-amerikai terjeszked\u00e9s folytat\u00e1sa.<\/p>\n\n\n\n<h3 class=\"wp-block-heading\"><strong>Milyen kih\u00edv\u00e1sokra kell figyelnie?<\/strong><\/h3>\n\n\n\n<p class=\"wp-block-paragraph\"><strong>Az amerikai szankci\u00f3k tov\u00e1bbi szigor\u00edt\u00e1sa<\/strong> \u2192 Az USA megpr\u00f3b\u00e1lhatja tov\u00e1bb korl\u00e1tozni a Huawei technol\u00f3giai hozz\u00e1f\u00e9r\u00e9s\u00e9t.<br><strong>Glob\u00e1lis piaci r\u00e9szesed\u00e9s visszaszerz\u00e9se<\/strong> \u2192 A nyugati piacokon a Google-szolg\u00e1ltat\u00e1sok hi\u00e1nya tov\u00e1bbra is nagy h\u00e1tr\u00e1ny.<br><strong>Er\u0151s\u00f6d\u0151 verseny az AI \u00e9s aut\u00f3iparban<\/strong> \u2192 A Tesla, NVIDIA \u00e9s m\u00e1s techc\u00e9gek komoly konkurenci\u00e1t jelentenek.<\/p>\n\n\n<div class=\"wp-block-image\">\n<figure class=\"aligncenter size-full is-resized\"><img loading=\"lazy\" decoding=\"async\" width=\"728\" height=\"646\" src=\"https:\/\/sikertitan.hu\/wp-content\/uploads\/2025\/02\/huawei-logo-hd-wallpaper-preview.jpg\" alt=\"huawei\" class=\"wp-image-830\" style=\"width:500px\" srcset=\"https:\/\/sikertitan.hu\/wp-content\/uploads\/2025\/02\/huawei-logo-hd-wallpaper-preview.jpg 728w, https:\/\/sikertitan.hu\/wp-content\/uploads\/2025\/02\/huawei-logo-hd-wallpaper-preview-300x266.jpg 300w\" sizes=\"auto, (max-width: 728px) 100vw, 728px\" \/><\/figure>\n<\/div>\n\n\n<hr class=\"wp-block-separator has-alpha-channel-opacity\"\/>\n\n\n\n<h2 class=\"wp-block-heading\"><strong>\u00d6sszegz\u00e9s<\/strong><\/h2>\n\n\n\n<p class=\"wp-block-paragraph\">A Huawei az elm\u00falt \u00e9vek neh\u00e9zs\u00e9gei ut\u00e1n <strong>l\u00e1tv\u00e1nyos visszat\u00e9r\u00e9st produk\u00e1lt<\/strong>, \u00e9s egy\u00e9rtelm\u0171en bizony\u00edtotta, hogy k\u00e9pes az innov\u00e1ci\u00f3ra \u00e9s az alkalmazkod\u00e1sra. Az okostelefonok, az 5G technol\u00f3gia, az elektromos aut\u00f3ipar \u00e9s az AI ter\u00fclet\u00e9n egyar\u00e1nt er\u0151s poz\u00edci\u00f3kat \u00e9p\u00edt ki, k\u00fcl\u00f6n\u00f6sen K\u00edn\u00e1ban \u00e9s m\u00e1s \u00e1zsiai piacokon.<\/p>\n\n\n\n<p class=\"wp-block-paragraph\">A k\u00f6vetkez\u0151 \u00e9vekben a Huawei sz\u00e1m\u00e1ra a legnagyobb k\u00e9rd\u00e9s az lesz, hogy k\u00e9pes-e tov\u00e1bb n\u00f6vekedni az amerikai korl\u00e1toz\u00e1sok ellen\u00e9re, \u00e9s mennyire tudja visszah\u00f3d\u00edtani a glob\u00e1lis piacokat. Egy biztos: a v\u00e1llalat tov\u00e1bbra is az egyik legnagyobb szerepl\u0151 marad a technol\u00f3giai iparban. \ud83d\ude80<\/p>\n","protected":false},"excerpt":{"rendered":"<p>Bevezet\u00e9s A Huawei az elm\u00falt \u00e9vekben sz\u00e1mos kih\u00edv\u00e1ssal n\u00e9zett szembe, kezdve az amerikai szankci\u00f3kt\u00f3l az ell\u00e1t\u00e1si l\u00e1nc probl\u00e9m\u00e1kig. Sokan azt gondolt\u00e1k, hogy a v\u00e1llalat visszaesik, \u00e1m 2023-ban \u00e9s 2024-ben \u00f3ri\u00e1si n\u00f6veked\u00e9st produk\u00e1lt, \u00e9s ism\u00e9t megmutatta, hogy k\u00e9pes innov\u00e1lni \u00e9s domin\u00e1lni a technol\u00f3giai piacon. Egy \u00e9v alatt 22 sz\u00e1zal\u00e9kkal n\u00f6velte bev\u00e9teleit a Huawei, a k\u00ednai okostelefon-piacon&#8230;<\/p>\n","protected":false},"author":1,"featured_media":827,"comment_status":"open","ping_status":"open","sticky":false,"template":"","format":"standard","meta":{"footnotes":""},"categories":[6],"tags":[519,632,25,48,634,633,14,44,18],"class_list":["post-825","post","type-post","status-publish","format-standard","has-post-thumbnail","hentry","category-penzugyek","tag-android-elonyok","tag-huawei","tag-inspiracio","tag-jovedelem","tag-kina","tag-mate-pro","tag-online","tag-penzkereses","tag-siker"],"yoast_head":"<!-- This site is optimized with the Yoast SEO plugin v25.5 - https:\/\/yoast.com\/wordpress\/plugins\/seo\/ -->\n<title>Huawei lesz az android \u00faj kih\u00edv\u00f3ja a j\u00f6v\u0151ben? - Siker Tit\u00e1n<\/title>\n<meta name=\"description\" content=\"Egy \u00e9v alatt 22 sz\u00e1zal\u00e9kkal n\u00f6velte bev\u00e9teleit a Huawei, a k\u00ednai piacon pedig m\u00e1r az Apple-t is megel\u0151zve a m\u00e1sodik legnagyobb gy\u00e1rt\u00f3!\" \/>\n<meta name=\"robots\" content=\"index, follow, max-snippet:-1, max-image-preview:large, max-video-preview:-1\" \/>\n<link rel=\"canonical\" href=\"https:\/\/sikertitan.hu\/index.php\/2025\/02\/07\/huawei\/\" \/>\n<meta property=\"og:locale\" content=\"hu_HU\" \/>\n<meta property=\"og:type\" content=\"article\" \/>\n<meta property=\"og:title\" content=\"Huawei lesz az android \u00faj kih\u00edv\u00f3ja a j\u00f6v\u0151ben? - Siker Tit\u00e1n\" \/>\n<meta property=\"og:description\" content=\"Egy \u00e9v alatt 22 sz\u00e1zal\u00e9kkal n\u00f6velte bev\u00e9teleit a Huawei, a k\u00ednai piacon pedig m\u00e1r az Apple-t is megel\u0151zve a m\u00e1sodik legnagyobb gy\u00e1rt\u00f3!\" \/>\n<meta property=\"og:url\" content=\"https:\/\/sikertitan.hu\/index.php\/2025\/02\/07\/huawei\/\" \/>\n<meta property=\"og:site_name\" content=\"Siker Tit\u00e1n\" \/>\n<meta property=\"article:published_time\" content=\"2025-02-07T11:23:31+00:00\" \/>\n<meta property=\"article:modified_time\" content=\"2025-02-07T11:23:32+00:00\" \/>\n<meta property=\"og:image\" content=\"https:\/\/sikertitan.hu\/wp-content\/uploads\/2025\/02\/90454298_gettyimages-486218040.jpg\" \/>\n\t<meta property=\"og:image:width\" content=\"976\" \/>\n\t<meta property=\"og:image:height\" content=\"549\" \/>\n\t<meta property=\"og:image:type\" content=\"image\/jpeg\" \/>\n<meta name=\"author\" content=\"admin\" \/>\n<meta name=\"twitter:card\" content=\"summary_large_image\" \/>\n<meta name=\"twitter:label1\" content=\"Szerz\u0151:\" \/>\n\t<meta name=\"twitter:data1\" content=\"admin\" \/>\n\t<meta name=\"twitter:label2\" content=\"Becs\u00fclt olvas\u00e1si id\u0151\" \/>\n\t<meta name=\"twitter:data2\" content=\"5 perc\" \/>\n<script type=\"application\/ld+json\" class=\"yoast-schema-graph\">{\"@context\":\"https:\/\/schema.org\",\"@graph\":[{\"@type\":\"Article\",\"@id\":\"https:\/\/sikertitan.hu\/index.php\/2025\/02\/07\/huawei\/#article\",\"isPartOf\":{\"@id\":\"https:\/\/sikertitan.hu\/index.php\/2025\/02\/07\/huawei\/\"},\"author\":{\"name\":\"admin\",\"@id\":\"https:\/\/sikertitan.hu\/#\/schema\/person\/62145ff4922604a017d86a9aec58fb10\"},\"headline\":\"Huawei lesz az android \u00faj kih\u00edv\u00f3ja a j\u00f6v\u0151ben?\",\"datePublished\":\"2025-02-07T11:23:31+00:00\",\"dateModified\":\"2025-02-07T11:23:32+00:00\",\"mainEntityOfPage\":{\"@id\":\"https:\/\/sikertitan.hu\/index.php\/2025\/02\/07\/huawei\/\"},\"wordCount\":1197,\"commentCount\":0,\"publisher\":{\"@id\":\"https:\/\/sikertitan.hu\/#organization\"},\"image\":{\"@id\":\"https:\/\/sikertitan.hu\/index.php\/2025\/02\/07\/huawei\/#primaryimage\"},\"thumbnailUrl\":\"https:\/\/sikertitan.hu\/wp-content\/uploads\/2025\/02\/90454298_gettyimages-486218040.jpg\",\"keywords\":[\"Android el\u0151ny\u00f6k\",\"huawei\",\"inspir\u00e1ci\u00f3\",\"j\u00f6vedelem\",\"k\u00edna\",\"mate pro\",\"online\",\"p\u00e9nzkeres\u00e9s\",\"siker\"],\"articleSection\":[\"P\u00e9nz\u00fcgyek\"],\"inLanguage\":\"hu\",\"potentialAction\":[{\"@type\":\"CommentAction\",\"name\":\"Comment\",\"target\":[\"https:\/\/sikertitan.hu\/index.php\/2025\/02\/07\/huawei\/#respond\"]}]},{\"@type\":\"WebPage\",\"@id\":\"https:\/\/sikertitan.hu\/index.php\/2025\/02\/07\/huawei\/\",\"url\":\"https:\/\/sikertitan.hu\/index.php\/2025\/02\/07\/huawei\/\",\"name\":\"Huawei lesz az android \u00faj kih\u00edv\u00f3ja a j\u00f6v\u0151ben? - Siker Tit\u00e1n\",\"isPartOf\":{\"@id\":\"https:\/\/sikertitan.hu\/#website\"},\"primaryImageOfPage\":{\"@id\":\"https:\/\/sikertitan.hu\/index.php\/2025\/02\/07\/huawei\/#primaryimage\"},\"image\":{\"@id\":\"https:\/\/sikertitan.hu\/index.php\/2025\/02\/07\/huawei\/#primaryimage\"},\"thumbnailUrl\":\"https:\/\/sikertitan.hu\/wp-content\/uploads\/2025\/02\/90454298_gettyimages-486218040.jpg\",\"datePublished\":\"2025-02-07T11:23:31+00:00\",\"dateModified\":\"2025-02-07T11:23:32+00:00\",\"description\":\"Egy \u00e9v alatt 22 sz\u00e1zal\u00e9kkal n\u00f6velte bev\u00e9teleit a Huawei, a k\u00ednai piacon pedig m\u00e1r az Apple-t is megel\u0151zve a m\u00e1sodik legnagyobb gy\u00e1rt\u00f3!\",\"breadcrumb\":{\"@id\":\"https:\/\/sikertitan.hu\/index.php\/2025\/02\/07\/huawei\/#breadcrumb\"},\"inLanguage\":\"hu\",\"potentialAction\":[{\"@type\":\"ReadAction\",\"target\":[\"https:\/\/sikertitan.hu\/index.php\/2025\/02\/07\/huawei\/\"]}]},{\"@type\":\"ImageObject\",\"inLanguage\":\"hu\",\"@id\":\"https:\/\/sikertitan.hu\/index.php\/2025\/02\/07\/huawei\/#primaryimage\",\"url\":\"https:\/\/sikertitan.hu\/wp-content\/uploads\/2025\/02\/90454298_gettyimages-486218040.jpg\",\"contentUrl\":\"https:\/\/sikertitan.hu\/wp-content\/uploads\/2025\/02\/90454298_gettyimages-486218040.jpg\",\"width\":\"976\",\"height\":\"549\",\"caption\":\"huawei\"},{\"@type\":\"BreadcrumbList\",\"@id\":\"https:\/\/sikertitan.hu\/index.php\/2025\/02\/07\/huawei\/#breadcrumb\",\"itemListElement\":[{\"@type\":\"ListItem\",\"position\":1,\"name\":\"Kezd\u0151lap\",\"item\":\"https:\/\/sikertitan.hu\/\"},{\"@type\":\"ListItem\",\"position\":2,\"name\":\"Huawei lesz az android \u00faj kih\u00edv\u00f3ja a j\u00f6v\u0151ben?\"}]},{\"@type\":\"WebSite\",\"@id\":\"https:\/\/sikertitan.hu\/#website\",\"url\":\"https:\/\/sikertitan.hu\/\",\"name\":\"Siker Tit\u00e1n\",\"description\":\"Inspir\u00e1ci\u00f3, fejl\u0151d\u00e9s \u00e9s gy\u0151zelem blogoldala\",\"publisher\":{\"@id\":\"https:\/\/sikertitan.hu\/#organization\"},\"potentialAction\":[{\"@type\":\"SearchAction\",\"target\":{\"@type\":\"EntryPoint\",\"urlTemplate\":\"https:\/\/sikertitan.hu\/?s={search_term_string}\"},\"query-input\":{\"@type\":\"PropertyValueSpecification\",\"valueRequired\":true,\"valueName\":\"search_term_string\"}}],\"inLanguage\":\"hu\"},{\"@type\":\"Organization\",\"@id\":\"https:\/\/sikertitan.hu\/#organization\",\"name\":\"Siker Tit\u00e1n\",\"url\":\"https:\/\/sikertitan.hu\/\",\"logo\":{\"@type\":\"ImageObject\",\"inLanguage\":\"hu\",\"@id\":\"https:\/\/sikertitan.hu\/#\/schema\/logo\/image\/\",\"url\":\"https:\/\/sikertitan.hu\/wp-content\/uploads\/2024\/11\/cropped-Idezet-1080-x-400-keppont-1.png\",\"contentUrl\":\"https:\/\/sikertitan.hu\/wp-content\/uploads\/2024\/11\/cropped-Idezet-1080-x-400-keppont-1.png\",\"width\":878,\"height\":318,\"caption\":\"Siker Tit\u00e1n\"},\"image\":{\"@id\":\"https:\/\/sikertitan.hu\/#\/schema\/logo\/image\/\"}},{\"@type\":\"Person\",\"@id\":\"https:\/\/sikertitan.hu\/#\/schema\/person\/62145ff4922604a017d86a9aec58fb10\",\"name\":\"admin\",\"image\":{\"@type\":\"ImageObject\",\"inLanguage\":\"hu\",\"@id\":\"https:\/\/sikertitan.hu\/#\/schema\/person\/image\/\",\"url\":\"https:\/\/secure.gravatar.com\/avatar\/1707361b7c492b08f0be8d8db0253c8d889b1bc2036afdcdb5de7c557a631ba9?s=96&d=mm&r=g\",\"contentUrl\":\"https:\/\/secure.gravatar.com\/avatar\/1707361b7c492b08f0be8d8db0253c8d889b1bc2036afdcdb5de7c557a631ba9?s=96&d=mm&r=g\",\"caption\":\"admin\"},\"sameAs\":[\"https:\/\/sikertitan.hu\"],\"url\":\"https:\/\/sikertitan.hu\/index.php\/author\/sikertitan\/\"}]}<\/script>\n<!-- \/ Yoast SEO plugin. -->","yoast_head_json":{"title":"Huawei lesz az android \u00faj kih\u00edv\u00f3ja a j\u00f6v\u0151ben? - Siker Tit\u00e1n","description":"Egy \u00e9v alatt 22 sz\u00e1zal\u00e9kkal n\u00f6velte bev\u00e9teleit a Huawei, a k\u00ednai piacon pedig m\u00e1r az Apple-t is megel\u0151zve a m\u00e1sodik legnagyobb gy\u00e1rt\u00f3!","robots":{"index":"index","follow":"follow","max-snippet":"max-snippet:-1","max-image-preview":"max-image-preview:large","max-video-preview":"max-video-preview:-1"},"canonical":"https:\/\/sikertitan.hu\/index.php\/2025\/02\/07\/huawei\/","og_locale":"hu_HU","og_type":"article","og_title":"Huawei lesz az android \u00faj kih\u00edv\u00f3ja a j\u00f6v\u0151ben? - Siker Tit\u00e1n","og_description":"Egy \u00e9v alatt 22 sz\u00e1zal\u00e9kkal n\u00f6velte bev\u00e9teleit a Huawei, a k\u00ednai piacon pedig m\u00e1r az Apple-t is megel\u0151zve a m\u00e1sodik legnagyobb gy\u00e1rt\u00f3!","og_url":"https:\/\/sikertitan.hu\/index.php\/2025\/02\/07\/huawei\/","og_site_name":"Siker Tit\u00e1n","article_published_time":"2025-02-07T11:23:31+00:00","article_modified_time":"2025-02-07T11:23:32+00:00","og_image":[{"width":976,"height":549,"url":"https:\/\/sikertitan.hu\/wp-content\/uploads\/2025\/02\/90454298_gettyimages-486218040.jpg","type":"image\/jpeg"}],"author":"admin","twitter_card":"summary_large_image","twitter_misc":{"Szerz\u0151:":"admin","Becs\u00fclt olvas\u00e1si id\u0151":"5 perc"},"schema":{"@context":"https:\/\/schema.org","@graph":[{"@type":"Article","@id":"https:\/\/sikertitan.hu\/index.php\/2025\/02\/07\/huawei\/#article","isPartOf":{"@id":"https:\/\/sikertitan.hu\/index.php\/2025\/02\/07\/huawei\/"},"author":{"name":"admin","@id":"https:\/\/sikertitan.hu\/#\/schema\/person\/62145ff4922604a017d86a9aec58fb10"},"headline":"Huawei lesz az android \u00faj kih\u00edv\u00f3ja a j\u00f6v\u0151ben?","datePublished":"2025-02-07T11:23:31+00:00","dateModified":"2025-02-07T11:23:32+00:00","mainEntityOfPage":{"@id":"https:\/\/sikertitan.hu\/index.php\/2025\/02\/07\/huawei\/"},"wordCount":1197,"commentCount":0,"publisher":{"@id":"https:\/\/sikertitan.hu\/#organization"},"image":{"@id":"https:\/\/sikertitan.hu\/index.php\/2025\/02\/07\/huawei\/#primaryimage"},"thumbnailUrl":"https:\/\/sikertitan.hu\/wp-content\/uploads\/2025\/02\/90454298_gettyimages-486218040.jpg","keywords":["Android el\u0151ny\u00f6k","huawei","inspir\u00e1ci\u00f3","j\u00f6vedelem","k\u00edna","mate pro","online","p\u00e9nzkeres\u00e9s","siker"],"articleSection":["P\u00e9nz\u00fcgyek"],"inLanguage":"hu","potentialAction":[{"@type":"CommentAction","name":"Comment","target":["https:\/\/sikertitan.hu\/index.php\/2025\/02\/07\/huawei\/#respond"]}]},{"@type":"WebPage","@id":"https:\/\/sikertitan.hu\/index.php\/2025\/02\/07\/huawei\/","url":"https:\/\/sikertitan.hu\/index.php\/2025\/02\/07\/huawei\/","name":"Huawei lesz az android \u00faj kih\u00edv\u00f3ja a j\u00f6v\u0151ben? - Siker Tit\u00e1n","isPartOf":{"@id":"https:\/\/sikertitan.hu\/#website"},"primaryImageOfPage":{"@id":"https:\/\/sikertitan.hu\/index.php\/2025\/02\/07\/huawei\/#primaryimage"},"image":{"@id":"https:\/\/sikertitan.hu\/index.php\/2025\/02\/07\/huawei\/#primaryimage"},"thumbnailUrl":"https:\/\/sikertitan.hu\/wp-content\/uploads\/2025\/02\/90454298_gettyimages-486218040.jpg","datePublished":"2025-02-07T11:23:31+00:00","dateModified":"2025-02-07T11:23:32+00:00","description":"Egy \u00e9v alatt 22 sz\u00e1zal\u00e9kkal n\u00f6velte bev\u00e9teleit a Huawei, a k\u00ednai piacon pedig m\u00e1r az Apple-t is megel\u0151zve a m\u00e1sodik legnagyobb gy\u00e1rt\u00f3!","breadcrumb":{"@id":"https:\/\/sikertitan.hu\/index.php\/2025\/02\/07\/huawei\/#breadcrumb"},"inLanguage":"hu","potentialAction":[{"@type":"ReadAction","target":["https:\/\/sikertitan.hu\/index.php\/2025\/02\/07\/huawei\/"]}]},{"@type":"ImageObject","inLanguage":"hu","@id":"https:\/\/sikertitan.hu\/index.php\/2025\/02\/07\/huawei\/#primaryimage","url":"https:\/\/sikertitan.hu\/wp-content\/uploads\/2025\/02\/90454298_gettyimages-486218040.jpg","contentUrl":"https:\/\/sikertitan.hu\/wp-content\/uploads\/2025\/02\/90454298_gettyimages-486218040.jpg","width":"976","height":"549","caption":"huawei"},{"@type":"BreadcrumbList","@id":"https:\/\/sikertitan.hu\/index.php\/2025\/02\/07\/huawei\/#breadcrumb","itemListElement":[{"@type":"ListItem","position":1,"name":"Kezd\u0151lap","item":"https:\/\/sikertitan.hu\/"},{"@type":"ListItem","position":2,"name":"Huawei lesz az android \u00faj kih\u00edv\u00f3ja a j\u00f6v\u0151ben?"}]},{"@type":"WebSite","@id":"https:\/\/sikertitan.hu\/#website","url":"https:\/\/sikertitan.hu\/","name":"Siker Tit\u00e1n","description":"Inspir\u00e1ci\u00f3, fejl\u0151d\u00e9s \u00e9s gy\u0151zelem blogoldala","publisher":{"@id":"https:\/\/sikertitan.hu\/#organization"},"potentialAction":[{"@type":"SearchAction","target":{"@type":"EntryPoint","urlTemplate":"https:\/\/sikertitan.hu\/?s={search_term_string}"},"query-input":{"@type":"PropertyValueSpecification","valueRequired":true,"valueName":"search_term_string"}}],"inLanguage":"hu"},{"@type":"Organization","@id":"https:\/\/sikertitan.hu\/#organization","name":"Siker Tit\u00e1n","url":"https:\/\/sikertitan.hu\/","logo":{"@type":"ImageObject","inLanguage":"hu","@id":"https:\/\/sikertitan.hu\/#\/schema\/logo\/image\/","url":"https:\/\/sikertitan.hu\/wp-content\/uploads\/2024\/11\/cropped-Idezet-1080-x-400-keppont-1.png","contentUrl":"https:\/\/sikertitan.hu\/wp-content\/uploads\/2024\/11\/cropped-Idezet-1080-x-400-keppont-1.png","width":878,"height":318,"caption":"Siker Tit\u00e1n"},"image":{"@id":"https:\/\/sikertitan.hu\/#\/schema\/logo\/image\/"}},{"@type":"Person","@id":"https:\/\/sikertitan.hu\/#\/schema\/person\/62145ff4922604a017d86a9aec58fb10","name":"admin","image":{"@type":"ImageObject","inLanguage":"hu","@id":"https:\/\/sikertitan.hu\/#\/schema\/person\/image\/","url":"https:\/\/secure.gravatar.com\/avatar\/1707361b7c492b08f0be8d8db0253c8d889b1bc2036afdcdb5de7c557a631ba9?s=96&d=mm&r=g","contentUrl":"https:\/\/secure.gravatar.com\/avatar\/1707361b7c492b08f0be8d8db0253c8d889b1bc2036afdcdb5de7c557a631ba9?s=96&d=mm&r=g","caption":"admin"},"sameAs":["https:\/\/sikertitan.hu"],"url":"https:\/\/sikertitan.hu\/index.php\/author\/sikertitan\/"}]}},"views":94,"featured_image_urls":{"full":["https:\/\/sikertitan.hu\/wp-content\/uploads\/2025\/02\/90454298_gettyimages-486218040.jpg",976,549,false],"thumbnail":["https:\/\/sikertitan.hu\/wp-content\/uploads\/2025\/02\/90454298_gettyimages-486218040-150x150.jpg",150,150,true],"medium":["https:\/\/sikertitan.hu\/wp-content\/uploads\/2025\/02\/90454298_gettyimages-486218040-300x169.jpg",300,169,true],"medium_large":["https:\/\/sikertitan.hu\/wp-content\/uploads\/2025\/02\/90454298_gettyimages-486218040-768x432.jpg",640,360,true],"large":["https:\/\/sikertitan.hu\/wp-content\/uploads\/2025\/02\/90454298_gettyimages-486218040.jpg",640,360,false],"1536x1536":["https:\/\/sikertitan.hu\/wp-content\/uploads\/2025\/02\/90454298_gettyimages-486218040.jpg",976,549,false],"2048x2048":["https:\/\/sikertitan.hu\/wp-content\/uploads\/2025\/02\/90454298_gettyimages-486218040.jpg",976,549,false],"pubnews-featured":["https:\/\/sikertitan.hu\/wp-content\/uploads\/2025\/02\/90454298_gettyimages-486218040.jpg",976,549,false],"pubnews-list":["https:\/\/sikertitan.hu\/wp-content\/uploads\/2025\/02\/90454298_gettyimages-486218040-600x400.jpg",600,400,true],"pubnews-thumb":["https:\/\/sikertitan.hu\/wp-content\/uploads\/2025\/02\/90454298_gettyimages-486218040-300x200.jpg",300,200,true],"pubnews-small":["https:\/\/sikertitan.hu\/wp-content\/uploads\/2025\/02\/90454298_gettyimages-486218040-150x95.jpg",150,95,true],"pubnews-grid":["https:\/\/sikertitan.hu\/wp-content\/uploads\/2025\/02\/90454298_gettyimages-486218040-400x250.jpg",400,250,true]},"author_info":{"display_name":"admin","author_link":"https:\/\/sikertitan.hu\/index.php\/author\/sikertitan\/"},"category_info":"<a href=\"https:\/\/sikertitan.hu\/index.php\/category\/penzugyek\/\" rel=\"category tag\">P\u00e9nz\u00fcgyek<\/a>","tag_info":"P\u00e9nz\u00fcgyek","comment_count":"0","_links":{"self":[{"href":"https:\/\/sikertitan.hu\/index.php\/wp-json\/wp\/v2\/posts\/825","targetHints":{"allow":["GET"]}}],"collection":[{"href":"https:\/\/sikertitan.hu\/index.php\/wp-json\/wp\/v2\/posts"}],"about":[{"href":"https:\/\/sikertitan.hu\/index.php\/wp-json\/wp\/v2\/types\/post"}],"author":[{"embeddable":true,"href":"https:\/\/sikertitan.hu\/index.php\/wp-json\/wp\/v2\/users\/1"}],"replies":[{"embeddable":true,"href":"https:\/\/sikertitan.hu\/index.php\/wp-json\/wp\/v2\/comments?post=825"}],"version-history":[{"count":2,"href":"https:\/\/sikertitan.hu\/index.php\/wp-json\/wp\/v2\/posts\/825\/revisions"}],"predecessor-version":[{"id":831,"href":"https:\/\/sikertitan.hu\/index.php\/wp-json\/wp\/v2\/posts\/825\/revisions\/831"}],"wp:featuredmedia":[{"embeddable":true,"href":"https:\/\/sikertitan.hu\/index.php\/wp-json\/wp\/v2\/media\/827"}],"wp:attachment":[{"href":"https:\/\/sikertitan.hu\/index.php\/wp-json\/wp\/v2\/media?parent=825"}],"wp:term":[{"taxonomy":"category","embeddable":true,"href":"https:\/\/sikertitan.hu\/index.php\/wp-json\/wp\/v2\/categories?post=825"},{"taxonomy":"post_tag","embeddable":true,"href":"https:\/\/sikertitan.hu\/index.php\/wp-json\/wp\/v2\/tags?post=825"}],"curies":[{"name":"wp","href":"https:\/\/api.w.org\/{rel}","templated":true}]}}