{"id":798,"date":"2025-02-04T10:44:22","date_gmt":"2025-02-04T10:44:22","guid":{"rendered":"https:\/\/sikertitan.hu\/?p=798"},"modified":"2025-02-04T10:55:54","modified_gmt":"2025-02-04T10:55:54","slug":"tim-cook-apple","status":"publish","type":"post","link":"https:\/\/sikertitan.hu\/index.php\/2025\/02\/04\/tim-cook-apple\/","title":{"rendered":"Tim Cook \u00e9s az Apple: A v\u00e1llalat \u00e1talakul\u00e1sa Steve Jobs ut\u00e1n"},"content":{"rendered":"\n<h2 class=\"wp-block-heading\"><strong>Bevezet\u00e9s<\/strong><\/h2>\n\n\n\n<p class=\"wp-block-paragraph\">Amikor Steve Jobs 2011-ben \u00e1tadta a vez\u00e9rigazgat\u00f3i sz\u00e9ket Tim Cooknak, sokan k\u00e9ts\u00e9gekkel figyelt\u00e9k az Apple j\u00f6v\u0151j\u00e9t. Vajon k\u00e9pes lesz-e Cook fenntartani a v\u00e1llalat innov\u00e1ci\u00f3s lend\u00fclet\u00e9t \u00e9s siker\u00e9t? Az\u00f3ta eltelt t\u00f6bb mint egy \u00e9vtized, \u00e9s az Apple a vil\u00e1g egyik leg\u00e9rt\u00e9kesebb v\u00e1llalat\u00e1v\u00e1 v\u00e1lt. De hogyan form\u00e1lta Tim Cook az Apple-t, \u00e9s milyen hat\u00e1ssal volt a c\u00e9g n\u00f6veked\u00e9s\u00e9re \u00e9s strat\u00e9gi\u00e1j\u00e1ra?<\/p>\n\n\n\n<p class=\"wp-block-paragraph\">Ebben a cikkben megvizsg\u00e1ljuk Tim Cook vezet\u0151i st\u00edlus\u00e1t, az Apple p\u00e9nz\u00fcgyi \u00e9s term\u00e9kfejleszt\u00e9si \u00e1talakul\u00e1s\u00e1t, valamint azt, hogy milyen kih\u00edv\u00e1sokkal n\u00e9z szembe a v\u00e1llalat a j\u00f6v\u0151ben.<\/p>\n\n\n\n<h2 class=\"wp-block-heading\"><strong>F\u0151bb tanuls\u00e1gok<\/strong><\/h2>\n\n\n\n<ul class=\"wp-block-list\">\n<li><strong>Tim Cook stabilit\u00e1st \u00e9s p\u00e9nz\u00fcgyi n\u00f6veked\u00e9st hozott az Apple sz\u00e1m\u00e1ra<\/strong>, mik\u00f6zben az innov\u00e1ci\u00f3s kult\u00far\u00e1t is fenntartotta.<\/li>\n\n\n\n<li><strong>Az Apple egyre ink\u00e1bb a szolg\u00e1ltat\u00e1sokra t\u00e1maszkodik<\/strong>, mint p\u00e9ld\u00e1ul az Apple Music, iCloud \u00e9s Apple Pay.<\/li>\n\n\n\n<li><strong>Cook hangs\u00falyt fektetett a fenntarthat\u00f3s\u00e1gra \u00e9s a t\u00e1rsadalmi felel\u0151ss\u00e9gv\u00e1llal\u00e1sra<\/strong>, ezzel \u00faj ir\u00e1nyokat szabva a c\u00e9gnek.<\/li>\n\n\n\n<li><strong>A term\u00e9kpaletta kib\u0151v\u00fclt<\/strong> az Apple Watch, az AirPods \u00e9s a saj\u00e1t fejleszt\u00e9s\u0171 chipek (pl. M1, M2) bevezet\u00e9s\u00e9vel.<\/li>\n\n\n\n<li><strong>A legnagyobb kih\u00edv\u00e1sok k\u00f6z\u00e9 tartozik a k\u00ednai piaci helyzet, a szab\u00e1lyoz\u00e1sok \u00e9s az \u00faj technol\u00f3giai ir\u00e1nyok, p\u00e9ld\u00e1ul az AI \u00e9s az AR.<\/strong><\/li>\n<\/ul>\n\n\n<div class=\"wp-block-image is-style-default\">\n<figure class=\"aligncenter size-large is-resized\"><img loading=\"lazy\" decoding=\"async\" width=\"1024\" height=\"683\" src=\"https:\/\/sikertitan.hu\/wp-content\/uploads\/2025\/02\/210823154240-restricted-01-tim-cook-apple-career-unf-1024x683.jpg\" alt=\"Tim Cook Steve Jobs apple\" class=\"wp-image-800\" style=\"width:500px\" srcset=\"https:\/\/sikertitan.hu\/wp-content\/uploads\/2025\/02\/210823154240-restricted-01-tim-cook-apple-career-unf-1024x683.jpg 1024w, https:\/\/sikertitan.hu\/wp-content\/uploads\/2025\/02\/210823154240-restricted-01-tim-cook-apple-career-unf-300x200.jpg 300w, https:\/\/sikertitan.hu\/wp-content\/uploads\/2025\/02\/210823154240-restricted-01-tim-cook-apple-career-unf-768x512.jpg 768w, https:\/\/sikertitan.hu\/wp-content\/uploads\/2025\/02\/210823154240-restricted-01-tim-cook-apple-career-unf-1536x1024.jpg 1536w, https:\/\/sikertitan.hu\/wp-content\/uploads\/2025\/02\/210823154240-restricted-01-tim-cook-apple-career-unf-2048x1365.jpg 2048w, https:\/\/sikertitan.hu\/wp-content\/uploads\/2025\/02\/210823154240-restricted-01-tim-cook-apple-career-unf-600x400.jpg 600w\" sizes=\"auto, (max-width: 1024px) 100vw, 1024px\" \/><\/figure>\n<\/div>\n\n\n<h2 class=\"wp-block-heading\"><strong>Tim Cook vezet\u00e9si st\u00edlusa \u00e9s hat\u00e1sa az Apple-re<\/strong><\/h2>\n\n\n\n<p class=\"wp-block-paragraph\">Tim Cook teljesen m\u00e1s vezet\u0151i filoz\u00f3fi\u00e1t k\u00e9pvisel, mint Steve Jobs. M\u00edg Jobs a term\u00e9kfejleszt\u00e9s \u00e9s az innov\u00e1ci\u00f3 megsz\u00e1llottja volt, Cook a m\u0171k\u00f6d\u00e9si hat\u00e9konys\u00e1gra, a p\u00e9nz\u00fcgyi stabilit\u00e1sra \u00e9s a glob\u00e1lis terjeszked\u00e9sre helyezte a hangs\u00falyt.<\/p>\n\n\n\n<h3 class=\"wp-block-heading\"><strong>Menedzsment \u00e9s m\u0171k\u00f6d\u00e9si hat\u00e9konys\u00e1g<\/strong><\/h3>\n\n\n\n<p class=\"wp-block-paragraph\">Cook m\u00e1r Steve Jobs mellett is az Apple ell\u00e1t\u00e1si l\u00e1nc\u00e1nak \u00e9s m\u0171k\u00f6d\u00e9si strukt\u00far\u00e1j\u00e1nak mestere volt. Vezet\u00e9se alatt az Apple:<\/p>\n\n\n\n<ul class=\"wp-block-list\">\n<li><strong>Optimaliz\u00e1lta a gy\u00e1rt\u00e1si folyamatokat<\/strong>, \u00edgy cs\u00f6kkentve a k\u00f6lts\u00e9geket \u00e9s n\u00f6velve a profitot.<\/li>\n\n\n\n<li><strong>F\u00f3kusz\u00e1ltabb\u00e1 tette a term\u00e9kfejleszt\u00e9st<\/strong>, \u00edgy elker\u00fclve a felesleges term\u00e9kpaletta b\u0151v\u00edt\u00e9st.<\/li>\n\n\n\n<li><strong>Tov\u00e1bb er\u0151s\u00edtette a k\u00ednai gy\u00e1rt\u00e1si kapcsolatokat<\/strong>, b\u00e1r ez hossz\u00fa t\u00e1von kock\u00e1zatokat is rejt.<\/li>\n<\/ul>\n\n\n\n<h3 class=\"wp-block-heading\"><strong>\u00daj p\u00e9nz\u00fcgyi cs\u00facsok \u00e9s a szolg\u00e1ltat\u00e1sok n\u00f6veked\u00e9se<\/strong><\/h3>\n\n\n\n<p class=\"wp-block-paragraph\">Tim Cook vezet\u00e9se alatt az Apple a vil\u00e1g egyik leg\u00e9rt\u00e9kesebb v\u00e1llalat\u00e1v\u00e1 n\u0151tte ki mag\u00e1t, r\u00e9szv\u00e9nyei t\u00f6bb mint <strong>1000%-kal n\u00f6vekedtek<\/strong> 2011 \u00f3ta. Ennek egyik kulcsa az volt, hogy a c\u00e9g nemcsak hardvergy\u00e1rt\u00f3k\u00e9nt, hanem <strong>szolg\u00e1ltat\u00e1si \u00f3ri\u00e1sk\u00e9nt<\/strong> is elkezdett m\u0171k\u00f6dni.<\/p>\n\n\n\n<p class=\"wp-block-paragraph\">Az Apple bev\u00e9teli forr\u00e1sai \u00edgy v\u00e1ltoztak:<\/p>\n\n\n\n<figure class=\"wp-block-table\"><table class=\"has-fixed-layout\"><thead><tr><th>\u00c9v<\/th><th>Hardver bev\u00e9tel (%)<\/th><th>Szolg\u00e1ltat\u00e1sok bev\u00e9tel (%)<\/th><\/tr><\/thead><tbody><tr><td>2011<\/td><td>90%<\/td><td>10%<\/td><\/tr><tr><td>2023<\/td><td>75%<\/td><td>25%<\/td><\/tr><\/tbody><\/table><\/figure>\n\n\n\n<p class=\"wp-block-paragraph\">Az <strong>App Store, az Apple Music, az Apple TV+, az iCloud \u00e9s az Apple Pay<\/strong> folyamatosan n\u00f6vekv\u0151 bev\u00e9teli forr\u00e1ss\u00e1 v\u00e1lt, ami hossz\u00fa t\u00e1v\u00fa stabilit\u00e1st ad a c\u00e9gnek.<\/p>\n\n\n\n<h3 class=\"wp-block-heading\"><strong>Fenntarthat\u00f3s\u00e1g \u00e9s t\u00e1rsadalmi felel\u0151ss\u00e9gv\u00e1llal\u00e1s<\/strong><\/h3>\n\n\n\n<p class=\"wp-block-paragraph\">Tim Cook egyik legnagyobb hat\u00e1sa az Apple kultur\u00e1lis \u00e9s etikai meg\u00fajul\u00e1sa.<\/p>\n\n\n\n<ul class=\"wp-block-list\">\n<li><strong>100%-ban meg\u00fajul\u00f3 energi\u00e1ra \u00e1lltak \u00e1t az Apple irod\u00e1i \u00e9s adatk\u00f6zpontjai.<\/strong><\/li>\n\n\n\n<li><strong>K\u00f6rnyezetbar\u00e1t csomagol\u00e1s \u00e9s \u00fajrahasznos\u00edtott anyagok<\/strong> ker\u00fcltek bevezet\u00e9sre az eszk\u00f6z\u00f6k gy\u00e1rt\u00e1s\u00e1ban.<\/li>\n\n\n\n<li><strong>Nagyobb hangs\u00falyt fektetett az egyenl\u0151s\u00e9gre \u00e9s a diverzit\u00e1sra<\/strong> a v\u00e1llalati k\u00f6rnyezetben.<\/li>\n<\/ul>\n\n\n\n<p class=\"wp-block-paragraph\">Cook az Apple-t olyan v\u00e1llalatt\u00e1 tette, amely nemcsak technol\u00f3giai, hanem t\u00e1rsadalmi szempontb\u00f3l is p\u00e9ldamutat\u00f3.<\/p>\n\n\n<div class=\"wp-block-image\">\n<figure class=\"aligncenter size-large is-resized\"><img loading=\"lazy\" decoding=\"async\" width=\"1024\" height=\"1024\" src=\"https:\/\/sikertitan.hu\/wp-content\/uploads\/2025\/02\/square-1024x1024.avif\" alt=\"Tim Cook Steve Jobs apple\" class=\"wp-image-801\" style=\"width:500px\" srcset=\"https:\/\/sikertitan.hu\/wp-content\/uploads\/2025\/02\/square-1024x1024.avif 1024w, https:\/\/sikertitan.hu\/wp-content\/uploads\/2025\/02\/square-300x300.avif 300w, https:\/\/sikertitan.hu\/wp-content\/uploads\/2025\/02\/square-150x150.avif 150w, https:\/\/sikertitan.hu\/wp-content\/uploads\/2025\/02\/square-768x768.avif 768w, https:\/\/sikertitan.hu\/wp-content\/uploads\/2025\/02\/square.avif 1278w\" sizes=\"auto, (max-width: 1024px) 100vw, 1024px\" \/><\/figure>\n<\/div>\n\n\n<h2 class=\"wp-block-heading\"><strong>Term\u00e9kfejleszt\u00e9si ir\u00e1nyok Tim Cook alatt<\/strong><\/h2>\n\n\n\n<p class=\"wp-block-paragraph\">Cook vezet\u00e9se alatt az Apple nemcsak folytatta a megl\u00e9v\u0151 term\u00e9kvonalak fejleszt\u00e9s\u00e9t, hanem \u00faj piacokat is megh\u00f3d\u00edtott.<\/p>\n\n\n\n<h3 class=\"wp-block-heading\"><strong>\u00daj term\u00e9kek, \u00faj kateg\u00f3ri\u00e1k<\/strong><\/h3>\n\n\n\n<ul class=\"wp-block-list\">\n<li><strong>Apple Watch (2015)<\/strong> \u2192 A vil\u00e1g egyik legn\u00e9pszer\u0171bb okos\u00f3r\u00e1ja lett, amely nagy bev\u00e9telt termel a viselhet\u0151 eszk\u00f6z\u00f6k piac\u00e1n.<\/li>\n\n\n\n<li><strong>AirPods (2016)<\/strong> \u2192 Az egyik legkelend\u0151bb vezet\u00e9k n\u00e9lk\u00fcli f\u00fclhallgat\u00f3 a vil\u00e1gon.<\/li>\n\n\n\n<li><strong>M1 \u00e9s M2 chipek (2020\u20132023)<\/strong> \u2192 Az Apple saj\u00e1t fejleszt\u00e9s\u0171 processzorai forradalmat hoztak a Mac sz\u00e1m\u00edt\u00f3g\u00e9pek teljes\u00edtm\u00e9ny\u00e9ben \u00e9s energiahat\u00e9konys\u00e1g\u00e1ban.<\/li>\n\n\n\n<li><strong>Apple Vision Pro (2024)<\/strong> \u2192 Az Apple els\u0151 AR\/VR headsetje, amely egy \u00faj technol\u00f3giai korszak kezdet\u00e9t jelentheti.<\/li>\n<\/ul>\n\n\n\n<p class=\"wp-block-paragraph\">B\u00e1r ezek a term\u00e9kek sikeresek voltak, az Apple m\u00e9g mindig keresi a k\u00f6vetkez\u0151 \u201enagy dob\u00e1st\u201d, amely az iPhone szint\u0171 \u00e1tt\u00f6r\u00e9st hozhatn\u00e1.<\/p>\n\n\n\n<h2 class=\"wp-block-heading\"><strong>A legnagyobb kih\u00edv\u00e1sok Tim Cook el\u0151tt<\/strong><\/h2>\n\n\n\n<p class=\"wp-block-paragraph\">B\u00e1r az Apple Cook vezet\u00e9s\u00e9vel sikeresebb, mint valaha, a v\u00e1llalatnak komoly kih\u00edv\u00e1sokkal is szembe kell n\u00e9znie:<\/p>\n\n\n\n<h3 class=\"wp-block-heading\"><strong>1. Verseny az AI \u00e9s AR ter\u00fclet\u00e9n<\/strong><\/h3>\n\n\n\n<p class=\"wp-block-paragraph\">A mesters\u00e9ges intelligencia \u00e9s az AR\/VR technol\u00f3gia ter\u00fclet\u00e9n a Google, az OpenAI \u00e9s a Meta is er\u0151s versenyz\u0151. Az Apple-nek fel kell gyors\u00edtania az AI-fejleszt\u00e9seit, ha versenyk\u00e9pes akar maradni.<\/p>\n\n\n\n<h3 class=\"wp-block-heading\"><strong>2. Szab\u00e1lyoz\u00e1si kih\u00edv\u00e1sok \u00e9s antitr\u00f6szt-perek<\/strong><\/h3>\n\n\n\n<p class=\"wp-block-paragraph\">Az EU \u00e9s az USA is vizsg\u00e1lja az Apple \u00fczleti gyakorlat\u00e1t, k\u00fcl\u00f6n\u00f6sen az App Store \u00e9s az Apple Pay dominanci\u00e1j\u00e1t. A szab\u00e1lyoz\u00e1sok cs\u00f6kkenthetik a c\u00e9g bev\u00e9teleit.<\/p>\n\n\n\n<h3 class=\"wp-block-heading\"><strong>3. K\u00ednai piac \u00e9s gy\u00e1rt\u00e1si kock\u00e1zatok<\/strong><\/h3>\n\n\n\n<p class=\"wp-block-paragraph\">Az Apple bev\u00e9teleinek jelent\u0151s r\u00e9sze K\u00edn\u00e1b\u00f3l sz\u00e1rmazik, de a geopolitikai fesz\u00fclts\u00e9gek \u00e9s a k\u00ednai korm\u00e1ny szab\u00e1lyoz\u00e1sai hossz\u00fa t\u00e1von vesz\u00e9lyt jelenthetnek.<\/p>\n\n\n<div class=\"wp-block-image\">\n<figure class=\"aligncenter size-full is-resized\"><img loading=\"lazy\" decoding=\"async\" width=\"750\" height=\"503\" src=\"https:\/\/sikertitan.hu\/wp-content\/uploads\/2025\/02\/Cook\u5728George-Washington-University.jpg\" alt=\"Tim Cook Steve Jobs apple\" class=\"wp-image-802\" style=\"width:500px\" srcset=\"https:\/\/sikertitan.hu\/wp-content\/uploads\/2025\/02\/Cook\u5728George-Washington-University.jpg 750w, https:\/\/sikertitan.hu\/wp-content\/uploads\/2025\/02\/Cook\u5728George-Washington-University-300x200.jpg 300w\" sizes=\"auto, (max-width: 750px) 100vw, 750px\" \/><\/figure>\n<\/div>\n\n\n<h2 class=\"wp-block-heading\"><strong>\u00d6sszegz\u00e9s<\/strong><\/h2>\n\n\n\n<p class=\"wp-block-paragraph\">Tim Cook nemcsak megtartotta az Apple sikeress\u00e9g\u00e9t Steve Jobs ut\u00e1n, hanem teljesen \u00e1talak\u00edtotta a v\u00e1llalat \u00fczleti modellj\u00e9t. A szolg\u00e1ltat\u00e1sok n\u00f6veked\u00e9se, az \u00faj term\u00e9kkateg\u00f3ri\u00e1k \u00e9s a fenntarthat\u00f3s\u00e1g mind hozz\u00e1j\u00e1rultak ahhoz, hogy az Apple tov\u00e1bbra is a vil\u00e1g egyik legbefoly\u00e1sosabb v\u00e1llalata maradjon.<\/p>\n\n\n\n<p class=\"wp-block-paragraph\">A k\u00f6vetkez\u0151 \u00e9vek kulcsk\u00e9rd\u00e9se az, hogy az Apple k\u00e9pes lesz-e az AI, AR \u00e9s m\u00e1s \u00faj technol\u00f3gi\u00e1k ter\u00e9n is vezet\u0151 szerepl\u0151v\u00e9 v\u00e1lni. Cook eddig bizony\u00edtotta r\u00e1termetts\u00e9g\u00e9t \u2013 de vajon mit hoz a k\u00f6vetkez\u0151 \u00e9vtized az Apple sz\u00e1m\u00e1ra?<\/p>\n\n\n\n<hr class=\"wp-block-separator has-alpha-channel-opacity\"\/>\n\n\n\n<h2 class=\"wp-block-heading\"><strong>Gyakran Ism\u00e9telt K\u00e9rd\u00e9sek (FAQ)<\/strong><\/h2>\n\n\n\n<p class=\"wp-block-paragraph\"><strong>Hogyan v\u00e1ltozott az Apple Steve Jobs ut\u00e1n?<\/strong><br>Az Apple sokkal stabilabb p\u00e9nz\u00fcgyileg, \u00e9s nagyobb hangs\u00falyt fektet a szolg\u00e1ltat\u00e1sokra \u00e9s fenntarthat\u00f3s\u00e1gra.<\/p>\n\n\n\n<p class=\"wp-block-paragraph\"><strong>Mik Tim Cook legnagyobb sikerei?<\/strong><br>Az Apple Watch, az AirPods, az M1\/M2 chipek \u00e9s az Apple Vision Pro mind Cook vezet\u00e9se alatt jelentek meg.<\/p>\n\n\n\n<p class=\"wp-block-paragraph\"><strong>Milyen kih\u00edv\u00e1sokkal n\u00e9z szembe az Apple a j\u00f6v\u0151ben?<\/strong><br>AI, AR verseny, szab\u00e1lyoz\u00e1si korl\u00e1toz\u00e1sok \u00e9s a k\u00ednai piaci helyzet.<\/p>\n\n\n\n<p class=\"wp-block-paragraph\">Az Apple j\u00f6v\u0151je izgalmas \u2013 \u00e9s minden szem Tim Cook d\u00f6nt\u00e9seire szegez\u0151dik. \ud83d\ude80<\/p>\n\n\n\n<p class=\"wp-block-paragraph\">Kapcsol\u00f3d\u00f3 cikk\u00fcnk a t\u00e9m\u00e1hoz: <strong><em><a href=\"https:\/\/sikertitan.hu\/index.php\/2025\/01\/12\/steve-jobs-innovacios-oroksege\/\">Steve Jobs<\/a><\/em><\/strong><\/p>\n","protected":false},"excerpt":{"rendered":"<p>Bevezet\u00e9s Amikor Steve Jobs 2011-ben \u00e1tadta a vez\u00e9rigazgat\u00f3i sz\u00e9ket Tim Cooknak, sokan k\u00e9ts\u00e9gekkel figyelt\u00e9k az Apple j\u00f6v\u0151j\u00e9t. Vajon k\u00e9pes lesz-e Cook fenntartani a v\u00e1llalat innov\u00e1ci\u00f3s lend\u00fclet\u00e9t \u00e9s siker\u00e9t? Az\u00f3ta eltelt t\u00f6bb mint egy \u00e9vtized, \u00e9s az Apple a vil\u00e1g egyik leg\u00e9rt\u00e9kesebb v\u00e1llalat\u00e1v\u00e1 v\u00e1lt. De hogyan form\u00e1lta Tim Cook az Apple-t, \u00e9s milyen hat\u00e1ssal volt a&#8230;<\/p>\n","protected":false},"author":1,"featured_media":799,"comment_status":"open","ping_status":"open","sticky":false,"template":"","format":"standard","meta":{"footnotes":""},"categories":[10],"tags":[622,21,410,25,48,82,14,44,18,544,20,625],"class_list":["post-798","post","type-post","status-publish","format-standard","has-post-thumbnail","hentry","category-tortenetek","tag-apple","tag-fejlodes","tag-innovacio","tag-inspiracio","tag-jovedelem","tag-kozossegi-media","tag-online","tag-penzkereses","tag-siker","tag-steve-jobs","tag-technologia","tag-tim-cook"],"yoast_head":"<!-- This site is optimized with the Yoast SEO plugin v25.5 - https:\/\/yoast.com\/wordpress\/plugins\/seo\/ -->\n<title>Tim Cook \u00e9s az Apple: A v\u00e1llalat \u00e1talakul\u00e1sa Steve Jobs ut\u00e1n - Siker Tit\u00e1n<\/title>\n<meta name=\"description\" content=\"Tim Cook \u00e9s az Apple: a v\u00e1llalat \u00e1talakul\u00e1sa Steve Jobs ut\u00e1n! Vajon k\u00e9pes lesz-e fenntartani a v\u00e1llalat innov\u00e1ci\u00f3s lend\u00fclet\u00e9t \u00e9s siker\u00e9t?\" \/>\n<meta name=\"robots\" content=\"index, follow, max-snippet:-1, max-image-preview:large, max-video-preview:-1\" \/>\n<link rel=\"canonical\" href=\"https:\/\/sikertitan.hu\/index.php\/2025\/02\/04\/tim-cook-apple\/\" \/>\n<meta property=\"og:locale\" content=\"hu_HU\" \/>\n<meta property=\"og:type\" content=\"article\" \/>\n<meta property=\"og:title\" content=\"Tim Cook \u00e9s az Apple: A v\u00e1llalat \u00e1talakul\u00e1sa Steve Jobs ut\u00e1n - Siker Tit\u00e1n\" \/>\n<meta property=\"og:description\" content=\"Tim Cook \u00e9s az Apple: a v\u00e1llalat \u00e1talakul\u00e1sa Steve Jobs ut\u00e1n! Vajon k\u00e9pes lesz-e fenntartani a v\u00e1llalat innov\u00e1ci\u00f3s lend\u00fclet\u00e9t \u00e9s siker\u00e9t?\" \/>\n<meta property=\"og:url\" content=\"https:\/\/sikertitan.hu\/index.php\/2025\/02\/04\/tim-cook-apple\/\" \/>\n<meta property=\"og:site_name\" content=\"Siker Tit\u00e1n\" \/>\n<meta property=\"article:published_time\" content=\"2025-02-04T10:44:22+00:00\" \/>\n<meta property=\"article:modified_time\" content=\"2025-02-04T10:55:54+00:00\" \/>\n<meta property=\"og:image\" content=\"https:\/\/sikertitan.hu\/wp-content\/uploads\/2025\/02\/apple-tim-cook-1200px.jpg\" \/>\n\t<meta property=\"og:image:width\" content=\"1200\" \/>\n\t<meta property=\"og:image:height\" content=\"640\" \/>\n\t<meta property=\"og:image:type\" content=\"image\/jpeg\" \/>\n<meta name=\"author\" content=\"admin\" \/>\n<meta name=\"twitter:card\" content=\"summary_large_image\" \/>\n<meta name=\"twitter:label1\" content=\"Szerz\u0151:\" \/>\n\t<meta name=\"twitter:data1\" content=\"admin\" \/>\n\t<meta name=\"twitter:label2\" content=\"Becs\u00fclt olvas\u00e1si id\u0151\" \/>\n\t<meta name=\"twitter:data2\" content=\"6 perc\" \/>\n<script type=\"application\/ld+json\" class=\"yoast-schema-graph\">{\"@context\":\"https:\/\/schema.org\",\"@graph\":[{\"@type\":\"Article\",\"@id\":\"https:\/\/sikertitan.hu\/index.php\/2025\/02\/04\/tim-cook-apple\/#article\",\"isPartOf\":{\"@id\":\"https:\/\/sikertitan.hu\/index.php\/2025\/02\/04\/tim-cook-apple\/\"},\"author\":{\"name\":\"admin\",\"@id\":\"https:\/\/sikertitan.hu\/#\/schema\/person\/62145ff4922604a017d86a9aec58fb10\"},\"headline\":\"Tim Cook \u00e9s az Apple: A v\u00e1llalat \u00e1talakul\u00e1sa Steve Jobs ut\u00e1n\",\"datePublished\":\"2025-02-04T10:44:22+00:00\",\"dateModified\":\"2025-02-04T10:55:54+00:00\",\"mainEntityOfPage\":{\"@id\":\"https:\/\/sikertitan.hu\/index.php\/2025\/02\/04\/tim-cook-apple\/\"},\"wordCount\":1223,\"commentCount\":3,\"publisher\":{\"@id\":\"https:\/\/sikertitan.hu\/#organization\"},\"image\":{\"@id\":\"https:\/\/sikertitan.hu\/index.php\/2025\/02\/04\/tim-cook-apple\/#primaryimage\"},\"thumbnailUrl\":\"https:\/\/sikertitan.hu\/wp-content\/uploads\/2025\/02\/apple-tim-cook-1200px.jpg\",\"keywords\":[\"apple\",\"fejl\u0151d\u00e9s\",\"innov\u00e1ci\u00f3\",\"inspir\u00e1ci\u00f3\",\"j\u00f6vedelem\",\"k\u00f6z\u00f6ss\u00e9gi m\u00e9dia\",\"online\",\"p\u00e9nzkeres\u00e9s\",\"siker\",\"Steve Jobs\",\"technol\u00f3gia\",\"Tim Cook\"],\"articleSection\":[\"T\u00f6rt\u00e9netek\"],\"inLanguage\":\"hu\",\"potentialAction\":[{\"@type\":\"CommentAction\",\"name\":\"Comment\",\"target\":[\"https:\/\/sikertitan.hu\/index.php\/2025\/02\/04\/tim-cook-apple\/#respond\"]}]},{\"@type\":\"WebPage\",\"@id\":\"https:\/\/sikertitan.hu\/index.php\/2025\/02\/04\/tim-cook-apple\/\",\"url\":\"https:\/\/sikertitan.hu\/index.php\/2025\/02\/04\/tim-cook-apple\/\",\"name\":\"Tim Cook \u00e9s az Apple: A v\u00e1llalat \u00e1talakul\u00e1sa Steve Jobs ut\u00e1n - Siker Tit\u00e1n\",\"isPartOf\":{\"@id\":\"https:\/\/sikertitan.hu\/#website\"},\"primaryImageOfPage\":{\"@id\":\"https:\/\/sikertitan.hu\/index.php\/2025\/02\/04\/tim-cook-apple\/#primaryimage\"},\"image\":{\"@id\":\"https:\/\/sikertitan.hu\/index.php\/2025\/02\/04\/tim-cook-apple\/#primaryimage\"},\"thumbnailUrl\":\"https:\/\/sikertitan.hu\/wp-content\/uploads\/2025\/02\/apple-tim-cook-1200px.jpg\",\"datePublished\":\"2025-02-04T10:44:22+00:00\",\"dateModified\":\"2025-02-04T10:55:54+00:00\",\"description\":\"Tim Cook \u00e9s az Apple: a v\u00e1llalat \u00e1talakul\u00e1sa Steve Jobs ut\u00e1n! Vajon k\u00e9pes lesz-e fenntartani a v\u00e1llalat innov\u00e1ci\u00f3s lend\u00fclet\u00e9t \u00e9s siker\u00e9t?\",\"breadcrumb\":{\"@id\":\"https:\/\/sikertitan.hu\/index.php\/2025\/02\/04\/tim-cook-apple\/#breadcrumb\"},\"inLanguage\":\"hu\",\"potentialAction\":[{\"@type\":\"ReadAction\",\"target\":[\"https:\/\/sikertitan.hu\/index.php\/2025\/02\/04\/tim-cook-apple\/\"]}]},{\"@type\":\"ImageObject\",\"inLanguage\":\"hu\",\"@id\":\"https:\/\/sikertitan.hu\/index.php\/2025\/02\/04\/tim-cook-apple\/#primaryimage\",\"url\":\"https:\/\/sikertitan.hu\/wp-content\/uploads\/2025\/02\/apple-tim-cook-1200px.jpg\",\"contentUrl\":\"https:\/\/sikertitan.hu\/wp-content\/uploads\/2025\/02\/apple-tim-cook-1200px.jpg\",\"width\":\"1200\",\"height\":\"640\",\"caption\":\"Tim Cook apple\"},{\"@type\":\"BreadcrumbList\",\"@id\":\"https:\/\/sikertitan.hu\/index.php\/2025\/02\/04\/tim-cook-apple\/#breadcrumb\",\"itemListElement\":[{\"@type\":\"ListItem\",\"position\":1,\"name\":\"Kezd\u0151lap\",\"item\":\"https:\/\/sikertitan.hu\/\"},{\"@type\":\"ListItem\",\"position\":2,\"name\":\"Tim Cook \u00e9s az Apple: A v\u00e1llalat \u00e1talakul\u00e1sa Steve Jobs ut\u00e1n\"}]},{\"@type\":\"WebSite\",\"@id\":\"https:\/\/sikertitan.hu\/#website\",\"url\":\"https:\/\/sikertitan.hu\/\",\"name\":\"Siker Tit\u00e1n\",\"description\":\"Inspir\u00e1ci\u00f3, fejl\u0151d\u00e9s \u00e9s gy\u0151zelem blogoldala\",\"publisher\":{\"@id\":\"https:\/\/sikertitan.hu\/#organization\"},\"potentialAction\":[{\"@type\":\"SearchAction\",\"target\":{\"@type\":\"EntryPoint\",\"urlTemplate\":\"https:\/\/sikertitan.hu\/?s={search_term_string}\"},\"query-input\":{\"@type\":\"PropertyValueSpecification\",\"valueRequired\":true,\"valueName\":\"search_term_string\"}}],\"inLanguage\":\"hu\"},{\"@type\":\"Organization\",\"@id\":\"https:\/\/sikertitan.hu\/#organization\",\"name\":\"Siker Tit\u00e1n\",\"url\":\"https:\/\/sikertitan.hu\/\",\"logo\":{\"@type\":\"ImageObject\",\"inLanguage\":\"hu\",\"@id\":\"https:\/\/sikertitan.hu\/#\/schema\/logo\/image\/\",\"url\":\"https:\/\/sikertitan.hu\/wp-content\/uploads\/2024\/11\/cropped-Idezet-1080-x-400-keppont-1.png\",\"contentUrl\":\"https:\/\/sikertitan.hu\/wp-content\/uploads\/2024\/11\/cropped-Idezet-1080-x-400-keppont-1.png\",\"width\":878,\"height\":318,\"caption\":\"Siker Tit\u00e1n\"},\"image\":{\"@id\":\"https:\/\/sikertitan.hu\/#\/schema\/logo\/image\/\"}},{\"@type\":\"Person\",\"@id\":\"https:\/\/sikertitan.hu\/#\/schema\/person\/62145ff4922604a017d86a9aec58fb10\",\"name\":\"admin\",\"image\":{\"@type\":\"ImageObject\",\"inLanguage\":\"hu\",\"@id\":\"https:\/\/sikertitan.hu\/#\/schema\/person\/image\/\",\"url\":\"https:\/\/secure.gravatar.com\/avatar\/1707361b7c492b08f0be8d8db0253c8d889b1bc2036afdcdb5de7c557a631ba9?s=96&d=mm&r=g\",\"contentUrl\":\"https:\/\/secure.gravatar.com\/avatar\/1707361b7c492b08f0be8d8db0253c8d889b1bc2036afdcdb5de7c557a631ba9?s=96&d=mm&r=g\",\"caption\":\"admin\"},\"sameAs\":[\"https:\/\/sikertitan.hu\"],\"url\":\"https:\/\/sikertitan.hu\/index.php\/author\/sikertitan\/\"}]}<\/script>\n<!-- \/ Yoast SEO plugin. -->","yoast_head_json":{"title":"Tim Cook \u00e9s az Apple: A v\u00e1llalat \u00e1talakul\u00e1sa Steve Jobs ut\u00e1n - Siker Tit\u00e1n","description":"Tim Cook \u00e9s az Apple: a v\u00e1llalat \u00e1talakul\u00e1sa Steve Jobs ut\u00e1n! Vajon k\u00e9pes lesz-e fenntartani a v\u00e1llalat innov\u00e1ci\u00f3s lend\u00fclet\u00e9t \u00e9s siker\u00e9t?","robots":{"index":"index","follow":"follow","max-snippet":"max-snippet:-1","max-image-preview":"max-image-preview:large","max-video-preview":"max-video-preview:-1"},"canonical":"https:\/\/sikertitan.hu\/index.php\/2025\/02\/04\/tim-cook-apple\/","og_locale":"hu_HU","og_type":"article","og_title":"Tim Cook \u00e9s az Apple: A v\u00e1llalat \u00e1talakul\u00e1sa Steve Jobs ut\u00e1n - Siker Tit\u00e1n","og_description":"Tim Cook \u00e9s az Apple: a v\u00e1llalat \u00e1talakul\u00e1sa Steve Jobs ut\u00e1n! Vajon k\u00e9pes lesz-e fenntartani a v\u00e1llalat innov\u00e1ci\u00f3s lend\u00fclet\u00e9t \u00e9s siker\u00e9t?","og_url":"https:\/\/sikertitan.hu\/index.php\/2025\/02\/04\/tim-cook-apple\/","og_site_name":"Siker Tit\u00e1n","article_published_time":"2025-02-04T10:44:22+00:00","article_modified_time":"2025-02-04T10:55:54+00:00","og_image":[{"width":1200,"height":640,"url":"https:\/\/sikertitan.hu\/wp-content\/uploads\/2025\/02\/apple-tim-cook-1200px.jpg","type":"image\/jpeg"}],"author":"admin","twitter_card":"summary_large_image","twitter_misc":{"Szerz\u0151:":"admin","Becs\u00fclt olvas\u00e1si id\u0151":"6 perc"},"schema":{"@context":"https:\/\/schema.org","@graph":[{"@type":"Article","@id":"https:\/\/sikertitan.hu\/index.php\/2025\/02\/04\/tim-cook-apple\/#article","isPartOf":{"@id":"https:\/\/sikertitan.hu\/index.php\/2025\/02\/04\/tim-cook-apple\/"},"author":{"name":"admin","@id":"https:\/\/sikertitan.hu\/#\/schema\/person\/62145ff4922604a017d86a9aec58fb10"},"headline":"Tim Cook \u00e9s az Apple: A v\u00e1llalat \u00e1talakul\u00e1sa Steve Jobs ut\u00e1n","datePublished":"2025-02-04T10:44:22+00:00","dateModified":"2025-02-04T10:55:54+00:00","mainEntityOfPage":{"@id":"https:\/\/sikertitan.hu\/index.php\/2025\/02\/04\/tim-cook-apple\/"},"wordCount":1223,"commentCount":3,"publisher":{"@id":"https:\/\/sikertitan.hu\/#organization"},"image":{"@id":"https:\/\/sikertitan.hu\/index.php\/2025\/02\/04\/tim-cook-apple\/#primaryimage"},"thumbnailUrl":"https:\/\/sikertitan.hu\/wp-content\/uploads\/2025\/02\/apple-tim-cook-1200px.jpg","keywords":["apple","fejl\u0151d\u00e9s","innov\u00e1ci\u00f3","inspir\u00e1ci\u00f3","j\u00f6vedelem","k\u00f6z\u00f6ss\u00e9gi m\u00e9dia","online","p\u00e9nzkeres\u00e9s","siker","Steve Jobs","technol\u00f3gia","Tim Cook"],"articleSection":["T\u00f6rt\u00e9netek"],"inLanguage":"hu","potentialAction":[{"@type":"CommentAction","name":"Comment","target":["https:\/\/sikertitan.hu\/index.php\/2025\/02\/04\/tim-cook-apple\/#respond"]}]},{"@type":"WebPage","@id":"https:\/\/sikertitan.hu\/index.php\/2025\/02\/04\/tim-cook-apple\/","url":"https:\/\/sikertitan.hu\/index.php\/2025\/02\/04\/tim-cook-apple\/","name":"Tim Cook \u00e9s az Apple: A v\u00e1llalat \u00e1talakul\u00e1sa Steve Jobs ut\u00e1n - Siker Tit\u00e1n","isPartOf":{"@id":"https:\/\/sikertitan.hu\/#website"},"primaryImageOfPage":{"@id":"https:\/\/sikertitan.hu\/index.php\/2025\/02\/04\/tim-cook-apple\/#primaryimage"},"image":{"@id":"https:\/\/sikertitan.hu\/index.php\/2025\/02\/04\/tim-cook-apple\/#primaryimage"},"thumbnailUrl":"https:\/\/sikertitan.hu\/wp-content\/uploads\/2025\/02\/apple-tim-cook-1200px.jpg","datePublished":"2025-02-04T10:44:22+00:00","dateModified":"2025-02-04T10:55:54+00:00","description":"Tim Cook \u00e9s az Apple: a v\u00e1llalat \u00e1talakul\u00e1sa Steve Jobs ut\u00e1n! Vajon k\u00e9pes lesz-e fenntartani a v\u00e1llalat innov\u00e1ci\u00f3s lend\u00fclet\u00e9t \u00e9s siker\u00e9t?","breadcrumb":{"@id":"https:\/\/sikertitan.hu\/index.php\/2025\/02\/04\/tim-cook-apple\/#breadcrumb"},"inLanguage":"hu","potentialAction":[{"@type":"ReadAction","target":["https:\/\/sikertitan.hu\/index.php\/2025\/02\/04\/tim-cook-apple\/"]}]},{"@type":"ImageObject","inLanguage":"hu","@id":"https:\/\/sikertitan.hu\/index.php\/2025\/02\/04\/tim-cook-apple\/#primaryimage","url":"https:\/\/sikertitan.hu\/wp-content\/uploads\/2025\/02\/apple-tim-cook-1200px.jpg","contentUrl":"https:\/\/sikertitan.hu\/wp-content\/uploads\/2025\/02\/apple-tim-cook-1200px.jpg","width":"1200","height":"640","caption":"Tim Cook apple"},{"@type":"BreadcrumbList","@id":"https:\/\/sikertitan.hu\/index.php\/2025\/02\/04\/tim-cook-apple\/#breadcrumb","itemListElement":[{"@type":"ListItem","position":1,"name":"Kezd\u0151lap","item":"https:\/\/sikertitan.hu\/"},{"@type":"ListItem","position":2,"name":"Tim Cook \u00e9s az Apple: A v\u00e1llalat \u00e1talakul\u00e1sa Steve Jobs ut\u00e1n"}]},{"@type":"WebSite","@id":"https:\/\/sikertitan.hu\/#website","url":"https:\/\/sikertitan.hu\/","name":"Siker Tit\u00e1n","description":"Inspir\u00e1ci\u00f3, fejl\u0151d\u00e9s \u00e9s gy\u0151zelem blogoldala","publisher":{"@id":"https:\/\/sikertitan.hu\/#organization"},"potentialAction":[{"@type":"SearchAction","target":{"@type":"EntryPoint","urlTemplate":"https:\/\/sikertitan.hu\/?s={search_term_string}"},"query-input":{"@type":"PropertyValueSpecification","valueRequired":true,"valueName":"search_term_string"}}],"inLanguage":"hu"},{"@type":"Organization","@id":"https:\/\/sikertitan.hu\/#organization","name":"Siker Tit\u00e1n","url":"https:\/\/sikertitan.hu\/","logo":{"@type":"ImageObject","inLanguage":"hu","@id":"https:\/\/sikertitan.hu\/#\/schema\/logo\/image\/","url":"https:\/\/sikertitan.hu\/wp-content\/uploads\/2024\/11\/cropped-Idezet-1080-x-400-keppont-1.png","contentUrl":"https:\/\/sikertitan.hu\/wp-content\/uploads\/2024\/11\/cropped-Idezet-1080-x-400-keppont-1.png","width":878,"height":318,"caption":"Siker Tit\u00e1n"},"image":{"@id":"https:\/\/sikertitan.hu\/#\/schema\/logo\/image\/"}},{"@type":"Person","@id":"https:\/\/sikertitan.hu\/#\/schema\/person\/62145ff4922604a017d86a9aec58fb10","name":"admin","image":{"@type":"ImageObject","inLanguage":"hu","@id":"https:\/\/sikertitan.hu\/#\/schema\/person\/image\/","url":"https:\/\/secure.gravatar.com\/avatar\/1707361b7c492b08f0be8d8db0253c8d889b1bc2036afdcdb5de7c557a631ba9?s=96&d=mm&r=g","contentUrl":"https:\/\/secure.gravatar.com\/avatar\/1707361b7c492b08f0be8d8db0253c8d889b1bc2036afdcdb5de7c557a631ba9?s=96&d=mm&r=g","caption":"admin"},"sameAs":["https:\/\/sikertitan.hu"],"url":"https:\/\/sikertitan.hu\/index.php\/author\/sikertitan\/"}]}},"views":119,"featured_image_urls":{"full":["https:\/\/sikertitan.hu\/wp-content\/uploads\/2025\/02\/apple-tim-cook-1200px.jpg",1200,640,false],"thumbnail":["https:\/\/sikertitan.hu\/wp-content\/uploads\/2025\/02\/apple-tim-cook-1200px-150x150.jpg",150,150,true],"medium":["https:\/\/sikertitan.hu\/wp-content\/uploads\/2025\/02\/apple-tim-cook-1200px-300x160.jpg",300,160,true],"medium_large":["https:\/\/sikertitan.hu\/wp-content\/uploads\/2025\/02\/apple-tim-cook-1200px-768x410.jpg",640,342,true],"large":["https:\/\/sikertitan.hu\/wp-content\/uploads\/2025\/02\/apple-tim-cook-1200px-1024x546.jpg",640,341,true],"1536x1536":["https:\/\/sikertitan.hu\/wp-content\/uploads\/2025\/02\/apple-tim-cook-1200px.jpg",1200,640,false],"2048x2048":["https:\/\/sikertitan.hu\/wp-content\/uploads\/2025\/02\/apple-tim-cook-1200px.jpg",1200,640,false],"pubnews-featured":["https:\/\/sikertitan.hu\/wp-content\/uploads\/2025\/02\/apple-tim-cook-1200px-1020x640.jpg",1020,640,true],"pubnews-list":["https:\/\/sikertitan.hu\/wp-content\/uploads\/2025\/02\/apple-tim-cook-1200px-600x400.jpg",600,400,true],"pubnews-thumb":["https:\/\/sikertitan.hu\/wp-content\/uploads\/2025\/02\/apple-tim-cook-1200px-300x200.jpg",300,200,true],"pubnews-small":["https:\/\/sikertitan.hu\/wp-content\/uploads\/2025\/02\/apple-tim-cook-1200px-150x95.jpg",150,95,true],"pubnews-grid":["https:\/\/sikertitan.hu\/wp-content\/uploads\/2025\/02\/apple-tim-cook-1200px-400x250.jpg",400,250,true]},"author_info":{"display_name":"admin","author_link":"https:\/\/sikertitan.hu\/index.php\/author\/sikertitan\/"},"category_info":"<a href=\"https:\/\/sikertitan.hu\/index.php\/category\/tortenetek\/\" rel=\"category tag\">T\u00f6rt\u00e9netek<\/a>","tag_info":"T\u00f6rt\u00e9netek","comment_count":"3","_links":{"self":[{"href":"https:\/\/sikertitan.hu\/index.php\/wp-json\/wp\/v2\/posts\/798","targetHints":{"allow":["GET"]}}],"collection":[{"href":"https:\/\/sikertitan.hu\/index.php\/wp-json\/wp\/v2\/posts"}],"about":[{"href":"https:\/\/sikertitan.hu\/index.php\/wp-json\/wp\/v2\/types\/post"}],"author":[{"embeddable":true,"href":"https:\/\/sikertitan.hu\/index.php\/wp-json\/wp\/v2\/users\/1"}],"replies":[{"embeddable":true,"href":"https:\/\/sikertitan.hu\/index.php\/wp-json\/wp\/v2\/comments?post=798"}],"version-history":[{"count":1,"href":"https:\/\/sikertitan.hu\/index.php\/wp-json\/wp\/v2\/posts\/798\/revisions"}],"predecessor-version":[{"id":803,"href":"https:\/\/sikertitan.hu\/index.php\/wp-json\/wp\/v2\/posts\/798\/revisions\/803"}],"wp:featuredmedia":[{"embeddable":true,"href":"https:\/\/sikertitan.hu\/index.php\/wp-json\/wp\/v2\/media\/799"}],"wp:attachment":[{"href":"https:\/\/sikertitan.hu\/index.php\/wp-json\/wp\/v2\/media?parent=798"}],"wp:term":[{"taxonomy":"category","embeddable":true,"href":"https:\/\/sikertitan.hu\/index.php\/wp-json\/wp\/v2\/categories?post=798"},{"taxonomy":"post_tag","embeddable":true,"href":"https:\/\/sikertitan.hu\/index.php\/wp-json\/wp\/v2\/tags?post=798"}],"curies":[{"name":"wp","href":"https:\/\/api.w.org\/{rel}","templated":true}]}}