{"id":587,"date":"2025-01-13T09:53:22","date_gmt":"2025-01-13T09:53:22","guid":{"rendered":"https:\/\/sikertitan.hu\/?p=587"},"modified":"2025-01-14T23:23:02","modified_gmt":"2025-01-14T23:23:02","slug":"oprah-winfrey","status":"publish","type":"post","link":"https:\/\/sikertitan.hu\/index.php\/2025\/01\/13\/oprah-winfrey\/","title":{"rendered":"Oprah Winfrey: A neh\u00e9z kezdetekt\u0151l a m\u00e9dia kir\u00e1lyn\u0151j\u00e9ig"},"content":{"rendered":"\n<p class=\"wp-block-paragraph\">Oprah Winfrey neve m\u00e1ra egyet jelent az inspir\u00e1ci\u00f3val, a sikerrel \u00e9s a kitart\u00e1ssal. A m\u00e9dia kir\u00e1lyn\u0151jek\u00e9nt ismert Oprah \u00e9lete azonban t\u00e1volr\u00f3l sem volt egyszer\u0171 vagy akad\u00e1lyokt\u00f3l mentes. Ez a cikk bemutatja, hogyan k\u00fczd\u00f6tte fel mag\u00e1t a szeg\u00e9nys\u00e9gb\u0151l a vil\u00e1g egyik legismertebb \u00e9s legsikeresebb n\u0151j\u00e9v\u00e9.<\/p>\n\n\n\n<hr class=\"wp-block-separator has-alpha-channel-opacity\"\/>\n\n\n\n<h3 class=\"wp-block-heading\">Az indul\u00e1s: Neh\u00e9z gyerekkor Mississippiben<\/h3>\n\n\n\n<p class=\"wp-block-paragraph\">Oprah Winfrey 1954-ben sz\u00fcletett egy szeg\u00e9ny csal\u00e1dba, Mississippiben. Gyerekkora tele volt neh\u00e9zs\u00e9gekkel, bele\u00e9rtve az anyagi n\u00e9lk\u00fcl\u00f6z\u00e9st \u00e9s a csal\u00e1di probl\u00e9m\u00e1kat.<\/p>\n\n\n\n<ul class=\"wp-block-list\">\n<li><strong>Korai \u00e9let:<\/strong> Egy vid\u00e9ki farmon n\u0151tt fel nagymam\u00e1j\u00e1val, ahol tanult meg olvasni \u00e9s mes\u00e9lni. Ezek az \u00e9lm\u00e9nyek megalapozt\u00e1k besz\u00e9dk\u00e9szs\u00e9g\u00e9t \u00e9s t\u00f6rt\u00e9netmes\u00e9l\u0151 tehets\u00e9g\u00e9t.<\/li>\n\n\n\n<li><strong>Traum\u00e1k:<\/strong> Gyerekkor\u00e1ban zaklat\u00e1s \u00e1ldozata lett, ami m\u00e9lyen befoly\u00e1solta \u00f6nbizalm\u00e1t \u00e9s \u00f6n\u00e9rt\u00e9kel\u00e9s\u00e9t.<\/li>\n<\/ul>\n\n\n\n<hr class=\"wp-block-separator has-alpha-channel-opacity\"\/>\n\n\n\n<h3 class=\"wp-block-heading\">Oprah \u00e1tt\u00f6r\u00e9se: Az els\u0151 l\u00e9p\u00e9sek a m\u00e9di\u00e1ban<\/h3>\n\n\n\n<p class=\"wp-block-paragraph\">Oprah kit\u0171n\u0151 tanul\u00f3 volt, \u00e9s \u00f6szt\u00f6nd\u00edjjal jutott be a Tennessee State Universityre, ahol kommunik\u00e1ci\u00f3t tanult. Els\u0151 munk\u00e1i a m\u00e9di\u00e1ban szinte azonnal sikeresek lettek.<\/p>\n\n\n\n<ul class=\"wp-block-list\">\n<li><strong>Els\u0151 \u00e1ll\u00e1sok:<\/strong> M\u00e1r 19 \u00e9vesen h\u00edrad\u00f3sk\u00e9nt dolgozott egy helyi t\u00e9v\u00e9csatorn\u00e1n. Az er\u0151teljes el\u0151ad\u00f3k\u00e9szs\u00e9ge \u00e9s hiteless\u00e9ge gyorsan kit\u0171nt a t\u00f6bbiek k\u00f6z\u00fcl.<\/li>\n\n\n\n<li><strong>\u201ePeople Are Talking\u201d (1976):<\/strong> Oprah els\u0151 talkshow-ja Baltimore-ban indult, ahol a m\u0171sorvezet\u0151i tehets\u00e9g\u00e9t el\u0151sz\u00f6r ismerte el sz\u00e9lesebb k\u00f6z\u00f6ns\u00e9g.<\/li>\n<\/ul>\n\n\n\n<hr class=\"wp-block-separator has-alpha-channel-opacity\"\/>\n\n\n\n<h3 class=\"wp-block-heading\">A \u201eThe Oprah Winfrey Show\u201d \u00e9s a vil\u00e1gh\u00edr<\/h3>\n\n\n\n<p class=\"wp-block-paragraph\">1986-ban indult el a <strong>\u201eThe Oprah Winfrey Show\u201d<\/strong>, amely nemcsak hogy az egyik legsikeresebb telev\u00edzi\u00f3s m\u0171sor lett, de Oprah-t a vil\u00e1g egyik legismertebb szem\u00e9lyis\u00e9g\u00e9v\u00e9 tette.<\/p>\n\n\n\n<ul class=\"wp-block-list\">\n<li><strong>Forradalmi form\u00e1tum:<\/strong> A show nemcsak sz\u00f3rakoztatott, hanem m\u00e9lyen szem\u00e9lyes, tabut\u00e9m\u00e1kat feszegetett, mint p\u00e9ld\u00e1ul a csal\u00e1don bel\u00fcli er\u0151szak, az addikci\u00f3k \u00e9s az eg\u00e9szs\u00e9ges \u00e9letm\u00f3d.<\/li>\n\n\n\n<li><strong>Pozit\u00edv \u00fczenetek:<\/strong> Oprah hitvall\u00e1sa az emberek inspir\u00e1l\u00e1sa \u00e9s a szem\u00e9lyes fejl\u0151d\u00e9s t\u00e1mogat\u00e1sa volt, ami megk\u00fcl\u00f6nb\u00f6ztette \u0151t m\u00e1s m\u0171sorvezet\u0151kt\u0151l.<\/li>\n<\/ul>\n\n\n\n<h4 class=\"wp-block-heading\"><strong>Sikerei sz\u00e1mokban<\/strong><\/h4>\n\n\n\n<ul class=\"wp-block-list\">\n<li><strong>25 \u00e9v:<\/strong> Ennyi ideig futott a The Oprah Winfrey Show.<\/li>\n\n\n\n<li><strong>40 milli\u00f3 n\u00e9z\u0151:<\/strong> Hetente ennyien k\u00f6vett\u00e9k a m\u0171sort a vil\u00e1g t\u00f6bb mint 100 orsz\u00e1g\u00e1ban.<\/li>\n<\/ul>\n\n\n<div class=\"wp-block-image\">\n<figure class=\"aligncenter size-full is-resized\"><img loading=\"lazy\" decoding=\"async\" width=\"825\" height=\"462\" src=\"https:\/\/sikertitan.hu\/wp-content\/uploads\/2025\/01\/oprah-winfrey-clanokW.jpeg\" alt=\"Oprah Winfrey \u2013 Az inspir\u00e1l\u00f3 \u00fat a neh\u00e9z kezdetekt\u0151l a m\u00e9dia kir\u00e1lyn\u0151j\u00e9ig\" class=\"wp-image-589\" style=\"width:400px\" srcset=\"https:\/\/sikertitan.hu\/wp-content\/uploads\/2025\/01\/oprah-winfrey-clanokW.jpeg 825w, https:\/\/sikertitan.hu\/wp-content\/uploads\/2025\/01\/oprah-winfrey-clanokW-300x168.jpeg 300w, https:\/\/sikertitan.hu\/wp-content\/uploads\/2025\/01\/oprah-winfrey-clanokW-768x430.jpeg 768w\" sizes=\"auto, (max-width: 825px) 100vw, 825px\" \/><\/figure>\n<\/div>\n\n\n<hr class=\"wp-block-separator has-alpha-channel-opacity\"\/>\n\n\n\n<h3 class=\"wp-block-heading\">Oprah v\u00e1llalkoz\u00e1sai \u00e9s hat\u00e1sa<\/h3>\n\n\n\n<h4 class=\"wp-block-heading\"><strong>1. Harpo Productions<\/strong><\/h4>\n\n\n\n<p class=\"wp-block-paragraph\">Oprah 1988-ban alap\u00edtotta meg saj\u00e1t produkci\u00f3s c\u00e9g\u00e9t, a Harpo Productionst, amelynek seg\u00edts\u00e9g\u00e9vel teljes kreat\u00edv ir\u00e1ny\u00edt\u00e1st gyakorolt m\u0171sorai felett.<\/p>\n\n\n\n<ul class=\"wp-block-list\">\n<li><strong>Filmes projektek:<\/strong> Olyan sikeres filmeket k\u00e9sz\u00edtett, mint <em>A b\u00edborsz\u00edn<\/em> \u00e9s a <em>Selma<\/em>.<\/li>\n<\/ul>\n\n\n\n<h4 class=\"wp-block-heading\"><strong>2. O, The Oprah Magazine<\/strong><\/h4>\n\n\n\n<p class=\"wp-block-paragraph\">Oprah saj\u00e1t magazinja, amely 2000-ben indult, inspir\u00e1l\u00f3 cikkekkel \u00e9s \u00e9letvezet\u00e9si tan\u00e1csokkal.<\/p>\n\n\n\n<h4 class=\"wp-block-heading\"><strong>3. OWN Network<\/strong><\/h4>\n\n\n\n<p class=\"wp-block-paragraph\">2011-ben Oprah elind\u00edtotta saj\u00e1t telev\u00edzi\u00f3s csatorn\u00e1j\u00e1t, az OWN-t (Oprah Winfrey Network), amely az inspir\u00e1ci\u00f3t \u00e9s a pozit\u00edv t\u00f6rt\u00e9neteket \u00e1ll\u00edtotta a k\u00f6z\u00e9ppontba.<\/p>\n\n\n\n<hr class=\"wp-block-separator has-alpha-channel-opacity\"\/>\n\n\n\n<h3 class=\"wp-block-heading\">Oprah mint filantr\u00f3p<\/h3>\n\n\n\n<p class=\"wp-block-paragraph\">Oprah Winfrey karrierje sor\u00e1n nemcsak sz\u00f3rakoztat\u00f3ipari \u00f3ri\u00e1sk\u00e9nt v\u00e1lt ismertt\u00e9, hanem az egyik legb\u0151kez\u0171bb adom\u00e1nyoz\u00f3k\u00e9nt is.<\/p>\n\n\n\n<ul class=\"wp-block-list\">\n<li><strong>Oprah Winfrey Leadership Academy for Girls:<\/strong> Oprah D\u00e9l-Afrik\u00e1ban alap\u00edtotta meg ezt az iskol\u00e1t, hogy h\u00e1tr\u00e1nyos helyzet\u0171 l\u00e1nyoknak ny\u00fajtson oktat\u00e1si lehet\u0151s\u00e9get.<\/li>\n\n\n\n<li><strong>Adom\u00e1nyok:<\/strong> \u00c9let\u00e9ben t\u00f6bb sz\u00e1zmilli\u00f3 doll\u00e1rt adom\u00e1nyozott oktat\u00e1si \u00e9s seg\u00e9lyprogramokra.<\/li>\n<\/ul>\n\n\n\n<hr class=\"wp-block-separator has-alpha-channel-opacity\"\/>\n\n\n\n<h3 class=\"wp-block-heading\"><em>\u201e<\/em>O<em>\u201d<\/em> id\u00e9zetek az inspir\u00e1ci\u00f3r\u00f3l<\/h3>\n\n\n\n<ol class=\"wp-block-list\">\n<li><em>\u201eHiggy az \u00e1lmaidban, m\u00e9g akkor is, ha m\u00e1sok nem hisznek benned.\u201d<\/em><\/li>\n\n\n\n<li><em>\u201eA legnagyobb kock\u00e1zat az \u00e9letben, ha nem v\u00e1llalsz kock\u00e1zatot.\u201d<\/em><\/li>\n\n\n\n<li><em>\u201eMinden nap \u00faj es\u00e9ly arra, hogy jobb\u00e1 v\u00e1lj.\u201d<\/em><\/li>\n<\/ol>\n\n\n<div class=\"wp-block-image\">\n<figure class=\"aligncenter size-large is-resized\"><img loading=\"lazy\" decoding=\"async\" width=\"1024\" height=\"626\" src=\"https:\/\/sikertitan.hu\/wp-content\/uploads\/2025\/01\/ca_oprah_8420getty-1-1024x626.webp\" alt=\"Oprah Winfrey \u2013 Az inspir\u00e1l\u00f3 \u00fat a neh\u00e9z kezdetekt\u0151l a m\u00e9dia kir\u00e1lyn\u0151j\u00e9ig\" class=\"wp-image-590\" style=\"width:400px\" srcset=\"https:\/\/sikertitan.hu\/wp-content\/uploads\/2025\/01\/ca_oprah_8420getty-1-1024x626.webp 1024w, https:\/\/sikertitan.hu\/wp-content\/uploads\/2025\/01\/ca_oprah_8420getty-1-300x183.webp 300w, https:\/\/sikertitan.hu\/wp-content\/uploads\/2025\/01\/ca_oprah_8420getty-1-768x469.webp 768w, https:\/\/sikertitan.hu\/wp-content\/uploads\/2025\/01\/ca_oprah_8420getty-1.webp 1440w\" sizes=\"auto, (max-width: 1024px) 100vw, 1024px\" \/><\/figure>\n<\/div>\n\n\n<hr class=\"wp-block-separator has-alpha-channel-opacity\"\/>\n\n\n\n<h3 class=\"wp-block-heading\">Mi\u00e9rt olyan inspir\u00e1l\u00f3 Oprah t\u00f6rt\u00e9nete?<\/h3>\n\n\n\n<p class=\"wp-block-paragraph\">Oprah Winfrey t\u00f6rt\u00e9nete azt mutatja meg, hogy a legnagyobb neh\u00e9zs\u00e9gek \u00e9s akad\u00e1lyok sem \u00e1ll\u00edthatj\u00e1k meg azt, aki hisz \u00f6nmag\u00e1ban \u00e9s kitart\u00f3an dolgozik a c\u00e9ljai\u00e9rt. A szeg\u00e9nys\u00e9gb\u0151l \u00e9s az elnyom\u00e1sb\u00f3l felk\u00fczdve mag\u00e1t, Oprah p\u00e9ldak\u00e9nt szolg\u00e1l mindazok sz\u00e1m\u00e1ra, akik hisznek a v\u00e1ltoz\u00e1s lehet\u0151s\u00e9g\u00e9ben.<\/p>\n\n\n\n<hr class=\"wp-block-separator has-alpha-channel-opacity\"\/>\n\n\n\n<h3 class=\"wp-block-heading\">Gyakori k\u00e9rd\u00e9sek<\/h3>\n\n\n\n<p class=\"wp-block-paragraph\"><strong>Milyen neh\u00e9zs\u00e9gekkel kellett Oprah-nak szemben\u00e9znie?<\/strong><br>Oprah gyerekkor\u00e1ban szeg\u00e9nys\u00e9gben \u00e9lt, \u00e9s traumatikus \u00e9lm\u00e9nyeket \u00e9lt \u00e1t. Ezek azonban csak er\u0151s\u00edtett\u00e9k a kitart\u00e1s\u00e1t \u00e9s motiv\u00e1ci\u00f3j\u00e1t.<\/p>\n\n\n\n<p class=\"wp-block-paragraph\"><strong>Mi tette sikeress\u00e9 a The Oprah Winfrey Show-t?<\/strong><br>A m\u0171sor \u00e9rzelmi \u0151szintes\u00e9ge, tabut\u00e9m\u00e1k feldolgoz\u00e1sa \u00e9s az emberek inspir\u00e1l\u00e1sa kiemelte Oprah-t a talkshow-k vil\u00e1g\u00e1ban.<\/p>\n\n\n\n<p class=\"wp-block-paragraph\"><strong>Hogyan seg\u00edti Oprah m\u00e1sokat?<\/strong><br>Filantr\u00f3p tev\u00e9kenys\u00e9geivel, iskol\u00e1kkal, adom\u00e1nyokkal \u00e9s inspir\u00e1l\u00f3 t\u00f6rt\u00e9netekkel folyamatosan t\u00e1mogatja azokat, akik r\u00e1szorulnak.<\/p>\n\n\n\n<hr class=\"wp-block-separator has-alpha-channel-opacity\"\/>\n\n\n\n<h3 class=\"wp-block-heading\">\u00d6sszegz\u00e9s<\/h3>\n\n\n\n<p class=\"wp-block-paragraph\">Oprah Winfrey t\u00f6rt\u00e9nete a kitart\u00e1s \u00e9s az \u00f6nmegval\u00f3s\u00edt\u00e1s mintap\u00e9ld\u00e1ja. Az \u0151 p\u00e9ld\u00e1ja arra tan\u00edt, hogy a neh\u00e9z kezdetek \u00e9s a kih\u00edv\u00e1sok ellen\u00e9re is lehets\u00e9ges nagyot \u00e1lmodni \u00e9s val\u00f3ra v\u00e1ltani a legmer\u00e9szebb elk\u00e9pzel\u00e9seinket. Oprah ma nemcsak a m\u00e9dia kir\u00e1lyn\u0151je, hanem a vil\u00e1g egyik leginspir\u00e1l\u00f3bb szem\u00e9lyis\u00e9ge is, akinek \u00f6r\u00f6ks\u00e9ge gener\u00e1ci\u00f3kat motiv\u00e1l arra, hogy higgyenek magukban.<\/p>\n","protected":false},"excerpt":{"rendered":"<p>Oprah Winfrey neve m\u00e1ra egyet jelent az inspir\u00e1ci\u00f3val, a sikerrel \u00e9s a kitart\u00e1ssal. A m\u00e9dia kir\u00e1lyn\u0151jek\u00e9nt ismert Oprah \u00e9lete azonban t\u00e1volr\u00f3l sem volt egyszer\u0171 vagy akad\u00e1lyokt\u00f3l mentes. Ez a cikk bemutatja, hogyan k\u00fczd\u00f6tte fel mag\u00e1t a szeg\u00e9nys\u00e9gb\u0151l a vil\u00e1g egyik legismertebb \u00e9s legsikeresebb n\u0151j\u00e9v\u00e9. Az indul\u00e1s: Neh\u00e9z gyerekkor Mississippiben Oprah Winfrey 1954-ben sz\u00fcletett egy szeg\u00e9ny&#8230;<\/p>\n","protected":false},"author":1,"featured_media":588,"comment_status":"open","ping_status":"open","sticky":false,"template":"","format":"standard","meta":{"footnotes":""},"categories":[10],"tags":[224,558,25,554,16,551,14,559,557,555,552,553,18,556],"class_list":["post-587","post","type-post","status-publish","format-standard","has-post-thumbnail","hentry","category-tortenetek","tag-egeszseges-eletmod","tag-harpo-productions","tag-inspiracio","tag-inspiralo-tortenetek","tag-marketing","tag-media-kiralynoje","tag-online","tag-oprah-eletutja","tag-oprah-filantrop-tevekenyseg","tag-oprah-idezetek","tag-oprah-sikerei","tag-oprah-winfrey-elete","tag-siker","tag-the-oprah-winfrey-show"],"yoast_head":"<!-- This site is optimized with the Yoast SEO plugin v25.5 - https:\/\/yoast.com\/wordpress\/plugins\/seo\/ -->\n<title>Oprah Winfrey: A neh\u00e9z kezdetekt\u0151l a m\u00e9dia kir\u00e1lyn\u0151j\u00e9ig - Siker Tit\u00e1n<\/title>\n<meta name=\"description\" content=\"Fedezd fel Oprah Winfrey t\u00f6rt\u00e9net\u00e9t! Hogyan v\u00e1lt a neh\u00e9z kezdetek ellen\u00e9re a m\u00e9dia kir\u00e1lyn\u0151j\u00e9v\u00e9, \u00e9s inspir\u00e1lt milli\u00f3kat a vil\u00e1g minden t\u00e1j\u00e1n?\" \/>\n<meta name=\"robots\" content=\"index, follow, max-snippet:-1, max-image-preview:large, max-video-preview:-1\" \/>\n<link rel=\"canonical\" href=\"https:\/\/sikertitan.hu\/index.php\/2025\/01\/13\/oprah-winfrey\/\" \/>\n<meta property=\"og:locale\" content=\"hu_HU\" \/>\n<meta property=\"og:type\" content=\"article\" \/>\n<meta property=\"og:title\" content=\"Oprah Winfrey: A neh\u00e9z kezdetekt\u0151l a m\u00e9dia kir\u00e1lyn\u0151j\u00e9ig - Siker Tit\u00e1n\" \/>\n<meta property=\"og:description\" content=\"Fedezd fel Oprah Winfrey t\u00f6rt\u00e9net\u00e9t! Hogyan v\u00e1lt a neh\u00e9z kezdetek ellen\u00e9re a m\u00e9dia kir\u00e1lyn\u0151j\u00e9v\u00e9, \u00e9s inspir\u00e1lt milli\u00f3kat a vil\u00e1g minden t\u00e1j\u00e1n?\" \/>\n<meta property=\"og:url\" content=\"https:\/\/sikertitan.hu\/index.php\/2025\/01\/13\/oprah-winfrey\/\" \/>\n<meta property=\"og:site_name\" content=\"Siker Tit\u00e1n\" \/>\n<meta property=\"article:published_time\" content=\"2025-01-13T09:53:22+00:00\" \/>\n<meta property=\"article:modified_time\" content=\"2025-01-14T23:23:02+00:00\" \/>\n<meta property=\"og:image\" content=\"https:\/\/sikertitan.hu\/wp-content\/uploads\/2025\/01\/photo-is-vftt-winfrey-oprah.jpg.webp\" \/>\n\t<meta property=\"og:image:width\" content=\"1630\" \/>\n\t<meta property=\"og:image:height\" content=\"955\" \/>\n\t<meta property=\"og:image:type\" content=\"image\/webp\" \/>\n<meta name=\"author\" content=\"admin\" \/>\n<meta name=\"twitter:card\" content=\"summary_large_image\" \/>\n<meta name=\"twitter:label1\" content=\"Szerz\u0151:\" \/>\n\t<meta name=\"twitter:data1\" content=\"admin\" \/>\n\t<meta name=\"twitter:label2\" content=\"Becs\u00fclt olvas\u00e1si id\u0151\" \/>\n\t<meta name=\"twitter:data2\" content=\"4 perc\" \/>\n<script type=\"application\/ld+json\" class=\"yoast-schema-graph\">{\"@context\":\"https:\/\/schema.org\",\"@graph\":[{\"@type\":\"Article\",\"@id\":\"https:\/\/sikertitan.hu\/index.php\/2025\/01\/13\/oprah-winfrey\/#article\",\"isPartOf\":{\"@id\":\"https:\/\/sikertitan.hu\/index.php\/2025\/01\/13\/oprah-winfrey\/\"},\"author\":{\"name\":\"admin\",\"@id\":\"https:\/\/sikertitan.hu\/#\/schema\/person\/62145ff4922604a017d86a9aec58fb10\"},\"headline\":\"Oprah Winfrey: A neh\u00e9z kezdetekt\u0151l a m\u00e9dia kir\u00e1lyn\u0151j\u00e9ig\",\"datePublished\":\"2025-01-13T09:53:22+00:00\",\"dateModified\":\"2025-01-14T23:23:02+00:00\",\"mainEntityOfPage\":{\"@id\":\"https:\/\/sikertitan.hu\/index.php\/2025\/01\/13\/oprah-winfrey\/\"},\"wordCount\":932,\"commentCount\":1,\"publisher\":{\"@id\":\"https:\/\/sikertitan.hu\/#organization\"},\"image\":{\"@id\":\"https:\/\/sikertitan.hu\/index.php\/2025\/01\/13\/oprah-winfrey\/#primaryimage\"},\"thumbnailUrl\":\"https:\/\/sikertitan.hu\/wp-content\/uploads\/2025\/01\/photo-is-vftt-winfrey-oprah.jpg.webp\",\"keywords\":[\"eg\u00e9szs\u00e9ges \u00e9letm\u00f3d\",\"Harpo Productions\",\"inspir\u00e1ci\u00f3\",\"inspir\u00e1l\u00f3 t\u00f6rt\u00e9netek\",\"marketing\",\"m\u00e9dia kir\u00e1lyn\u0151je\",\"online\",\"Oprah \u00e9let\u00fatja\",\"Oprah filantr\u00f3p tev\u00e9kenys\u00e9g\",\"Oprah id\u00e9zetek\",\"Oprah sikerei\",\"Oprah Winfrey \u00e9lete\",\"siker\",\"The Oprah Winfrey Show\"],\"articleSection\":[\"T\u00f6rt\u00e9netek\"],\"inLanguage\":\"hu\",\"potentialAction\":[{\"@type\":\"CommentAction\",\"name\":\"Comment\",\"target\":[\"https:\/\/sikertitan.hu\/index.php\/2025\/01\/13\/oprah-winfrey\/#respond\"]}]},{\"@type\":\"WebPage\",\"@id\":\"https:\/\/sikertitan.hu\/index.php\/2025\/01\/13\/oprah-winfrey\/\",\"url\":\"https:\/\/sikertitan.hu\/index.php\/2025\/01\/13\/oprah-winfrey\/\",\"name\":\"Oprah Winfrey: A neh\u00e9z kezdetekt\u0151l a m\u00e9dia kir\u00e1lyn\u0151j\u00e9ig - Siker Tit\u00e1n\",\"isPartOf\":{\"@id\":\"https:\/\/sikertitan.hu\/#website\"},\"primaryImageOfPage\":{\"@id\":\"https:\/\/sikertitan.hu\/index.php\/2025\/01\/13\/oprah-winfrey\/#primaryimage\"},\"image\":{\"@id\":\"https:\/\/sikertitan.hu\/index.php\/2025\/01\/13\/oprah-winfrey\/#primaryimage\"},\"thumbnailUrl\":\"https:\/\/sikertitan.hu\/wp-content\/uploads\/2025\/01\/photo-is-vftt-winfrey-oprah.jpg.webp\",\"datePublished\":\"2025-01-13T09:53:22+00:00\",\"dateModified\":\"2025-01-14T23:23:02+00:00\",\"description\":\"Fedezd fel Oprah Winfrey t\u00f6rt\u00e9net\u00e9t! Hogyan v\u00e1lt a neh\u00e9z kezdetek ellen\u00e9re a m\u00e9dia kir\u00e1lyn\u0151j\u00e9v\u00e9, \u00e9s inspir\u00e1lt milli\u00f3kat a vil\u00e1g minden t\u00e1j\u00e1n?\",\"breadcrumb\":{\"@id\":\"https:\/\/sikertitan.hu\/index.php\/2025\/01\/13\/oprah-winfrey\/#breadcrumb\"},\"inLanguage\":\"hu\",\"potentialAction\":[{\"@type\":\"ReadAction\",\"target\":[\"https:\/\/sikertitan.hu\/index.php\/2025\/01\/13\/oprah-winfrey\/\"]}]},{\"@type\":\"ImageObject\",\"inLanguage\":\"hu\",\"@id\":\"https:\/\/sikertitan.hu\/index.php\/2025\/01\/13\/oprah-winfrey\/#primaryimage\",\"url\":\"https:\/\/sikertitan.hu\/wp-content\/uploads\/2025\/01\/photo-is-vftt-winfrey-oprah.jpg.webp\",\"contentUrl\":\"https:\/\/sikertitan.hu\/wp-content\/uploads\/2025\/01\/photo-is-vftt-winfrey-oprah.jpg.webp\",\"width\":\"1630\",\"height\":\"955\"},{\"@type\":\"BreadcrumbList\",\"@id\":\"https:\/\/sikertitan.hu\/index.php\/2025\/01\/13\/oprah-winfrey\/#breadcrumb\",\"itemListElement\":[{\"@type\":\"ListItem\",\"position\":1,\"name\":\"Kezd\u0151lap\",\"item\":\"https:\/\/sikertitan.hu\/\"},{\"@type\":\"ListItem\",\"position\":2,\"name\":\"Oprah Winfrey: A neh\u00e9z kezdetekt\u0151l a m\u00e9dia kir\u00e1lyn\u0151j\u00e9ig\"}]},{\"@type\":\"WebSite\",\"@id\":\"https:\/\/sikertitan.hu\/#website\",\"url\":\"https:\/\/sikertitan.hu\/\",\"name\":\"Siker Tit\u00e1n\",\"description\":\"Inspir\u00e1ci\u00f3, fejl\u0151d\u00e9s \u00e9s gy\u0151zelem blogoldala\",\"publisher\":{\"@id\":\"https:\/\/sikertitan.hu\/#organization\"},\"potentialAction\":[{\"@type\":\"SearchAction\",\"target\":{\"@type\":\"EntryPoint\",\"urlTemplate\":\"https:\/\/sikertitan.hu\/?s={search_term_string}\"},\"query-input\":{\"@type\":\"PropertyValueSpecification\",\"valueRequired\":true,\"valueName\":\"search_term_string\"}}],\"inLanguage\":\"hu\"},{\"@type\":\"Organization\",\"@id\":\"https:\/\/sikertitan.hu\/#organization\",\"name\":\"Siker Tit\u00e1n\",\"url\":\"https:\/\/sikertitan.hu\/\",\"logo\":{\"@type\":\"ImageObject\",\"inLanguage\":\"hu\",\"@id\":\"https:\/\/sikertitan.hu\/#\/schema\/logo\/image\/\",\"url\":\"https:\/\/sikertitan.hu\/wp-content\/uploads\/2024\/11\/cropped-Idezet-1080-x-400-keppont-1.png\",\"contentUrl\":\"https:\/\/sikertitan.hu\/wp-content\/uploads\/2024\/11\/cropped-Idezet-1080-x-400-keppont-1.png\",\"width\":878,\"height\":318,\"caption\":\"Siker Tit\u00e1n\"},\"image\":{\"@id\":\"https:\/\/sikertitan.hu\/#\/schema\/logo\/image\/\"}},{\"@type\":\"Person\",\"@id\":\"https:\/\/sikertitan.hu\/#\/schema\/person\/62145ff4922604a017d86a9aec58fb10\",\"name\":\"admin\",\"image\":{\"@type\":\"ImageObject\",\"inLanguage\":\"hu\",\"@id\":\"https:\/\/sikertitan.hu\/#\/schema\/person\/image\/\",\"url\":\"https:\/\/secure.gravatar.com\/avatar\/1707361b7c492b08f0be8d8db0253c8d889b1bc2036afdcdb5de7c557a631ba9?s=96&d=mm&r=g\",\"contentUrl\":\"https:\/\/secure.gravatar.com\/avatar\/1707361b7c492b08f0be8d8db0253c8d889b1bc2036afdcdb5de7c557a631ba9?s=96&d=mm&r=g\",\"caption\":\"admin\"},\"sameAs\":[\"https:\/\/sikertitan.hu\"],\"url\":\"https:\/\/sikertitan.hu\/index.php\/author\/sikertitan\/\"}]}<\/script>\n<!-- \/ Yoast SEO plugin. -->","yoast_head_json":{"title":"Oprah Winfrey: A neh\u00e9z kezdetekt\u0151l a m\u00e9dia kir\u00e1lyn\u0151j\u00e9ig - Siker Tit\u00e1n","description":"Fedezd fel Oprah Winfrey t\u00f6rt\u00e9net\u00e9t! Hogyan v\u00e1lt a neh\u00e9z kezdetek ellen\u00e9re a m\u00e9dia kir\u00e1lyn\u0151j\u00e9v\u00e9, \u00e9s inspir\u00e1lt milli\u00f3kat a vil\u00e1g minden t\u00e1j\u00e1n?","robots":{"index":"index","follow":"follow","max-snippet":"max-snippet:-1","max-image-preview":"max-image-preview:large","max-video-preview":"max-video-preview:-1"},"canonical":"https:\/\/sikertitan.hu\/index.php\/2025\/01\/13\/oprah-winfrey\/","og_locale":"hu_HU","og_type":"article","og_title":"Oprah Winfrey: A neh\u00e9z kezdetekt\u0151l a m\u00e9dia kir\u00e1lyn\u0151j\u00e9ig - Siker Tit\u00e1n","og_description":"Fedezd fel Oprah Winfrey t\u00f6rt\u00e9net\u00e9t! Hogyan v\u00e1lt a neh\u00e9z kezdetek ellen\u00e9re a m\u00e9dia kir\u00e1lyn\u0151j\u00e9v\u00e9, \u00e9s inspir\u00e1lt milli\u00f3kat a vil\u00e1g minden t\u00e1j\u00e1n?","og_url":"https:\/\/sikertitan.hu\/index.php\/2025\/01\/13\/oprah-winfrey\/","og_site_name":"Siker Tit\u00e1n","article_published_time":"2025-01-13T09:53:22+00:00","article_modified_time":"2025-01-14T23:23:02+00:00","og_image":[{"width":1630,"height":955,"url":"https:\/\/sikertitan.hu\/wp-content\/uploads\/2025\/01\/photo-is-vftt-winfrey-oprah.jpg.webp","type":"image\/webp"}],"author":"admin","twitter_card":"summary_large_image","twitter_misc":{"Szerz\u0151:":"admin","Becs\u00fclt olvas\u00e1si id\u0151":"4 perc"},"schema":{"@context":"https:\/\/schema.org","@graph":[{"@type":"Article","@id":"https:\/\/sikertitan.hu\/index.php\/2025\/01\/13\/oprah-winfrey\/#article","isPartOf":{"@id":"https:\/\/sikertitan.hu\/index.php\/2025\/01\/13\/oprah-winfrey\/"},"author":{"name":"admin","@id":"https:\/\/sikertitan.hu\/#\/schema\/person\/62145ff4922604a017d86a9aec58fb10"},"headline":"Oprah Winfrey: A neh\u00e9z kezdetekt\u0151l a m\u00e9dia kir\u00e1lyn\u0151j\u00e9ig","datePublished":"2025-01-13T09:53:22+00:00","dateModified":"2025-01-14T23:23:02+00:00","mainEntityOfPage":{"@id":"https:\/\/sikertitan.hu\/index.php\/2025\/01\/13\/oprah-winfrey\/"},"wordCount":932,"commentCount":1,"publisher":{"@id":"https:\/\/sikertitan.hu\/#organization"},"image":{"@id":"https:\/\/sikertitan.hu\/index.php\/2025\/01\/13\/oprah-winfrey\/#primaryimage"},"thumbnailUrl":"https:\/\/sikertitan.hu\/wp-content\/uploads\/2025\/01\/photo-is-vftt-winfrey-oprah.jpg.webp","keywords":["eg\u00e9szs\u00e9ges \u00e9letm\u00f3d","Harpo Productions","inspir\u00e1ci\u00f3","inspir\u00e1l\u00f3 t\u00f6rt\u00e9netek","marketing","m\u00e9dia kir\u00e1lyn\u0151je","online","Oprah \u00e9let\u00fatja","Oprah filantr\u00f3p tev\u00e9kenys\u00e9g","Oprah id\u00e9zetek","Oprah sikerei","Oprah Winfrey \u00e9lete","siker","The Oprah Winfrey Show"],"articleSection":["T\u00f6rt\u00e9netek"],"inLanguage":"hu","potentialAction":[{"@type":"CommentAction","name":"Comment","target":["https:\/\/sikertitan.hu\/index.php\/2025\/01\/13\/oprah-winfrey\/#respond"]}]},{"@type":"WebPage","@id":"https:\/\/sikertitan.hu\/index.php\/2025\/01\/13\/oprah-winfrey\/","url":"https:\/\/sikertitan.hu\/index.php\/2025\/01\/13\/oprah-winfrey\/","name":"Oprah Winfrey: A neh\u00e9z kezdetekt\u0151l a m\u00e9dia kir\u00e1lyn\u0151j\u00e9ig - Siker Tit\u00e1n","isPartOf":{"@id":"https:\/\/sikertitan.hu\/#website"},"primaryImageOfPage":{"@id":"https:\/\/sikertitan.hu\/index.php\/2025\/01\/13\/oprah-winfrey\/#primaryimage"},"image":{"@id":"https:\/\/sikertitan.hu\/index.php\/2025\/01\/13\/oprah-winfrey\/#primaryimage"},"thumbnailUrl":"https:\/\/sikertitan.hu\/wp-content\/uploads\/2025\/01\/photo-is-vftt-winfrey-oprah.jpg.webp","datePublished":"2025-01-13T09:53:22+00:00","dateModified":"2025-01-14T23:23:02+00:00","description":"Fedezd fel Oprah Winfrey t\u00f6rt\u00e9net\u00e9t! Hogyan v\u00e1lt a neh\u00e9z kezdetek ellen\u00e9re a m\u00e9dia kir\u00e1lyn\u0151j\u00e9v\u00e9, \u00e9s inspir\u00e1lt milli\u00f3kat a vil\u00e1g minden t\u00e1j\u00e1n?","breadcrumb":{"@id":"https:\/\/sikertitan.hu\/index.php\/2025\/01\/13\/oprah-winfrey\/#breadcrumb"},"inLanguage":"hu","potentialAction":[{"@type":"ReadAction","target":["https:\/\/sikertitan.hu\/index.php\/2025\/01\/13\/oprah-winfrey\/"]}]},{"@type":"ImageObject","inLanguage":"hu","@id":"https:\/\/sikertitan.hu\/index.php\/2025\/01\/13\/oprah-winfrey\/#primaryimage","url":"https:\/\/sikertitan.hu\/wp-content\/uploads\/2025\/01\/photo-is-vftt-winfrey-oprah.jpg.webp","contentUrl":"https:\/\/sikertitan.hu\/wp-content\/uploads\/2025\/01\/photo-is-vftt-winfrey-oprah.jpg.webp","width":"1630","height":"955"},{"@type":"BreadcrumbList","@id":"https:\/\/sikertitan.hu\/index.php\/2025\/01\/13\/oprah-winfrey\/#breadcrumb","itemListElement":[{"@type":"ListItem","position":1,"name":"Kezd\u0151lap","item":"https:\/\/sikertitan.hu\/"},{"@type":"ListItem","position":2,"name":"Oprah Winfrey: A neh\u00e9z kezdetekt\u0151l a m\u00e9dia kir\u00e1lyn\u0151j\u00e9ig"}]},{"@type":"WebSite","@id":"https:\/\/sikertitan.hu\/#website","url":"https:\/\/sikertitan.hu\/","name":"Siker Tit\u00e1n","description":"Inspir\u00e1ci\u00f3, fejl\u0151d\u00e9s \u00e9s gy\u0151zelem blogoldala","publisher":{"@id":"https:\/\/sikertitan.hu\/#organization"},"potentialAction":[{"@type":"SearchAction","target":{"@type":"EntryPoint","urlTemplate":"https:\/\/sikertitan.hu\/?s={search_term_string}"},"query-input":{"@type":"PropertyValueSpecification","valueRequired":true,"valueName":"search_term_string"}}],"inLanguage":"hu"},{"@type":"Organization","@id":"https:\/\/sikertitan.hu\/#organization","name":"Siker Tit\u00e1n","url":"https:\/\/sikertitan.hu\/","logo":{"@type":"ImageObject","inLanguage":"hu","@id":"https:\/\/sikertitan.hu\/#\/schema\/logo\/image\/","url":"https:\/\/sikertitan.hu\/wp-content\/uploads\/2024\/11\/cropped-Idezet-1080-x-400-keppont-1.png","contentUrl":"https:\/\/sikertitan.hu\/wp-content\/uploads\/2024\/11\/cropped-Idezet-1080-x-400-keppont-1.png","width":878,"height":318,"caption":"Siker Tit\u00e1n"},"image":{"@id":"https:\/\/sikertitan.hu\/#\/schema\/logo\/image\/"}},{"@type":"Person","@id":"https:\/\/sikertitan.hu\/#\/schema\/person\/62145ff4922604a017d86a9aec58fb10","name":"admin","image":{"@type":"ImageObject","inLanguage":"hu","@id":"https:\/\/sikertitan.hu\/#\/schema\/person\/image\/","url":"https:\/\/secure.gravatar.com\/avatar\/1707361b7c492b08f0be8d8db0253c8d889b1bc2036afdcdb5de7c557a631ba9?s=96&d=mm&r=g","contentUrl":"https:\/\/secure.gravatar.com\/avatar\/1707361b7c492b08f0be8d8db0253c8d889b1bc2036afdcdb5de7c557a631ba9?s=96&d=mm&r=g","caption":"admin"},"sameAs":["https:\/\/sikertitan.hu"],"url":"https:\/\/sikertitan.hu\/index.php\/author\/sikertitan\/"}]}},"views":147,"featured_image_urls":{"full":["https:\/\/sikertitan.hu\/wp-content\/uploads\/2025\/01\/photo-is-vftt-winfrey-oprah.jpg.webp",1630,955,false],"thumbnail":["https:\/\/sikertitan.hu\/wp-content\/uploads\/2025\/01\/photo-is-vftt-winfrey-oprah.jpg-150x150.webp",150,150,true],"medium":["https:\/\/sikertitan.hu\/wp-content\/uploads\/2025\/01\/photo-is-vftt-winfrey-oprah.jpg-300x176.webp",300,176,true],"medium_large":["https:\/\/sikertitan.hu\/wp-content\/uploads\/2025\/01\/photo-is-vftt-winfrey-oprah.jpg-768x450.webp",640,375,true],"large":["https:\/\/sikertitan.hu\/wp-content\/uploads\/2025\/01\/photo-is-vftt-winfrey-oprah.jpg-1024x600.webp",640,375,true],"1536x1536":["https:\/\/sikertitan.hu\/wp-content\/uploads\/2025\/01\/photo-is-vftt-winfrey-oprah.jpg-1536x900.webp",1536,900,true],"2048x2048":["https:\/\/sikertitan.hu\/wp-content\/uploads\/2025\/01\/photo-is-vftt-winfrey-oprah.jpg.webp",1630,955,false],"pubnews-featured":["https:\/\/sikertitan.hu\/wp-content\/uploads\/2025\/01\/photo-is-vftt-winfrey-oprah.jpg.webp",1020,598,false],"pubnews-list":["https:\/\/sikertitan.hu\/wp-content\/uploads\/2025\/01\/photo-is-vftt-winfrey-oprah.jpg.webp",600,352,false],"pubnews-thumb":["https:\/\/sikertitan.hu\/wp-content\/uploads\/2025\/01\/photo-is-vftt-winfrey-oprah.jpg.webp",300,176,false],"pubnews-small":["https:\/\/sikertitan.hu\/wp-content\/uploads\/2025\/01\/photo-is-vftt-winfrey-oprah.jpg.webp",150,88,false],"pubnews-grid":["https:\/\/sikertitan.hu\/wp-content\/uploads\/2025\/01\/photo-is-vftt-winfrey-oprah.jpg.webp",400,234,false]},"author_info":{"display_name":"admin","author_link":"https:\/\/sikertitan.hu\/index.php\/author\/sikertitan\/"},"category_info":"<a href=\"https:\/\/sikertitan.hu\/index.php\/category\/tortenetek\/\" rel=\"category tag\">T\u00f6rt\u00e9netek<\/a>","tag_info":"T\u00f6rt\u00e9netek","comment_count":"1","_links":{"self":[{"href":"https:\/\/sikertitan.hu\/index.php\/wp-json\/wp\/v2\/posts\/587","targetHints":{"allow":["GET"]}}],"collection":[{"href":"https:\/\/sikertitan.hu\/index.php\/wp-json\/wp\/v2\/posts"}],"about":[{"href":"https:\/\/sikertitan.hu\/index.php\/wp-json\/wp\/v2\/types\/post"}],"author":[{"embeddable":true,"href":"https:\/\/sikertitan.hu\/index.php\/wp-json\/wp\/v2\/users\/1"}],"replies":[{"embeddable":true,"href":"https:\/\/sikertitan.hu\/index.php\/wp-json\/wp\/v2\/comments?post=587"}],"version-history":[{"count":2,"href":"https:\/\/sikertitan.hu\/index.php\/wp-json\/wp\/v2\/posts\/587\/revisions"}],"predecessor-version":[{"id":634,"href":"https:\/\/sikertitan.hu\/index.php\/wp-json\/wp\/v2\/posts\/587\/revisions\/634"}],"wp:featuredmedia":[{"embeddable":true,"href":"https:\/\/sikertitan.hu\/index.php\/wp-json\/wp\/v2\/media\/588"}],"wp:attachment":[{"href":"https:\/\/sikertitan.hu\/index.php\/wp-json\/wp\/v2\/media?parent=587"}],"wp:term":[{"taxonomy":"category","embeddable":true,"href":"https:\/\/sikertitan.hu\/index.php\/wp-json\/wp\/v2\/categories?post=587"},{"taxonomy":"post_tag","embeddable":true,"href":"https:\/\/sikertitan.hu\/index.php\/wp-json\/wp\/v2\/tags?post=587"}],"curies":[{"name":"wp","href":"https:\/\/api.w.org\/{rel}","templated":true}]}}