{"id":39,"date":"2024-11-13T17:39:49","date_gmt":"2024-11-13T17:39:49","guid":{"rendered":"https:\/\/sikertitan.hu\/?p=39"},"modified":"2025-03-03T17:37:56","modified_gmt":"2025-03-03T17:37:56","slug":"karakteres-ferfi-nevek","status":"publish","type":"post","link":"https:\/\/sikertitan.hu\/index.php\/2024\/11\/13\/karakteres-ferfi-nevek\/","title":{"rendered":"Karakteres f\u00e9rfi nevek: Jelent\u00e9sek, \u00e9rdekess\u00e9gek \u00e9s inspir\u00e1ci\u00f3"},"content":{"rendered":"\n<p class=\"wp-block-paragraph\">A karakteres f\u00e9rfi nevek mindig is vonzott\u00e1k az emberek figyelm\u00e9t, hiszen egy n\u00e9v sokat el\u00e1rulhat visel\u0151j\u00e9r\u0151l. Egy er\u0151s, egyedi n\u00e9v k\u00e9pes kifejezni a szem\u00e9lyis\u00e9g erej\u00e9t, \u00e9s ak\u00e1r a visel\u0151je j\u00f6v\u0151j\u00e9re is hat\u00e1ssal lehet. Egy n\u00e9v ugyanis nem csup\u00e1n azonos\u00edt\u00f3, hanem gyakran hordoz m\u00e9ly jelent\u00e9st, s\u0151t t\u00f6rt\u00e9nelmi vagy kultur\u00e1lis \u00e9rt\u00e9ket is. Ebben a cikkben bemutatunk n\u00e9h\u00e1ny karakteres f\u00e9rfi nevet, amelyek m\u00f6g\u00f6tt \u00e9rdekes t\u00f6rt\u00e9netek, jelent\u00e9sek \u00e9s ak\u00e1r szimbolikus von\u00e1sok rejlenek.<\/p>\n\n\n\n<h3 class=\"wp-block-heading\">Mi\u00e9rt fontos a karakteres f\u00e9rfi nevek v\u00e1laszt\u00e1sa?<\/h3>\n\n\n\n<p class=\"wp-block-paragraph\">Egy karakteres f\u00e9rfi n\u00e9v sokkal t\u00f6bb, mint egy egyszer\u0171 megsz\u00f3l\u00edt\u00e1s. Egy j\u00f3l kiv\u00e1lasztott n\u00e9v kifejezi a sz\u00fcl\u0151k elk\u00e9pzel\u00e9seit a gyermek j\u00f6v\u0151j\u00e9r\u0151l, \u00e9s gyakran a t\u00e1rsadalomban val\u00f3 hely\u00e9t is meghat\u00e1rozhatja. Vannak olyan f\u00e9rfi nevek, amelyek \u00e9vsz\u00e1zadokon \u00e1t\u00edvel\u0151en n\u00e9pszer\u0171ek maradtak, \u00e9s vannak olyanok, amelyek csak az ut\u00f3bbi \u00e9vtizedekben v\u00e1ltak trendiv\u00e9. A karakteres f\u00e9rfi nevek kiv\u00e1laszt\u00e1sa k\u00fcl\u00f6nleges jelent\u00e9ssel b\u00edrhat, \u00e9s egy olyan \u00fczenetet hordoz, amely ak\u00e1r eg\u00e9sz \u00e9let\u00e9n \u00e1t elk\u00eds\u00e9rheti visel\u0151j\u00e9t.<\/p>\n\n\n<div class=\"wp-block-image\">\n<figure class=\"aligncenter size-large is-resized\"><img loading=\"lazy\" decoding=\"async\" width=\"1024\" height=\"500\" src=\"https:\/\/sikertitan.hu\/wp-content\/uploads\/2024\/11\/ferfi_koktel_resized_1200x-1024x500.jpg\" alt=\"Karakteres f\u00e9rfi nevek\" class=\"wp-image-1006\" style=\"width:500px\" srcset=\"https:\/\/sikertitan.hu\/wp-content\/uploads\/2024\/11\/ferfi_koktel_resized_1200x-1024x500.jpg 1024w, https:\/\/sikertitan.hu\/wp-content\/uploads\/2024\/11\/ferfi_koktel_resized_1200x-300x147.jpg 300w, https:\/\/sikertitan.hu\/wp-content\/uploads\/2024\/11\/ferfi_koktel_resized_1200x-768x375.jpg 768w, https:\/\/sikertitan.hu\/wp-content\/uploads\/2024\/11\/ferfi_koktel_resized_1200x.jpg 1200w\" sizes=\"auto, (max-width: 1024px) 100vw, 1024px\" \/><\/figure>\n<\/div>\n\n\n<h3 class=\"wp-block-heading\">Klasszikus, er\u0151t sug\u00e1rz\u00f3 f\u00e9rfi nevek<\/h3>\n\n\n\n<p class=\"wp-block-paragraph\">Az al\u00e1bbiakban olyan f\u00e9rfi neveket mutatunk be, amelyek klasszikusak \u00e9s id\u0151t\u00e1ll\u00f3ak, ugyanakkor karakteresek \u00e9s er\u0151t sug\u00e1roznak. Ezek a nevek olyan tulajdons\u00e1gokat k\u00f6zvet\u00edtenek, mint a b\u00e1tors\u00e1g, a hat\u00e1rozotts\u00e1g \u00e9s a kitart\u00e1s.<\/p>\n\n\n\n<p class=\"wp-block-paragraph\"><strong>\u00c1d\u00e1m<\/strong><br>Az \u00c1d\u00e1m n\u00e9v \u0151si h\u00e9ber eredet\u0171, \u00e9s jelent\u00e9se &#8222;f\u00f6ldb\u0151l val\u00f3&#8221; vagy &#8222;ember&#8221;. A Biblia els\u0151 ember\u00e9t h\u00edvt\u00e1k \u00edgy, aki az emberis\u00e9g \u0151satyj\u00e1v\u00e1 v\u00e1lt. Az \u00c1d\u00e1m n\u00e9v er\u0151t sug\u00e1roz, \u00e9s visel\u0151j\u00e9re olyan jellemvon\u00e1sokat ruh\u00e1z, mint a sz\u00edv\u00f3ss\u00e1g \u00e9s a term\u00e9szetk\u00f6zels\u00e9g.<\/p>\n\n\n\n<p class=\"wp-block-paragraph\"><strong>Bence<\/strong><br>A Bence n\u00e9v latin eredet\u0171, \u00e9s a &#8222;benc\u00e9diktusz&#8221; sz\u00f3b\u00f3l sz\u00e1rmazik, amelynek jelent\u00e9se &#8222;\u00e1ldott&#8221;. A n\u00e9v olyan karakteres f\u00e9rfi nevet ad a visel\u0151j\u00e9nek, amely kifejezi a szerencs\u00e9t, az \u00e1ld\u00e1st \u00e9s a v\u00e9delem szimbolikus jelent\u00e9s\u00e9t.<\/p>\n\n\n\n<p class=\"wp-block-paragraph\"><strong>D\u00e1vid<\/strong><br>Ez a n\u00e9v rendk\u00edv\u00fcl n\u00e9pszer\u0171 vil\u00e1gszerte, \u00e9s h\u00e9ber eredet\u0171. Jelent\u00e9se &#8222;kedvelt&#8221;, \u00e9s sok kult\u00far\u00e1ban a b\u00e1tors\u00e1g \u00e9s a h\u0171s\u00e9g jelk\u00e9p\u00e9v\u00e9 v\u00e1lt. D\u00e1vid kir\u00e1ly t\u00f6rt\u00e9nete r\u00e9v\u00e9n ez a n\u00e9v a k\u00fczd\u0151szellem \u00e9s az er\u0151 szimb\u00f3luma.<\/p>\n\n\n\n<p class=\"wp-block-paragraph\"><strong>Levente<\/strong><br>A Levente n\u00e9v magyar eredet\u0171, \u00e9s eredetileg &#8222;vit\u00e9zt&#8221; vagy &#8222;harcost&#8221; jelentett. Ez a karakteres f\u00e9rfi n\u00e9v a b\u00e1tors\u00e1g, a kitart\u00e1s \u00e9s a hazaszeretet szimb\u00f3luma, amely k\u00fcl\u00f6n\u00f6sen a magyar kult\u00far\u00e1ban v\u00e1lt n\u00e9pszer\u0171v\u00e9.<\/p>\n\n\n\n<h3 class=\"wp-block-heading\">Modern karakteres f\u00e9rfi nevek \u00e9s jelent\u00e9s\u00fck<\/h3>\n\n\n\n<p class=\"wp-block-paragraph\">A modern kor sz\u00e1mos \u00faj \u00e9s karakteres f\u00e9rfi nevet hozott mag\u00e1val, amelyek er\u0151t \u00e9s egyedis\u00e9get k\u00f6zvet\u00edtenek. Az al\u00e1bbi nevek egyre n\u00e9pszer\u0171bb\u00e9 v\u00e1lnak a sz\u00fcl\u0151k k\u00f6r\u00e9ben, akik egyedi \u00e9s k\u00fcl\u00f6nleges neveket keresnek gyermekeik sz\u00e1m\u00e1ra.<\/p>\n\n\n\n<p class=\"wp-block-paragraph\"><strong>Noel<\/strong><br>A Noel n\u00e9v latin eredet\u0171, \u00e9s kar\u00e1csonyt jelent, utalva ezzel az \u00fcnnepi id\u0151szakra. Az ut\u00f3bbi \u00e9vekben egyre n\u00e9pszer\u0171bb\u00e9 v\u00e1lt, k\u00fcl\u00f6n\u00f6sen azok k\u00f6r\u00e9ben, akik az \u00fcnnepi \u00f6r\u00f6m \u00e9s a b\u00e9ke szimb\u00f3lum\u00e1t keresik a n\u00e9v v\u00e1laszt\u00e1sakor.<\/p>\n\n\n\n<p class=\"wp-block-paragraph\"><strong>Luca<\/strong><br>Ez az olasz eredet\u0171 n\u00e9v &#8222;f\u00e9nyes&#8221; vagy &#8222;vil\u00e1goss\u00e1got hoz\u00f3&#8221; jelent\u00e9ssel b\u00edr. A Luca n\u00e9v az ut\u00f3bbi \u00e9vtizedekben v\u00e1lt igaz\u00e1n n\u00e9pszer\u0171v\u00e9, k\u00fcl\u00f6n\u00f6sen a magyar nyelvter\u00fcleten. Egy karakteres f\u00e9rfi n\u00e9v, amely a f\u00e9ny \u00e9s a pozit\u00edv energia szimb\u00f3luma lehet.<\/p>\n\n\n\n<p class=\"wp-block-paragraph\"><strong>Nimr\u00f3d<\/strong><br>Nimr\u00f3d a Bibli\u00e1b\u00f3l ismert alak, aki nagy vad\u00e1sz \u00e9s vezet\u0151 volt. Ez a n\u00e9v karakteres, er\u0151t sug\u00e1rz\u00f3 jelent\u00e9ssel b\u00edr, \u00e9s a b\u00e1tors\u00e1g, valamint a hat\u00e1rozott vezet\u0151i k\u00e9pess\u00e9gek jelk\u00e9pe lehet.<\/p>\n\n\n\n<p class=\"wp-block-paragraph\"><strong>\u00c1kos<\/strong><br>Az \u00c1kos n\u00e9v t\u00f6r\u00f6k eredet\u0171, \u00e9s &#8222;feh\u00e9r s\u00f3lymot&#8221; jelent. A n\u00e9v a magyar kult\u00far\u00e1ban m\u00e9ly gy\u00f6kerekkel b\u00edr, \u00e9s olyan f\u00e9rfiak sz\u00e1m\u00e1ra v\u00e1lhat karakteres n\u00e9vv\u00e9, akik szeretn\u00e9k kifejezni az \u00e9lesl\u00e1t\u00e1st, a szabads\u00e1got \u00e9s a f\u00fcggetlens\u00e9get.<\/p>\n\n\n<div class=\"wp-block-image\">\n<figure class=\"aligncenter size-full is-resized\"><img loading=\"lazy\" decoding=\"async\" width=\"449\" height=\"600\" src=\"https:\/\/sikertitan.hu\/wp-content\/uploads\/2024\/11\/f47cb21306be472abf3867d0d9cd8f81.jpg\" alt=\"Karakteres f\u00e9rfi nevek\" class=\"wp-image-1007\" style=\"width:500px\" srcset=\"https:\/\/sikertitan.hu\/wp-content\/uploads\/2024\/11\/f47cb21306be472abf3867d0d9cd8f81.jpg 449w, https:\/\/sikertitan.hu\/wp-content\/uploads\/2024\/11\/f47cb21306be472abf3867d0d9cd8f81-225x300.jpg 225w\" sizes=\"auto, (max-width: 449px) 100vw, 449px\" \/><\/figure>\n<\/div>\n\n\n<h3 class=\"wp-block-heading\">T\u00f6rt\u00e9nelmi h\u0151s\u00f6kr\u0151l elnevezett karakteres f\u00e9rfi nevek<\/h3>\n\n\n\n<p class=\"wp-block-paragraph\">A t\u00f6rt\u00e9nelem h\u0151sei inspir\u00e1ci\u00f3t ny\u00fajtanak azoknak a sz\u00fcl\u0151knek, akik er\u0151t sug\u00e1rz\u00f3, karakteres f\u00e9rfi nevet keresnek gyermek\u00fck sz\u00e1m\u00e1ra. Ezek a nevek olyan ikonikus alakokat id\u00e9znek fel, akik b\u00e1tors\u00e1gukkal, vezet\u0151i k\u00e9pess\u00e9geikkel \u00e9s elsz\u00e1nts\u00e1gukkal t\u0171ntek ki.<\/p>\n\n\n\n<p class=\"wp-block-paragraph\"><strong>Attila<\/strong><br>Attila, a hunok vez\u00e9re h\u00edres b\u00e1tors\u00e1g\u00e1r\u00f3l \u00e9s harcos szellem\u00e9r\u0151l. A n\u00e9v er\u0151t sug\u00e1roz, \u00e9s a t\u00f6rt\u00e9nelem sor\u00e1n a f\u00e9lelem n\u00e9lk\u00fcli harcos szimb\u00f3lum\u00e1v\u00e1 v\u00e1lt. A mai napig rendk\u00edv\u00fcl n\u00e9pszer\u0171 azok k\u00f6r\u00e9ben, akik karakteres f\u00e9rfi nevet keresnek.<\/p>\n\n\n\n<p class=\"wp-block-paragraph\"><strong>Istv\u00e1n<\/strong><br>Istv\u00e1n Magyarorsz\u00e1g els\u0151 kir\u00e1ly\u00e1nak neve, \u00e9s a kereszt\u00e9nys\u00e9g felv\u00e9tel\u00e9vel kapcsol\u00f3dik \u00f6ssze. Az Istv\u00e1n n\u00e9v a hat\u00e1rozotts\u00e1g \u00e9s a hit jelk\u00e9pe, \u00e9s k\u00fcl\u00f6n\u00f6sen er\u0151s kultur\u00e1lis \u00e9s t\u00f6rt\u00e9nelmi jelent\u0151s\u00e9ggel b\u00edr.<\/p>\n\n\n\n<p class=\"wp-block-paragraph\"><strong>L\u00e1szl\u00f3<\/strong><br>Szent L\u00e1szl\u00f3 kir\u00e1ly a k\u00f6z\u00e9pkorban a b\u00e1tors\u00e1g, a hit \u00e9s a lovagi er\u00e9nyek szimb\u00f3lum\u00e1v\u00e1 v\u00e1lt. A L\u00e1szl\u00f3 n\u00e9v karakteres f\u00e9rfi n\u00e9v, amely er\u0151s mor\u00e1lis tart\u00e1st, b\u00e1tors\u00e1got \u00e9s vezet\u0151i k\u00e9pess\u00e9geket sugall.<\/p>\n\n\n\n<p class=\"wp-block-paragraph\"><strong>M\u00e1ty\u00e1s<\/strong><br>M\u00e1ty\u00e1s kir\u00e1ly a magyar t\u00f6rt\u00e9nelem egyik legismertebb alakja. Igazs\u00e1goss\u00e1g\u00e1r\u00f3l \u00e9s b\u00f6lcsess\u00e9g\u00e9r\u0151l h\u00edres volt, \u00e9s a neve az\u00f3ta is a tisztess\u00e9g \u00e9s a b\u00f6lcs vezet\u00e9s jelk\u00e9pe.<\/p>\n\n\n\n<h3 class=\"wp-block-heading\">Az egzotikus karakteres f\u00e9rfi nevek jelent\u00e9se \u00e9s hat\u00e1sa<\/h3>\n\n\n\n<p class=\"wp-block-paragraph\">Az egzotikus nevek k\u00fcl\u00f6nleges hangz\u00e1suk r\u00e9v\u00e9n is egyedi karaktert k\u00f6lcs\u00f6n\u00f6znek visel\u0151j\u00fcknek, \u00e9s egyre n\u00e9pszer\u0171bbek a modern sz\u00fcl\u0151k k\u00f6r\u00e9ben. Az ilyen karakteres f\u00e9rfi nevek gyakran er\u0151t, f\u00fcggetlens\u00e9get vagy k\u00fcl\u00f6nleges tulajdons\u00e1gokat jelentenek.<\/p>\n\n\n\n<p class=\"wp-block-paragraph\"><strong>Raul<\/strong><br>Spanyol \u00e9s germ\u00e1n eredet\u0171 n\u00e9v, amely &#8222;tan\u00e1csad\u00f3t&#8221; vagy &#8222;katonai vezet\u0151t&#8221; jelent. A Raul n\u00e9v karakteres, er\u0151s \u00e9s kiss\u00e9 egzotikus hangz\u00e1s\u00fa, amely ide\u00e1lis lehet b\u00e1tor \u00e9s \u00f6n\u00e1ll\u00f3 f\u00e9rfiak sz\u00e1m\u00e1ra.<\/p>\n\n\n\n<p class=\"wp-block-paragraph\"><strong>Leon<\/strong><br>Ez a n\u00e9v az oroszl\u00e1n jelent\u00e9s\u00e9b\u0151l ered, \u00e9s olyan tulajdons\u00e1gokat k\u00f6zvet\u00edt, mint a b\u00e1tors\u00e1g, az er\u0151 \u00e9s a fens\u00e9gess\u00e9g. A Leon egyre n\u00e9pszer\u0171bb a modern nevek k\u00f6z\u00f6tt, k\u00fcl\u00f6n\u00f6sen azok sz\u00e1m\u00e1ra, akik szeretn\u00e9k, hogy gyermek\u00fck er\u0151s \u00e9s karakteres f\u00e9rfi n\u00e9vvel rendelkezzen.<\/p>\n\n\n\n<p class=\"wp-block-paragraph\"><strong>Emir<\/strong><br>Arab eredet\u0171 n\u00e9v, amely &#8222;herceget&#8221; vagy &#8222;vezet\u0151t&#8221; jelent. Az Emir n\u00e9v k\u00fcl\u00f6n\u00f6sen er\u0151s \u00e9s karakteres hangz\u00e1s\u00fa, amely olyan tulajdons\u00e1gokat k\u00f6zvet\u00edt, mint a hat\u00e1rozotts\u00e1g \u00e9s a nemesi jellem.<\/p>\n\n\n\n<p class=\"wp-block-paragraph\"><strong>Amir<\/strong><br>Az Amir n\u00e9v szint\u00e9n arab eredet\u0171, \u00e9s &#8222;f\u0151n\u00f6k\u00f6t&#8221; vagy &#8222;vezet\u0151t&#8221; jelent. Ez a karakteres f\u00e9rfi n\u00e9v k\u00fcl\u00f6nleges, egzotikus hangz\u00e1s\u00fa, \u00e9s er\u0151t, \u00f6n\u00e1ll\u00f3s\u00e1got sugall.<\/p>\n\n\n\n<h3 class=\"wp-block-heading\">Hogyan v\u00e1lasszunk karakteres f\u00e9rfi nevet?<\/h3>\n\n\n\n<p class=\"wp-block-paragraph\">A megfelel\u0151 n\u00e9v kiv\u00e1laszt\u00e1sa sok szempontb\u00f3l d\u00f6nt\u0151 jelent\u0151s\u00e9g\u0171 lehet egy gyermek \u00e9let\u00e9ben. A sz\u00fcl\u0151k gyakran t\u00f6rekszenek arra, hogy a n\u00e9v k\u00fcl\u00f6nleges, egyedi \u00e9s karakteres legyen, ugyanakkor illeszkedjen a csal\u00e1d \u00e9s a kult\u00fara hagyom\u00e1nyaihoz. \u00c9rdemes figyelembe venni a k\u00f6vetkez\u0151 szempontokat:<\/p>\n\n\n\n<ul class=\"wp-block-list\">\n<li><strong>Jelent\u00e9s<\/strong>: Egy n\u00e9v jelent\u00e9se sokat el\u00e1rulhat a n\u00e9v m\u00f6g\u00f6tti sz\u00e1nd\u00e9kr\u00f3l, \u00e9s lehet\u0151s\u00e9get ad arra, hogy a n\u00e9v visel\u0151je \u00e9lete sor\u00e1n azonosuljon vele.<\/li>\n\n\n\n<li><strong>Hangz\u00e1s<\/strong>: A karakteres f\u00e9rfi nevek gyakran er\u0151s \u00e9s hat\u00e1rozott hangz\u00e1s\u00faak, amelyek k\u00f6nnyen megjegyezhet\u0151k \u00e9s kiejthet\u0151k.<\/li>\n\n\n\n<li><strong>Kultur\u00e1lis h\u00e1tt\u00e9r<\/strong>: A kult\u00far\u00e1k k\u00fcl\u00f6nb\u00f6z\u0151 nevekkel \u00e9s jelent\u00e9sekkel rendelkeznek, \u00e9s ezek befoly\u00e1solhatj\u00e1k a n\u00e9v n\u00e9pszer\u0171s\u00e9g\u00e9t \u00e9s jelent\u0151s\u00e9g\u00e9t.<\/li>\n<\/ul>\n\n\n\n<p class=\"wp-block-paragraph\"><\/p>\n","protected":false},"excerpt":{"rendered":"<p>A karakteres f\u00e9rfi nevek mindig is vonzott\u00e1k az emberek figyelm\u00e9t, hiszen egy n\u00e9v sokat el\u00e1rulhat visel\u0151j\u00e9r\u0151l. Egy er\u0151s, egyedi n\u00e9v k\u00e9pes kifejezni a szem\u00e9lyis\u00e9g erej\u00e9t, \u00e9s ak\u00e1r a visel\u0151je j\u00f6v\u0151j\u00e9re is hat\u00e1ssal lehet. Egy n\u00e9v ugyanis nem csup\u00e1n azonos\u00edt\u00f3, hanem gyakran hordoz m\u00e9ly jelent\u00e9st, s\u0151t t\u00f6rt\u00e9nelmi vagy kultur\u00e1lis \u00e9rt\u00e9ket is. Ebben a cikkben bemutatunk n\u00e9h\u00e1ny&#8230;<\/p>\n","protected":false},"author":1,"featured_media":40,"comment_status":"open","ping_status":"open","sticky":false,"template":"","format":"standard","meta":{"footnotes":""},"categories":[3],"tags":[36,25,38,37,39,41,40,35,43,42],"class_list":["post-39","post","type-post","status-publish","format-standard","has-post-thumbnail","hentry","category-inspiracio","tag-ferfi","tag-inspiracio","tag-jelentes","tag-karakter","tag-klasszikus","tag-kulonleges","tag-modern","tag-nevek","tag-otletek","tag-valasztas"],"yoast_head":"<!-- This site is optimized with the Yoast SEO plugin v25.5 - https:\/\/yoast.com\/wordpress\/plugins\/seo\/ -->\n<title>Karakteres f\u00e9rfi nevek: Jelent\u00e9sek, \u00e9rdekess\u00e9gek \u00e9s inspir\u00e1ci\u00f3 - Siker Tit\u00e1n<\/title>\n<meta name=\"description\" content=\"K\u00fcl\u00f6nleges, karakteres f\u00e9rfi nevek jelent\u00e9ssel \u00e9s t\u00f6rt\u00e9nettel \u2013 fedezd fel a leger\u0151teljesebb neveket \u00e9s azok h\u00e1tter\u00e9t!\" \/>\n<meta name=\"robots\" content=\"index, follow, max-snippet:-1, max-image-preview:large, max-video-preview:-1\" \/>\n<link rel=\"canonical\" href=\"https:\/\/sikertitan.hu\/index.php\/2024\/11\/13\/karakteres-ferfi-nevek\/\" \/>\n<meta property=\"og:locale\" content=\"hu_HU\" \/>\n<meta property=\"og:type\" content=\"article\" \/>\n<meta property=\"og:title\" content=\"Karakteres f\u00e9rfi nevek: Jelent\u00e9sek, \u00e9rdekess\u00e9gek \u00e9s inspir\u00e1ci\u00f3 - Siker Tit\u00e1n\" \/>\n<meta property=\"og:description\" content=\"K\u00fcl\u00f6nleges, karakteres f\u00e9rfi nevek jelent\u00e9ssel \u00e9s t\u00f6rt\u00e9nettel \u2013 fedezd fel a leger\u0151teljesebb neveket \u00e9s azok h\u00e1tter\u00e9t!\" \/>\n<meta property=\"og:url\" content=\"https:\/\/sikertitan.hu\/index.php\/2024\/11\/13\/karakteres-ferfi-nevek\/\" \/>\n<meta property=\"og:site_name\" content=\"Siker Tit\u00e1n\" \/>\n<meta property=\"article:published_time\" content=\"2024-11-13T17:39:49+00:00\" \/>\n<meta property=\"article:modified_time\" content=\"2025-03-03T17:37:56+00:00\" \/>\n<meta property=\"og:image\" content=\"https:\/\/sikertitan.hu\/wp-content\/uploads\/2024\/11\/pexels-eye4dtail-243337-scaled.jpg\" \/>\n\t<meta property=\"og:image:width\" content=\"2560\" \/>\n\t<meta property=\"og:image:height\" content=\"1438\" \/>\n\t<meta property=\"og:image:type\" content=\"image\/jpeg\" \/>\n<meta name=\"author\" content=\"admin\" \/>\n<meta name=\"twitter:card\" content=\"summary_large_image\" \/>\n<meta name=\"twitter:label1\" content=\"Szerz\u0151:\" \/>\n\t<meta name=\"twitter:data1\" content=\"admin\" \/>\n\t<meta name=\"twitter:label2\" content=\"Becs\u00fclt olvas\u00e1si id\u0151\" \/>\n\t<meta name=\"twitter:data2\" content=\"6 perc\" \/>\n<script type=\"application\/ld+json\" class=\"yoast-schema-graph\">{\"@context\":\"https:\/\/schema.org\",\"@graph\":[{\"@type\":\"Article\",\"@id\":\"https:\/\/sikertitan.hu\/index.php\/2024\/11\/13\/karakteres-ferfi-nevek\/#article\",\"isPartOf\":{\"@id\":\"https:\/\/sikertitan.hu\/index.php\/2024\/11\/13\/karakteres-ferfi-nevek\/\"},\"author\":{\"name\":\"admin\",\"@id\":\"https:\/\/sikertitan.hu\/#\/schema\/person\/62145ff4922604a017d86a9aec58fb10\"},\"headline\":\"Karakteres f\u00e9rfi nevek: Jelent\u00e9sek, \u00e9rdekess\u00e9gek \u00e9s inspir\u00e1ci\u00f3\",\"datePublished\":\"2024-11-13T17:39:49+00:00\",\"dateModified\":\"2025-03-03T17:37:56+00:00\",\"mainEntityOfPage\":{\"@id\":\"https:\/\/sikertitan.hu\/index.php\/2024\/11\/13\/karakteres-ferfi-nevek\/\"},\"wordCount\":1497,\"commentCount\":0,\"publisher\":{\"@id\":\"https:\/\/sikertitan.hu\/#organization\"},\"image\":{\"@id\":\"https:\/\/sikertitan.hu\/index.php\/2024\/11\/13\/karakteres-ferfi-nevek\/#primaryimage\"},\"thumbnailUrl\":\"https:\/\/sikertitan.hu\/wp-content\/uploads\/2024\/11\/pexels-eye4dtail-243337-scaled.jpg\",\"keywords\":[\"f\u00e9rfi\",\"inspir\u00e1ci\u00f3\",\"jelent\u00e9s\",\"karakter\",\"klasszikus\",\"k\u00fcl\u00f6nleges\",\"modern\",\"nevek\",\"\u00f6tletek\",\"v\u00e1laszt\u00e1s\"],\"articleSection\":[\"Inspir\u00e1ci\u00f3\"],\"inLanguage\":\"hu\",\"potentialAction\":[{\"@type\":\"CommentAction\",\"name\":\"Comment\",\"target\":[\"https:\/\/sikertitan.hu\/index.php\/2024\/11\/13\/karakteres-ferfi-nevek\/#respond\"]}]},{\"@type\":\"WebPage\",\"@id\":\"https:\/\/sikertitan.hu\/index.php\/2024\/11\/13\/karakteres-ferfi-nevek\/\",\"url\":\"https:\/\/sikertitan.hu\/index.php\/2024\/11\/13\/karakteres-ferfi-nevek\/\",\"name\":\"Karakteres f\u00e9rfi nevek: Jelent\u00e9sek, \u00e9rdekess\u00e9gek \u00e9s inspir\u00e1ci\u00f3 - Siker Tit\u00e1n\",\"isPartOf\":{\"@id\":\"https:\/\/sikertitan.hu\/#website\"},\"primaryImageOfPage\":{\"@id\":\"https:\/\/sikertitan.hu\/index.php\/2024\/11\/13\/karakteres-ferfi-nevek\/#primaryimage\"},\"image\":{\"@id\":\"https:\/\/sikertitan.hu\/index.php\/2024\/11\/13\/karakteres-ferfi-nevek\/#primaryimage\"},\"thumbnailUrl\":\"https:\/\/sikertitan.hu\/wp-content\/uploads\/2024\/11\/pexels-eye4dtail-243337-scaled.jpg\",\"datePublished\":\"2024-11-13T17:39:49+00:00\",\"dateModified\":\"2025-03-03T17:37:56+00:00\",\"description\":\"K\u00fcl\u00f6nleges, karakteres f\u00e9rfi nevek jelent\u00e9ssel \u00e9s t\u00f6rt\u00e9nettel \u2013 fedezd fel a leger\u0151teljesebb neveket \u00e9s azok h\u00e1tter\u00e9t!\",\"breadcrumb\":{\"@id\":\"https:\/\/sikertitan.hu\/index.php\/2024\/11\/13\/karakteres-ferfi-nevek\/#breadcrumb\"},\"inLanguage\":\"hu\",\"potentialAction\":[{\"@type\":\"ReadAction\",\"target\":[\"https:\/\/sikertitan.hu\/index.php\/2024\/11\/13\/karakteres-ferfi-nevek\/\"]}]},{\"@type\":\"ImageObject\",\"inLanguage\":\"hu\",\"@id\":\"https:\/\/sikertitan.hu\/index.php\/2024\/11\/13\/karakteres-ferfi-nevek\/#primaryimage\",\"url\":\"https:\/\/sikertitan.hu\/wp-content\/uploads\/2024\/11\/pexels-eye4dtail-243337-scaled.jpg\",\"contentUrl\":\"https:\/\/sikertitan.hu\/wp-content\/uploads\/2024\/11\/pexels-eye4dtail-243337-scaled.jpg\",\"width\":2560,\"height\":1438},{\"@type\":\"BreadcrumbList\",\"@id\":\"https:\/\/sikertitan.hu\/index.php\/2024\/11\/13\/karakteres-ferfi-nevek\/#breadcrumb\",\"itemListElement\":[{\"@type\":\"ListItem\",\"position\":1,\"name\":\"Kezd\u0151lap\",\"item\":\"https:\/\/sikertitan.hu\/\"},{\"@type\":\"ListItem\",\"position\":2,\"name\":\"Karakteres f\u00e9rfi nevek: Jelent\u00e9sek, \u00e9rdekess\u00e9gek \u00e9s inspir\u00e1ci\u00f3\"}]},{\"@type\":\"WebSite\",\"@id\":\"https:\/\/sikertitan.hu\/#website\",\"url\":\"https:\/\/sikertitan.hu\/\",\"name\":\"Siker Tit\u00e1n\",\"description\":\"Inspir\u00e1ci\u00f3, fejl\u0151d\u00e9s \u00e9s gy\u0151zelem blogoldala\",\"publisher\":{\"@id\":\"https:\/\/sikertitan.hu\/#organization\"},\"potentialAction\":[{\"@type\":\"SearchAction\",\"target\":{\"@type\":\"EntryPoint\",\"urlTemplate\":\"https:\/\/sikertitan.hu\/?s={search_term_string}\"},\"query-input\":{\"@type\":\"PropertyValueSpecification\",\"valueRequired\":true,\"valueName\":\"search_term_string\"}}],\"inLanguage\":\"hu\"},{\"@type\":\"Organization\",\"@id\":\"https:\/\/sikertitan.hu\/#organization\",\"name\":\"Siker Tit\u00e1n\",\"url\":\"https:\/\/sikertitan.hu\/\",\"logo\":{\"@type\":\"ImageObject\",\"inLanguage\":\"hu\",\"@id\":\"https:\/\/sikertitan.hu\/#\/schema\/logo\/image\/\",\"url\":\"https:\/\/sikertitan.hu\/wp-content\/uploads\/2024\/11\/cropped-Idezet-1080-x-400-keppont-1.png\",\"contentUrl\":\"https:\/\/sikertitan.hu\/wp-content\/uploads\/2024\/11\/cropped-Idezet-1080-x-400-keppont-1.png\",\"width\":878,\"height\":318,\"caption\":\"Siker Tit\u00e1n\"},\"image\":{\"@id\":\"https:\/\/sikertitan.hu\/#\/schema\/logo\/image\/\"}},{\"@type\":\"Person\",\"@id\":\"https:\/\/sikertitan.hu\/#\/schema\/person\/62145ff4922604a017d86a9aec58fb10\",\"name\":\"admin\",\"image\":{\"@type\":\"ImageObject\",\"inLanguage\":\"hu\",\"@id\":\"https:\/\/sikertitan.hu\/#\/schema\/person\/image\/\",\"url\":\"https:\/\/secure.gravatar.com\/avatar\/1707361b7c492b08f0be8d8db0253c8d889b1bc2036afdcdb5de7c557a631ba9?s=96&d=mm&r=g\",\"contentUrl\":\"https:\/\/secure.gravatar.com\/avatar\/1707361b7c492b08f0be8d8db0253c8d889b1bc2036afdcdb5de7c557a631ba9?s=96&d=mm&r=g\",\"caption\":\"admin\"},\"sameAs\":[\"https:\/\/sikertitan.hu\"],\"url\":\"https:\/\/sikertitan.hu\/index.php\/author\/sikertitan\/\"}]}<\/script>\n<!-- \/ Yoast SEO plugin. -->","yoast_head_json":{"title":"Karakteres f\u00e9rfi nevek: Jelent\u00e9sek, \u00e9rdekess\u00e9gek \u00e9s inspir\u00e1ci\u00f3 - Siker Tit\u00e1n","description":"K\u00fcl\u00f6nleges, karakteres f\u00e9rfi nevek jelent\u00e9ssel \u00e9s t\u00f6rt\u00e9nettel \u2013 fedezd fel a leger\u0151teljesebb neveket \u00e9s azok h\u00e1tter\u00e9t!","robots":{"index":"index","follow":"follow","max-snippet":"max-snippet:-1","max-image-preview":"max-image-preview:large","max-video-preview":"max-video-preview:-1"},"canonical":"https:\/\/sikertitan.hu\/index.php\/2024\/11\/13\/karakteres-ferfi-nevek\/","og_locale":"hu_HU","og_type":"article","og_title":"Karakteres f\u00e9rfi nevek: Jelent\u00e9sek, \u00e9rdekess\u00e9gek \u00e9s inspir\u00e1ci\u00f3 - Siker Tit\u00e1n","og_description":"K\u00fcl\u00f6nleges, karakteres f\u00e9rfi nevek jelent\u00e9ssel \u00e9s t\u00f6rt\u00e9nettel \u2013 fedezd fel a leger\u0151teljesebb neveket \u00e9s azok h\u00e1tter\u00e9t!","og_url":"https:\/\/sikertitan.hu\/index.php\/2024\/11\/13\/karakteres-ferfi-nevek\/","og_site_name":"Siker Tit\u00e1n","article_published_time":"2024-11-13T17:39:49+00:00","article_modified_time":"2025-03-03T17:37:56+00:00","og_image":[{"width":2560,"height":1438,"url":"https:\/\/sikertitan.hu\/wp-content\/uploads\/2024\/11\/pexels-eye4dtail-243337-scaled.jpg","type":"image\/jpeg"}],"author":"admin","twitter_card":"summary_large_image","twitter_misc":{"Szerz\u0151:":"admin","Becs\u00fclt olvas\u00e1si id\u0151":"6 perc"},"schema":{"@context":"https:\/\/schema.org","@graph":[{"@type":"Article","@id":"https:\/\/sikertitan.hu\/index.php\/2024\/11\/13\/karakteres-ferfi-nevek\/#article","isPartOf":{"@id":"https:\/\/sikertitan.hu\/index.php\/2024\/11\/13\/karakteres-ferfi-nevek\/"},"author":{"name":"admin","@id":"https:\/\/sikertitan.hu\/#\/schema\/person\/62145ff4922604a017d86a9aec58fb10"},"headline":"Karakteres f\u00e9rfi nevek: Jelent\u00e9sek, \u00e9rdekess\u00e9gek \u00e9s inspir\u00e1ci\u00f3","datePublished":"2024-11-13T17:39:49+00:00","dateModified":"2025-03-03T17:37:56+00:00","mainEntityOfPage":{"@id":"https:\/\/sikertitan.hu\/index.php\/2024\/11\/13\/karakteres-ferfi-nevek\/"},"wordCount":1497,"commentCount":0,"publisher":{"@id":"https:\/\/sikertitan.hu\/#organization"},"image":{"@id":"https:\/\/sikertitan.hu\/index.php\/2024\/11\/13\/karakteres-ferfi-nevek\/#primaryimage"},"thumbnailUrl":"https:\/\/sikertitan.hu\/wp-content\/uploads\/2024\/11\/pexels-eye4dtail-243337-scaled.jpg","keywords":["f\u00e9rfi","inspir\u00e1ci\u00f3","jelent\u00e9s","karakter","klasszikus","k\u00fcl\u00f6nleges","modern","nevek","\u00f6tletek","v\u00e1laszt\u00e1s"],"articleSection":["Inspir\u00e1ci\u00f3"],"inLanguage":"hu","potentialAction":[{"@type":"CommentAction","name":"Comment","target":["https:\/\/sikertitan.hu\/index.php\/2024\/11\/13\/karakteres-ferfi-nevek\/#respond"]}]},{"@type":"WebPage","@id":"https:\/\/sikertitan.hu\/index.php\/2024\/11\/13\/karakteres-ferfi-nevek\/","url":"https:\/\/sikertitan.hu\/index.php\/2024\/11\/13\/karakteres-ferfi-nevek\/","name":"Karakteres f\u00e9rfi nevek: Jelent\u00e9sek, \u00e9rdekess\u00e9gek \u00e9s inspir\u00e1ci\u00f3 - Siker Tit\u00e1n","isPartOf":{"@id":"https:\/\/sikertitan.hu\/#website"},"primaryImageOfPage":{"@id":"https:\/\/sikertitan.hu\/index.php\/2024\/11\/13\/karakteres-ferfi-nevek\/#primaryimage"},"image":{"@id":"https:\/\/sikertitan.hu\/index.php\/2024\/11\/13\/karakteres-ferfi-nevek\/#primaryimage"},"thumbnailUrl":"https:\/\/sikertitan.hu\/wp-content\/uploads\/2024\/11\/pexels-eye4dtail-243337-scaled.jpg","datePublished":"2024-11-13T17:39:49+00:00","dateModified":"2025-03-03T17:37:56+00:00","description":"K\u00fcl\u00f6nleges, karakteres f\u00e9rfi nevek jelent\u00e9ssel \u00e9s t\u00f6rt\u00e9nettel \u2013 fedezd fel a leger\u0151teljesebb neveket \u00e9s azok h\u00e1tter\u00e9t!","breadcrumb":{"@id":"https:\/\/sikertitan.hu\/index.php\/2024\/11\/13\/karakteres-ferfi-nevek\/#breadcrumb"},"inLanguage":"hu","potentialAction":[{"@type":"ReadAction","target":["https:\/\/sikertitan.hu\/index.php\/2024\/11\/13\/karakteres-ferfi-nevek\/"]}]},{"@type":"ImageObject","inLanguage":"hu","@id":"https:\/\/sikertitan.hu\/index.php\/2024\/11\/13\/karakteres-ferfi-nevek\/#primaryimage","url":"https:\/\/sikertitan.hu\/wp-content\/uploads\/2024\/11\/pexels-eye4dtail-243337-scaled.jpg","contentUrl":"https:\/\/sikertitan.hu\/wp-content\/uploads\/2024\/11\/pexels-eye4dtail-243337-scaled.jpg","width":2560,"height":1438},{"@type":"BreadcrumbList","@id":"https:\/\/sikertitan.hu\/index.php\/2024\/11\/13\/karakteres-ferfi-nevek\/#breadcrumb","itemListElement":[{"@type":"ListItem","position":1,"name":"Kezd\u0151lap","item":"https:\/\/sikertitan.hu\/"},{"@type":"ListItem","position":2,"name":"Karakteres f\u00e9rfi nevek: Jelent\u00e9sek, \u00e9rdekess\u00e9gek \u00e9s inspir\u00e1ci\u00f3"}]},{"@type":"WebSite","@id":"https:\/\/sikertitan.hu\/#website","url":"https:\/\/sikertitan.hu\/","name":"Siker Tit\u00e1n","description":"Inspir\u00e1ci\u00f3, fejl\u0151d\u00e9s \u00e9s gy\u0151zelem blogoldala","publisher":{"@id":"https:\/\/sikertitan.hu\/#organization"},"potentialAction":[{"@type":"SearchAction","target":{"@type":"EntryPoint","urlTemplate":"https:\/\/sikertitan.hu\/?s={search_term_string}"},"query-input":{"@type":"PropertyValueSpecification","valueRequired":true,"valueName":"search_term_string"}}],"inLanguage":"hu"},{"@type":"Organization","@id":"https:\/\/sikertitan.hu\/#organization","name":"Siker Tit\u00e1n","url":"https:\/\/sikertitan.hu\/","logo":{"@type":"ImageObject","inLanguage":"hu","@id":"https:\/\/sikertitan.hu\/#\/schema\/logo\/image\/","url":"https:\/\/sikertitan.hu\/wp-content\/uploads\/2024\/11\/cropped-Idezet-1080-x-400-keppont-1.png","contentUrl":"https:\/\/sikertitan.hu\/wp-content\/uploads\/2024\/11\/cropped-Idezet-1080-x-400-keppont-1.png","width":878,"height":318,"caption":"Siker Tit\u00e1n"},"image":{"@id":"https:\/\/sikertitan.hu\/#\/schema\/logo\/image\/"}},{"@type":"Person","@id":"https:\/\/sikertitan.hu\/#\/schema\/person\/62145ff4922604a017d86a9aec58fb10","name":"admin","image":{"@type":"ImageObject","inLanguage":"hu","@id":"https:\/\/sikertitan.hu\/#\/schema\/person\/image\/","url":"https:\/\/secure.gravatar.com\/avatar\/1707361b7c492b08f0be8d8db0253c8d889b1bc2036afdcdb5de7c557a631ba9?s=96&d=mm&r=g","contentUrl":"https:\/\/secure.gravatar.com\/avatar\/1707361b7c492b08f0be8d8db0253c8d889b1bc2036afdcdb5de7c557a631ba9?s=96&d=mm&r=g","caption":"admin"},"sameAs":["https:\/\/sikertitan.hu"],"url":"https:\/\/sikertitan.hu\/index.php\/author\/sikertitan\/"}]}},"views":441,"featured_image_urls":{"full":["https:\/\/sikertitan.hu\/wp-content\/uploads\/2024\/11\/pexels-eye4dtail-243337-scaled.jpg",2560,1438,false],"thumbnail":["https:\/\/sikertitan.hu\/wp-content\/uploads\/2024\/11\/pexels-eye4dtail-243337-150x150.jpg",150,150,true],"medium":["https:\/\/sikertitan.hu\/wp-content\/uploads\/2024\/11\/pexels-eye4dtail-243337-300x168.jpg",300,168,true],"medium_large":["https:\/\/sikertitan.hu\/wp-content\/uploads\/2024\/11\/pexels-eye4dtail-243337-768x431.jpg",640,359,true],"large":["https:\/\/sikertitan.hu\/wp-content\/uploads\/2024\/11\/pexels-eye4dtail-243337-1024x575.jpg",640,359,true],"1536x1536":["https:\/\/sikertitan.hu\/wp-content\/uploads\/2024\/11\/pexels-eye4dtail-243337-1536x863.jpg",1536,863,true],"2048x2048":["https:\/\/sikertitan.hu\/wp-content\/uploads\/2024\/11\/pexels-eye4dtail-243337-2048x1150.jpg",2048,1150,true],"pubnews-featured":["https:\/\/sikertitan.hu\/wp-content\/uploads\/2024\/11\/pexels-eye4dtail-243337-scaled.jpg",1020,573,false],"pubnews-list":["https:\/\/sikertitan.hu\/wp-content\/uploads\/2024\/11\/pexels-eye4dtail-243337-scaled.jpg",600,337,false],"pubnews-thumb":["https:\/\/sikertitan.hu\/wp-content\/uploads\/2024\/11\/pexels-eye4dtail-243337-scaled.jpg",300,169,false],"pubnews-small":["https:\/\/sikertitan.hu\/wp-content\/uploads\/2024\/11\/pexels-eye4dtail-243337-scaled.jpg",150,84,false],"pubnews-grid":["https:\/\/sikertitan.hu\/wp-content\/uploads\/2024\/11\/pexels-eye4dtail-243337-scaled.jpg",400,225,false]},"author_info":{"display_name":"admin","author_link":"https:\/\/sikertitan.hu\/index.php\/author\/sikertitan\/"},"category_info":"<a href=\"https:\/\/sikertitan.hu\/index.php\/category\/inspiracio\/\" rel=\"category tag\">Inspir\u00e1ci\u00f3<\/a>","tag_info":"Inspir\u00e1ci\u00f3","comment_count":"0","_links":{"self":[{"href":"https:\/\/sikertitan.hu\/index.php\/wp-json\/wp\/v2\/posts\/39","targetHints":{"allow":["GET"]}}],"collection":[{"href":"https:\/\/sikertitan.hu\/index.php\/wp-json\/wp\/v2\/posts"}],"about":[{"href":"https:\/\/sikertitan.hu\/index.php\/wp-json\/wp\/v2\/types\/post"}],"author":[{"embeddable":true,"href":"https:\/\/sikertitan.hu\/index.php\/wp-json\/wp\/v2\/users\/1"}],"replies":[{"embeddable":true,"href":"https:\/\/sikertitan.hu\/index.php\/wp-json\/wp\/v2\/comments?post=39"}],"version-history":[{"count":4,"href":"https:\/\/sikertitan.hu\/index.php\/wp-json\/wp\/v2\/posts\/39\/revisions"}],"predecessor-version":[{"id":1008,"href":"https:\/\/sikertitan.hu\/index.php\/wp-json\/wp\/v2\/posts\/39\/revisions\/1008"}],"wp:featuredmedia":[{"embeddable":true,"href":"https:\/\/sikertitan.hu\/index.php\/wp-json\/wp\/v2\/media\/40"}],"wp:attachment":[{"href":"https:\/\/sikertitan.hu\/index.php\/wp-json\/wp\/v2\/media?parent=39"}],"wp:term":[{"taxonomy":"category","embeddable":true,"href":"https:\/\/sikertitan.hu\/index.php\/wp-json\/wp\/v2\/categories?post=39"},{"taxonomy":"post_tag","embeddable":true,"href":"https:\/\/sikertitan.hu\/index.php\/wp-json\/wp\/v2\/tags?post=39"}],"curies":[{"name":"wp","href":"https:\/\/api.w.org\/{rel}","templated":true}]}}