{"id":291,"date":"2024-11-29T13:14:49","date_gmt":"2024-11-29T13:14:49","guid":{"rendered":"https:\/\/sikertitan.hu\/?p=291"},"modified":"2025-01-15T08:15:40","modified_gmt":"2025-01-15T08:15:40","slug":"hogyan-adj-el-noknek","status":"publish","type":"post","link":"https:\/\/sikertitan.hu\/index.php\/2024\/11\/29\/hogyan-adj-el-noknek\/","title":{"rendered":"Hogyan adj el n\u0151knek? \u00c9rt\u00e9kes\u00edt\u00e9si \u00e9s marketingtippek"},"content":{"rendered":"\n<p class=\"wp-block-paragraph\">Az \u00e9rt\u00e9kes\u00edt\u00e9s sikeress\u00e9ge nagyban m\u00falik azon, hogy meg\u00e9rts\u00fck a c\u00e9lk\u00f6z\u00f6ns\u00e9get. A n\u0151k v\u00e1s\u00e1rl\u00e1si d\u00f6nt\u00e9seit gyakran \u00e9rzelmi \u00e9s praktikus t\u00e9nyez\u0151k kombin\u00e1ci\u00f3ja befoly\u00e1solja. Ez\u00e9rt, ha azt szeretn\u00e9d tudni, <strong>hogyan adj el n\u0151knek<\/strong>, fontos, hogy a kommunik\u00e1ci\u00f3 \u00e9s a term\u00e9k vagy szolg\u00e1ltat\u00e1s bemutat\u00e1sa is az ig\u00e9nyeikre szabott legyen. Ebben a cikkben bemutatjuk azokat a kulcsfontoss\u00e1g\u00fa t\u00e9nyez\u0151ket \u00e9s strat\u00e9gi\u00e1kat, amelyek seg\u00edtenek a n\u0151knek \u00e9rt\u00e9kes\u00edteni.<\/p>\n\n\n\n<hr class=\"wp-block-separator has-alpha-channel-opacity\"\/>\n\n\n\n<h3 class=\"wp-block-heading\">Mi\u00e9rt fontos k\u00fcl\u00f6n figyelni a n\u0151k v\u00e1s\u00e1rl\u00e1si szok\u00e1saira?<\/h3>\n\n\n\n<p class=\"wp-block-paragraph\">A n\u0151k v\u00e1s\u00e1rl\u00e1si d\u00f6nt\u00e9sei gyakran komplexebbek, mivel t\u00f6bb szempontot m\u00e9rlegelnek, mint p\u00e9ld\u00e1ul:<\/p>\n\n\n\n<ul class=\"wp-block-list\">\n<li><strong>\u00c9rzelmi kapcsolat:<\/strong> A v\u00e1s\u00e1rl\u00e1s gyakran \u00e9rzelmi alapon t\u00f6rt\u00e9nik, ez\u00e9rt fontos, hogy a term\u00e9kek vagy szolg\u00e1ltat\u00e1sok pozit\u00edv \u00e9rz\u00e9seket v\u00e1ltsanak ki.<\/li>\n\n\n\n<li><strong>Praktikus el\u0151ny\u00f6k:<\/strong> A n\u0151k gyakran keresik a k\u00e9nyelmes, praktikus \u00e9s id\u0151takar\u00e9kos megold\u00e1sokat.<\/li>\n\n\n\n<li><strong>K\u00f6z\u00f6ss\u00e9gi hat\u00e1sok:<\/strong> A bar\u00e1tok, csal\u00e1dtagok \u00e9s online \u00e9rt\u00e9kel\u00e9sek nagyban befoly\u00e1solj\u00e1k d\u00f6nt\u00e9seiket.<\/li>\n<\/ul>\n\n\n\n<hr class=\"wp-block-separator has-alpha-channel-opacity\"\/>\n\n\n\n<h3 class=\"wp-block-heading\">Hogyan adj el n\u0151knek?<\/h3>\n\n\n\n<h4 class=\"wp-block-heading\"><strong>1. \u00c9rtsd meg a c\u00e9lcsoportodat<\/strong><\/h4>\n\n\n\n<p class=\"wp-block-paragraph\">A n\u0151k k\u00fcl\u00f6nb\u00f6z\u0151 \u00e9letszakaszaikban elt\u00e9r\u0151 ig\u00e9nyekkel rendelkeznek. M\u00e1sk\u00e9pp k\u00f6zel\u00edtheted meg p\u00e9ld\u00e1ul a fiatal anyuk\u00e1kat, a karrier\u00e9p\u00edt\u0151 n\u0151ket vagy az id\u0151sebb koroszt\u00e1lyt.<\/p>\n\n\n\n<p class=\"wp-block-paragraph\"><strong>Tipp:<\/strong><\/p>\n\n\n\n<ul class=\"wp-block-list\">\n<li>K\u00e9sz\u00edts vev\u0151i szem\u00e9lyis\u00e9geket (buyer persona) az alapj\u00e1n, hogy mit keresnek, milyen probl\u00e9m\u00e1kat szeretn\u00e9nek megoldani, \u00e9s milyen szempontokat tartanak fontosnak.<\/li>\n<\/ul>\n\n\n<div class=\"wp-block-image\">\n<figure class=\"aligncenter size-large is-resized\"><img loading=\"lazy\" decoding=\"async\" width=\"1024\" height=\"684\" src=\"https:\/\/sikertitan.hu\/wp-content\/uploads\/2024\/11\/pexels-arina-krasnikova-5424919-1024x684.jpg\" alt=\"Hogyan adj el n\u0151knek \u2013 \u00e9rt\u00e9kes\u00edt\u00e9si tippek \u00e9s pszichol\u00f3giai strat\u00e9gi\u00e1k\" class=\"wp-image-294\" style=\"width:500px\" srcset=\"https:\/\/sikertitan.hu\/wp-content\/uploads\/2024\/11\/pexels-arina-krasnikova-5424919-1024x684.jpg 1024w, https:\/\/sikertitan.hu\/wp-content\/uploads\/2024\/11\/pexels-arina-krasnikova-5424919-300x200.jpg 300w, https:\/\/sikertitan.hu\/wp-content\/uploads\/2024\/11\/pexels-arina-krasnikova-5424919-768x513.jpg 768w, https:\/\/sikertitan.hu\/wp-content\/uploads\/2024\/11\/pexels-arina-krasnikova-5424919-1536x1025.jpg 1536w, https:\/\/sikertitan.hu\/wp-content\/uploads\/2024\/11\/pexels-arina-krasnikova-5424919-2048x1367.jpg 2048w\" sizes=\"auto, (max-width: 1024px) 100vw, 1024px\" \/><\/figure>\n<\/div>\n\n\n<hr class=\"wp-block-separator has-alpha-channel-opacity\"\/>\n\n\n\n<h4 class=\"wp-block-heading\"><strong>2. Haszn\u00e1lj \u00e9rzelmi kommunik\u00e1ci\u00f3t<\/strong><\/h4>\n\n\n\n<p class=\"wp-block-paragraph\">Az \u00e9rzelmek nagy szerepet j\u00e1tszanak a v\u00e1s\u00e1rl\u00e1si d\u00f6nt\u00e9sek meghozatal\u00e1ban. A t\u00f6rt\u00e9netmes\u00e9l\u00e9s \u00e9s az \u00e9rzelmi \u00e9rt\u00e9kek kiemel\u00e9se seg\u00edthet a kapcsolat\u00e9p\u00edt\u00e9sben.<\/p>\n\n\n\n<p class=\"wp-block-paragraph\"><strong>P\u00e9ld\u00e1k:<\/strong><\/p>\n\n\n\n<ul class=\"wp-block-list\">\n<li>Egy b\u0151r\u00e1pol\u00e1si term\u00e9k eset\u00e9n hangs\u00falyozd a \u201emagabiztoss\u00e1got \u00e9s ragyog\u00f3 megjelen\u00e9st\u201d.<\/li>\n\n\n\n<li>Egy konyhai eszk\u00f6zn\u00e9l eml\u00edtsd meg, hogy \u201ek\u00f6nnyebb\u00e9 teszi az \u00e9telk\u00e9sz\u00edt\u00e9st a csal\u00e1d sz\u00e1m\u00e1ra\u201d.<\/li>\n<\/ul>\n\n\n\n<hr class=\"wp-block-separator has-alpha-channel-opacity\"\/>\n\n\n\n<h4 class=\"wp-block-heading\"><strong>3. K\u00edn\u00e1lj praktikus megold\u00e1sokat<\/strong><\/h4>\n\n\n\n<p class=\"wp-block-paragraph\">A n\u0151k gyakran keresik azokat a term\u00e9keket, amelyek id\u0151t \u00e9s energi\u00e1t takar\u00edtanak meg.<\/p>\n\n\n\n<p class=\"wp-block-paragraph\"><strong>P\u00e9ld\u00e1k:<\/strong><\/p>\n\n\n\n<ul class=\"wp-block-list\">\n<li>\u201eEz az automata k\u00e1v\u00e9f\u0151z\u0151 30 m\u00e1sodperc alatt elk\u00e9sz\u00edti a kedvenc italodat.\u201d<\/li>\n\n\n\n<li>\u201eEz a multifunkcion\u00e1lis babakocsi a legkisebb helyen is elf\u00e9r, \u00e9s k\u00f6nnyen \u00f6sszecsukhat\u00f3.\u201d<\/li>\n<\/ul>\n\n\n\n<hr class=\"wp-block-separator has-alpha-channel-opacity\"\/>\n\n\n\n<h4 class=\"wp-block-heading\"><strong>4. Tedd vizu\u00e1lisan vonz\u00f3v\u00e1 a bemutat\u00e1st<\/strong><\/h4>\n\n\n\n<p class=\"wp-block-paragraph\">A n\u0151k \u00e1ltal\u00e1ban nagyobb figyelmet ford\u00edtanak a r\u00e9szletekre \u00e9s a vizu\u00e1lis megjelen\u00e9sre. Ez\u00e9rt fontos, hogy a hirdet\u00e9sek \u00e9s a term\u00e9kcsomagol\u00e1s is eszt\u00e9tikus legyen.<\/p>\n\n\n\n<p class=\"wp-block-paragraph\"><strong>Tipp:<\/strong><\/p>\n\n\n\n<ul class=\"wp-block-list\">\n<li>Haszn\u00e1lj letisztult, modern diz\u00e1jnt.<\/li>\n\n\n\n<li>T\u00f6lts fel j\u00f3 min\u0151s\u00e9g\u0171 k\u00e9peket, amelyek bemutatj\u00e1k a term\u00e9ket t\u00f6bb sz\u00f6gb\u0151l \u00e9s haszn\u00e1lat k\u00f6zben is.<\/li>\n<\/ul>\n\n\n<div class=\"wp-block-image\">\n<figure class=\"aligncenter size-large is-resized\"><img loading=\"lazy\" decoding=\"async\" width=\"1024\" height=\"683\" src=\"https:\/\/sikertitan.hu\/wp-content\/uploads\/2024\/11\/pexels-cottonbro-6650002-1024x683.jpg\" alt=\"\" class=\"wp-image-295\" style=\"width:500px\" srcset=\"https:\/\/sikertitan.hu\/wp-content\/uploads\/2024\/11\/pexels-cottonbro-6650002-1024x683.jpg 1024w, https:\/\/sikertitan.hu\/wp-content\/uploads\/2024\/11\/pexels-cottonbro-6650002-300x200.jpg 300w, https:\/\/sikertitan.hu\/wp-content\/uploads\/2024\/11\/pexels-cottonbro-6650002-768x512.jpg 768w, https:\/\/sikertitan.hu\/wp-content\/uploads\/2024\/11\/pexels-cottonbro-6650002-1536x1024.jpg 1536w, https:\/\/sikertitan.hu\/wp-content\/uploads\/2024\/11\/pexels-cottonbro-6650002-2048x1365.jpg 2048w\" sizes=\"auto, (max-width: 1024px) 100vw, 1024px\" \/><\/figure>\n<\/div>\n\n\n<hr class=\"wp-block-separator has-alpha-channel-opacity\"\/>\n\n\n\n<h4 class=\"wp-block-heading\"><strong>5. \u00c9p\u00edts bizalmat<\/strong><\/h4>\n\n\n\n<p class=\"wp-block-paragraph\">A n\u0151k v\u00e1s\u00e1rl\u00e1s el\u0151tt gyakran inform\u00e1ci\u00f3kat keresnek az adott term\u00e9kr\u0151l vagy szolg\u00e1ltat\u00e1sr\u00f3l. Az \u00e9rt\u00e9kel\u00e9sek, v\u00e9lem\u00e9nyek \u00e9s garanci\u00e1k er\u0151s\u00edtik a bizalmat.<\/p>\n\n\n\n<p class=\"wp-block-paragraph\"><strong>Hogyan \u00e9p\u00edts bizalmat?<\/strong><\/p>\n\n\n\n<ul class=\"wp-block-list\">\n<li>Tegy\u00e9l k\u00f6zz\u00e9 val\u00f3di v\u00e1s\u00e1rl\u00f3i v\u00e9lem\u00e9nyeket.<\/li>\n\n\n\n<li>K\u00edn\u00e1lj p\u00e9nzvisszafizet\u00e9si garanci\u00e1t.<\/li>\n\n\n\n<li>Biztos\u00edts kiv\u00e1l\u00f3 \u00fcgyf\u00e9lszolg\u00e1latot.<\/li>\n<\/ul>\n\n\n\n<hr class=\"wp-block-separator has-alpha-channel-opacity\"\/>\n\n\n\n<h4 class=\"wp-block-heading\"><strong>6. Adj hozz\u00e1adott \u00e9rt\u00e9ket<\/strong><\/h4>\n\n\n\n<p class=\"wp-block-paragraph\">A n\u0151k nagyra \u00e9rt\u00e9kelik azokat az aj\u00e1nlatokat, amelyek extra el\u0151ny\u00f6ket biztos\u00edtanak, mint p\u00e9ld\u00e1ul:<\/p>\n\n\n\n<ul class=\"wp-block-list\">\n<li>B\u00f3nusz term\u00e9kek.<\/li>\n\n\n\n<li>Ingyenes sz\u00e1ll\u00edt\u00e1s.<\/li>\n\n\n\n<li>Exkluz\u00edv hozz\u00e1f\u00e9r\u00e9s speci\u00e1lis aj\u00e1nlatokhoz.<\/li>\n<\/ul>\n\n\n\n<p class=\"wp-block-paragraph\"><strong>P\u00e9lda:<\/strong><br>\u201eV\u00e1s\u00e1rolj most, \u00e9s aj\u00e1nd\u00e9kba kapsz egy utaz\u00f3m\u00e9ret\u0171 b\u0151r\u00e1pol\u00f3 szettet!\u201d<\/p>\n\n\n<div class=\"wp-block-image\">\n<figure class=\"aligncenter size-large is-resized\"><img loading=\"lazy\" decoding=\"async\" width=\"1024\" height=\"683\" src=\"https:\/\/sikertitan.hu\/wp-content\/uploads\/2024\/11\/pexels-amina-filkins-5414057-1024x683.jpg\" alt=\"\" class=\"wp-image-296\" style=\"width:500px\" srcset=\"https:\/\/sikertitan.hu\/wp-content\/uploads\/2024\/11\/pexels-amina-filkins-5414057-1024x683.jpg 1024w, https:\/\/sikertitan.hu\/wp-content\/uploads\/2024\/11\/pexels-amina-filkins-5414057-300x200.jpg 300w, https:\/\/sikertitan.hu\/wp-content\/uploads\/2024\/11\/pexels-amina-filkins-5414057-768x512.jpg 768w, https:\/\/sikertitan.hu\/wp-content\/uploads\/2024\/11\/pexels-amina-filkins-5414057-1536x1024.jpg 1536w, https:\/\/sikertitan.hu\/wp-content\/uploads\/2024\/11\/pexels-amina-filkins-5414057-2048x1365.jpg 2048w\" sizes=\"auto, (max-width: 1024px) 100vw, 1024px\" \/><\/figure>\n<\/div>\n\n\n<hr class=\"wp-block-separator has-alpha-channel-opacity\"\/>\n\n\n\n<h3 class=\"wp-block-heading\">Gyakorlati tippek n\u0151knek sz\u00f3l\u00f3 \u00e9rt\u00e9kes\u00edt\u00e9shez<\/h3>\n\n\n\n<h4 class=\"wp-block-heading\"><strong>1. Haszn\u00e1lj relev\u00e1ns p\u00e9ld\u00e1kat<\/strong><\/h4>\n\n\n\n<p class=\"wp-block-paragraph\">Mutasd meg, hogyan seg\u00edt a term\u00e9k vagy szolg\u00e1ltat\u00e1s a mindennapi \u00e9let\u00fckben.<\/p>\n\n\n\n<h4 class=\"wp-block-heading\"><strong>2. Kapcsol\u00f3dj a k\u00f6z\u00f6ss\u00e9gi m\u00e9di\u00e1n kereszt\u00fcl<\/strong><\/h4>\n\n\n\n<p class=\"wp-block-paragraph\">A n\u0151k akt\u00edvak a k\u00f6z\u00f6ss\u00e9gi platformokon, mint p\u00e9ld\u00e1ul az Instagram vagy a Facebook. Haszn\u00e1lj c\u00e9lzott hirdet\u00e9seket, inspir\u00e1l\u00f3 tartalmakat \u00e9s influenszerek seg\u00edts\u00e9g\u00e9t.<\/p>\n\n\n\n<h4 class=\"wp-block-heading\"><strong>3. L\u00e9gy empatikus<\/strong><\/h4>\n\n\n\n<p class=\"wp-block-paragraph\">Figyelj a v\u00e1s\u00e1rl\u00f3id visszajelz\u00e9seire, \u00e9s pr\u00f3b\u00e1lj meg a helyzet\u00fckbe helyezkedni. Az empatikus hozz\u00e1\u00e1ll\u00e1s hossz\u00fa t\u00e1v\u00fa bizalmat \u00e9s lojalit\u00e1st \u00e9p\u00edt.<\/p>\n\n\n\n<hr class=\"wp-block-separator has-alpha-channel-opacity\"\/>\n\n\n\n<h3 class=\"wp-block-heading\">P\u00e9lda: Hogyan adj el egy b\u0151r\u00e1pol\u00e1si term\u00e9ket?<\/h3>\n\n\n\n<ol class=\"wp-block-list\">\n<li><strong>Ismerd meg a c\u00e9lcsoportot:<\/strong> P\u00e9ld\u00e1ul dolgoz\u00f3 n\u0151k, akiknek nincs sok idej\u00fck a b\u0151r\u00e1pol\u00e1sra.<\/li>\n\n\n\n<li><strong>\u00c9rzelmi kommunik\u00e1ci\u00f3:<\/strong> \u201eTedd ragyog\u00f3v\u00e1 a b\u0151r\u00f6det n\u00e9h\u00e1ny perc alatt!\u201d<\/li>\n\n\n\n<li><strong>Praktikus megold\u00e1s:<\/strong> \u201eEz a sz\u00e9rum \u00e9jszaka dolgozik, hogy reggel \u00fcde legyen az arcb\u0151r\u00f6d.\u201d<\/li>\n\n\n\n<li><strong>Vizu\u00e1lis megjelen\u00edt\u00e9s:<\/strong> Haszn\u00e1lj el\u0151tte-ut\u00e1na fot\u00f3kat, hogy bemutasd az eredm\u00e9nyeket.<\/li>\n\n\n\n<li><strong>Adj hozz\u00e1adott \u00e9rt\u00e9ket:<\/strong> \u201eIngyenes sz\u00e1ll\u00edt\u00e1s minden rendel\u00e9shez a h\u00f3nap v\u00e9g\u00e9ig.\u201d<\/li>\n<\/ol>\n\n\n<div class=\"wp-block-image\">\n<figure class=\"aligncenter size-large is-resized\"><img loading=\"lazy\" decoding=\"async\" width=\"1024\" height=\"683\" src=\"https:\/\/sikertitan.hu\/wp-content\/uploads\/2024\/11\/pexels-filipe-sabino-881960-2556018-1024x683.jpg\" alt=\"Hogyan adj el n\u0151knek \u2013 \u00e9rt\u00e9kes\u00edt\u00e9si tippek \u00e9s pszichol\u00f3giai strat\u00e9gi\u00e1k\" class=\"wp-image-297\" style=\"width:500px\" srcset=\"https:\/\/sikertitan.hu\/wp-content\/uploads\/2024\/11\/pexels-filipe-sabino-881960-2556018-1024x683.jpg 1024w, https:\/\/sikertitan.hu\/wp-content\/uploads\/2024\/11\/pexels-filipe-sabino-881960-2556018-300x200.jpg 300w, https:\/\/sikertitan.hu\/wp-content\/uploads\/2024\/11\/pexels-filipe-sabino-881960-2556018-768x512.jpg 768w, https:\/\/sikertitan.hu\/wp-content\/uploads\/2024\/11\/pexels-filipe-sabino-881960-2556018-1536x1024.jpg 1536w, https:\/\/sikertitan.hu\/wp-content\/uploads\/2024\/11\/pexels-filipe-sabino-881960-2556018-2048x1365.jpg 2048w\" sizes=\"auto, (max-width: 1024px) 100vw, 1024px\" \/><\/figure>\n<\/div>\n\n\n<hr class=\"wp-block-separator has-alpha-channel-opacity\"\/>\n\n\n\n<h3 class=\"wp-block-heading\">Gyakori k\u00e9rd\u00e9sek<\/h3>\n\n\n\n<p class=\"wp-block-paragraph\"><strong>Miben k\u00fcl\u00f6nb\u00f6zik a n\u0151knek t\u00f6rt\u00e9n\u0151 \u00e9rt\u00e9kes\u00edt\u00e9s a f\u00e9rfiaknak t\u00f6rt\u00e9n\u0151t\u0151l?<\/strong><br>A n\u0151k hajlamosabbak az \u00e9rzelmi alap\u00fa d\u00f6nt\u00e9shozatalra, t\u00f6bb inform\u00e1ci\u00f3t gy\u0171jtenek, \u00e9s jobban figyelnek a k\u00f6z\u00f6ss\u00e9gi aj\u00e1nl\u00e1sokra. A f\u00e9rfiak gyakrabban d\u00f6ntenek logikai \u00e9rvek alapj\u00e1n \u00e9s gyorsabban v\u00e1s\u00e1rolnak.<\/p>\n\n\n\n<p class=\"wp-block-paragraph\"><strong>Mi\u00e9rt fontos a vizu\u00e1lis megjelen\u00edt\u00e9s?<\/strong><br>A n\u0151k gyakran jobban \u00e9rt\u00e9kelik a r\u00e9szletekre val\u00f3 odafigyel\u00e9st \u00e9s az eszt\u00e9tikus diz\u00e1jnt, ami er\u0151s\u00edti a term\u00e9k ir\u00e1nti \u00e9rdekl\u0151d\u00e9st.<\/p>\n\n\n\n<p class=\"wp-block-paragraph\"><strong>Hogyan lehet n\u00f6velni a v\u00e1s\u00e1rl\u00f3i bizalmat?<\/strong><br>Mutass v\u00e1s\u00e1rl\u00f3i v\u00e9lem\u00e9nyeket, biztos\u00edts garanci\u00e1t, \u00e9s ny\u00fajts kiemelked\u0151 \u00fcgyf\u00e9lszolg\u00e1latot.<\/p>\n\n\n\n<hr class=\"wp-block-separator has-alpha-channel-opacity\"\/>\n\n\n\n<p class=\"wp-block-paragraph\">Az, hogy <strong>hogyan adj el n\u0151knek<\/strong>, nagyban f\u00fcgg a v\u00e1s\u00e1rl\u00f3i ig\u00e9nyek meg\u00e9rt\u00e9s\u00e9t\u0151l \u00e9s az \u00e9rzelmi kapcsolatok kialak\u00edt\u00e1s\u00e1t\u00f3l. Haszn\u00e1lj empatikus kommunik\u00e1ci\u00f3t, k\u00edn\u00e1lj praktikus megold\u00e1sokat, \u00e9s \u00e9p\u00edtsd ki a bizalmat a v\u00e1s\u00e1rl\u00f3iddal. A megfelel\u0151 strat\u00e9gi\u00e1k alkalmaz\u00e1s\u00e1val nemcsak az \u00e9rt\u00e9kes\u00edt\u00e9seidet n\u00f6velheted, hanem hossz\u00fa t\u00e1v\u00fa kapcsolatokat is kialak\u00edthatsz a v\u00e1s\u00e1rl\u00f3iddal.<\/p>\n\n\n<div class=\"wp-block-image\">\n<figure class=\"aligncenter size-large is-resized\"><img loading=\"lazy\" decoding=\"async\" width=\"1024\" height=\"683\" src=\"https:\/\/sikertitan.hu\/wp-content\/uploads\/2024\/11\/pexels-rdne-5699177-1-1024x683.jpg\" alt=\"Hogyan adj el n\u0151knek \u2013 \u00e9rt\u00e9kes\u00edt\u00e9si tippek \u00e9s pszichol\u00f3giai strat\u00e9gi\u00e1k\" class=\"wp-image-298\" style=\"width:500px\" srcset=\"https:\/\/sikertitan.hu\/wp-content\/uploads\/2024\/11\/pexels-rdne-5699177-1-1024x683.jpg 1024w, https:\/\/sikertitan.hu\/wp-content\/uploads\/2024\/11\/pexels-rdne-5699177-1-300x200.jpg 300w, https:\/\/sikertitan.hu\/wp-content\/uploads\/2024\/11\/pexels-rdne-5699177-1-768x512.jpg 768w, https:\/\/sikertitan.hu\/wp-content\/uploads\/2024\/11\/pexels-rdne-5699177-1-1536x1024.jpg 1536w, https:\/\/sikertitan.hu\/wp-content\/uploads\/2024\/11\/pexels-rdne-5699177-1-2048x1365.jpg 2048w\" sizes=\"auto, (max-width: 1024px) 100vw, 1024px\" \/><\/figure>\n<\/div>","protected":false},"excerpt":{"rendered":"<p>Az \u00e9rt\u00e9kes\u00edt\u00e9s sikeress\u00e9ge nagyban m\u00falik azon, hogy meg\u00e9rts\u00fck a c\u00e9lk\u00f6z\u00f6ns\u00e9get. A n\u0151k v\u00e1s\u00e1rl\u00e1si d\u00f6nt\u00e9seit gyakran \u00e9rzelmi \u00e9s praktikus t\u00e9nyez\u0151k kombin\u00e1ci\u00f3ja befoly\u00e1solja. Ez\u00e9rt, ha azt szeretn\u00e9d tudni, hogyan adj el n\u0151knek, fontos, hogy a kommunik\u00e1ci\u00f3 \u00e9s a term\u00e9k vagy szolg\u00e1ltat\u00e1s bemutat\u00e1sa is az ig\u00e9nyeikre szabott legyen. Ebben a cikkben bemutatjuk azokat a kulcsfontoss\u00e1g\u00fa t\u00e9nyez\u0151ket \u00e9s strat\u00e9gi\u00e1kat,&#8230;<\/p>\n","protected":false},"author":1,"featured_media":293,"comment_status":"open","ping_status":"open","sticky":false,"template":"","format":"standard","meta":{"footnotes":""},"categories":[4],"tags":[164,187,190,156,188,189,186,185,191],"class_list":["post-291","post","type-post","status-publish","format-standard","has-post-thumbnail","hentry","category-fejlodes","tag-bizalomepites","tag-ertekesitesi-tippek","tag-erzelmi-marketing","tag-hogyan-adj-el","tag-marketing-strategiak","tag-noi-celcsoport","tag-noi-vasarlok","tag-noknek-ertekesites","tag-vizualis-kommunikacio"],"yoast_head":"<!-- This site is optimized with the Yoast SEO plugin v25.5 - https:\/\/yoast.com\/wordpress\/plugins\/seo\/ -->\n<title>Hogyan adj el n\u0151knek? \u00c9rt\u00e9kes\u00edt\u00e9si \u00e9s marketingtippek - Siker Tit\u00e1n<\/title>\n<meta name=\"description\" content=\"Fedezd fel, hogyan adhatsz el n\u0151knek hat\u00e9konyan \u2013 pszichol\u00f3giai megk\u00f6zel\u00edt\u00e9sek, kommunik\u00e1ci\u00f3s tippek \u00e9s marketing strat\u00e9gi\u00e1k.\" \/>\n<meta name=\"robots\" content=\"index, follow, max-snippet:-1, max-image-preview:large, max-video-preview:-1\" \/>\n<link rel=\"canonical\" href=\"https:\/\/sikertitan.hu\/index.php\/2024\/11\/29\/hogyan-adj-el-noknek\/\" \/>\n<meta property=\"og:locale\" content=\"hu_HU\" \/>\n<meta property=\"og:type\" content=\"article\" \/>\n<meta property=\"og:title\" content=\"Hogyan adj el n\u0151knek? \u00c9rt\u00e9kes\u00edt\u00e9si \u00e9s marketingtippek - Siker Tit\u00e1n\" \/>\n<meta property=\"og:description\" content=\"Fedezd fel, hogyan adhatsz el n\u0151knek hat\u00e9konyan \u2013 pszichol\u00f3giai megk\u00f6zel\u00edt\u00e9sek, kommunik\u00e1ci\u00f3s tippek \u00e9s marketing strat\u00e9gi\u00e1k.\" \/>\n<meta property=\"og:url\" content=\"https:\/\/sikertitan.hu\/index.php\/2024\/11\/29\/hogyan-adj-el-noknek\/\" \/>\n<meta property=\"og:site_name\" content=\"Siker Tit\u00e1n\" \/>\n<meta property=\"article:published_time\" content=\"2024-11-29T13:14:49+00:00\" \/>\n<meta property=\"article:modified_time\" content=\"2025-01-15T08:15:40+00:00\" \/>\n<meta property=\"og:image\" content=\"https:\/\/sikertitan.hu\/wp-content\/uploads\/2024\/11\/pexels-anntarazevich-5242816-scaled.jpg\" \/>\n\t<meta property=\"og:image:width\" content=\"2560\" \/>\n\t<meta property=\"og:image:height\" content=\"1706\" \/>\n\t<meta property=\"og:image:type\" content=\"image\/jpeg\" \/>\n<meta name=\"author\" content=\"admin\" \/>\n<meta name=\"twitter:card\" content=\"summary_large_image\" \/>\n<meta name=\"twitter:label1\" content=\"Szerz\u0151:\" \/>\n\t<meta name=\"twitter:data1\" content=\"admin\" \/>\n\t<meta name=\"twitter:label2\" content=\"Becs\u00fclt olvas\u00e1si id\u0151\" \/>\n\t<meta name=\"twitter:data2\" content=\"5 perc\" \/>\n<script type=\"application\/ld+json\" class=\"yoast-schema-graph\">{\"@context\":\"https:\/\/schema.org\",\"@graph\":[{\"@type\":\"Article\",\"@id\":\"https:\/\/sikertitan.hu\/index.php\/2024\/11\/29\/hogyan-adj-el-noknek\/#article\",\"isPartOf\":{\"@id\":\"https:\/\/sikertitan.hu\/index.php\/2024\/11\/29\/hogyan-adj-el-noknek\/\"},\"author\":{\"name\":\"admin\",\"@id\":\"https:\/\/sikertitan.hu\/#\/schema\/person\/62145ff4922604a017d86a9aec58fb10\"},\"headline\":\"Hogyan adj el n\u0151knek? \u00c9rt\u00e9kes\u00edt\u00e9si \u00e9s marketingtippek\",\"datePublished\":\"2024-11-29T13:14:49+00:00\",\"dateModified\":\"2025-01-15T08:15:40+00:00\",\"mainEntityOfPage\":{\"@id\":\"https:\/\/sikertitan.hu\/index.php\/2024\/11\/29\/hogyan-adj-el-noknek\/\"},\"wordCount\":1094,\"commentCount\":0,\"publisher\":{\"@id\":\"https:\/\/sikertitan.hu\/#organization\"},\"image\":{\"@id\":\"https:\/\/sikertitan.hu\/index.php\/2024\/11\/29\/hogyan-adj-el-noknek\/#primaryimage\"},\"thumbnailUrl\":\"https:\/\/sikertitan.hu\/wp-content\/uploads\/2024\/11\/pexels-anntarazevich-5242816-scaled.jpg\",\"keywords\":[\"bizalom\u00e9p\u00edt\u00e9s\",\"\u00e9rt\u00e9kes\u00edt\u00e9si tippek\",\"\u00e9rzelmi marketing\",\"hogyan adj el\",\"marketing strat\u00e9gi\u00e1k\",\"n\u0151i c\u00e9lcsoport\",\"n\u0151i v\u00e1s\u00e1rl\u00f3k\",\"n\u0151knek \u00e9rt\u00e9kes\u00edt\u00e9s\",\"vizu\u00e1lis kommunik\u00e1ci\u00f3\"],\"articleSection\":[\"Fejl\u0151d\u00e9s\"],\"inLanguage\":\"hu\",\"potentialAction\":[{\"@type\":\"CommentAction\",\"name\":\"Comment\",\"target\":[\"https:\/\/sikertitan.hu\/index.php\/2024\/11\/29\/hogyan-adj-el-noknek\/#respond\"]}]},{\"@type\":\"WebPage\",\"@id\":\"https:\/\/sikertitan.hu\/index.php\/2024\/11\/29\/hogyan-adj-el-noknek\/\",\"url\":\"https:\/\/sikertitan.hu\/index.php\/2024\/11\/29\/hogyan-adj-el-noknek\/\",\"name\":\"Hogyan adj el n\u0151knek? \u00c9rt\u00e9kes\u00edt\u00e9si \u00e9s marketingtippek - Siker Tit\u00e1n\",\"isPartOf\":{\"@id\":\"https:\/\/sikertitan.hu\/#website\"},\"primaryImageOfPage\":{\"@id\":\"https:\/\/sikertitan.hu\/index.php\/2024\/11\/29\/hogyan-adj-el-noknek\/#primaryimage\"},\"image\":{\"@id\":\"https:\/\/sikertitan.hu\/index.php\/2024\/11\/29\/hogyan-adj-el-noknek\/#primaryimage\"},\"thumbnailUrl\":\"https:\/\/sikertitan.hu\/wp-content\/uploads\/2024\/11\/pexels-anntarazevich-5242816-scaled.jpg\",\"datePublished\":\"2024-11-29T13:14:49+00:00\",\"dateModified\":\"2025-01-15T08:15:40+00:00\",\"description\":\"Fedezd fel, hogyan adhatsz el n\u0151knek hat\u00e9konyan \u2013 pszichol\u00f3giai megk\u00f6zel\u00edt\u00e9sek, kommunik\u00e1ci\u00f3s tippek \u00e9s marketing strat\u00e9gi\u00e1k.\",\"breadcrumb\":{\"@id\":\"https:\/\/sikertitan.hu\/index.php\/2024\/11\/29\/hogyan-adj-el-noknek\/#breadcrumb\"},\"inLanguage\":\"hu\",\"potentialAction\":[{\"@type\":\"ReadAction\",\"target\":[\"https:\/\/sikertitan.hu\/index.php\/2024\/11\/29\/hogyan-adj-el-noknek\/\"]}]},{\"@type\":\"ImageObject\",\"inLanguage\":\"hu\",\"@id\":\"https:\/\/sikertitan.hu\/index.php\/2024\/11\/29\/hogyan-adj-el-noknek\/#primaryimage\",\"url\":\"https:\/\/sikertitan.hu\/wp-content\/uploads\/2024\/11\/pexels-anntarazevich-5242816-scaled.jpg\",\"contentUrl\":\"https:\/\/sikertitan.hu\/wp-content\/uploads\/2024\/11\/pexels-anntarazevich-5242816-scaled.jpg\",\"width\":\"2560\",\"height\":\"1706\"},{\"@type\":\"BreadcrumbList\",\"@id\":\"https:\/\/sikertitan.hu\/index.php\/2024\/11\/29\/hogyan-adj-el-noknek\/#breadcrumb\",\"itemListElement\":[{\"@type\":\"ListItem\",\"position\":1,\"name\":\"Kezd\u0151lap\",\"item\":\"https:\/\/sikertitan.hu\/\"},{\"@type\":\"ListItem\",\"position\":2,\"name\":\"Hogyan adj el n\u0151knek? \u00c9rt\u00e9kes\u00edt\u00e9si \u00e9s marketingtippek\"}]},{\"@type\":\"WebSite\",\"@id\":\"https:\/\/sikertitan.hu\/#website\",\"url\":\"https:\/\/sikertitan.hu\/\",\"name\":\"Siker Tit\u00e1n\",\"description\":\"Inspir\u00e1ci\u00f3, fejl\u0151d\u00e9s \u00e9s gy\u0151zelem blogoldala\",\"publisher\":{\"@id\":\"https:\/\/sikertitan.hu\/#organization\"},\"potentialAction\":[{\"@type\":\"SearchAction\",\"target\":{\"@type\":\"EntryPoint\",\"urlTemplate\":\"https:\/\/sikertitan.hu\/?s={search_term_string}\"},\"query-input\":{\"@type\":\"PropertyValueSpecification\",\"valueRequired\":true,\"valueName\":\"search_term_string\"}}],\"inLanguage\":\"hu\"},{\"@type\":\"Organization\",\"@id\":\"https:\/\/sikertitan.hu\/#organization\",\"name\":\"Siker Tit\u00e1n\",\"url\":\"https:\/\/sikertitan.hu\/\",\"logo\":{\"@type\":\"ImageObject\",\"inLanguage\":\"hu\",\"@id\":\"https:\/\/sikertitan.hu\/#\/schema\/logo\/image\/\",\"url\":\"https:\/\/sikertitan.hu\/wp-content\/uploads\/2024\/11\/cropped-Idezet-1080-x-400-keppont-1.png\",\"contentUrl\":\"https:\/\/sikertitan.hu\/wp-content\/uploads\/2024\/11\/cropped-Idezet-1080-x-400-keppont-1.png\",\"width\":878,\"height\":318,\"caption\":\"Siker Tit\u00e1n\"},\"image\":{\"@id\":\"https:\/\/sikertitan.hu\/#\/schema\/logo\/image\/\"}},{\"@type\":\"Person\",\"@id\":\"https:\/\/sikertitan.hu\/#\/schema\/person\/62145ff4922604a017d86a9aec58fb10\",\"name\":\"admin\",\"image\":{\"@type\":\"ImageObject\",\"inLanguage\":\"hu\",\"@id\":\"https:\/\/sikertitan.hu\/#\/schema\/person\/image\/\",\"url\":\"https:\/\/secure.gravatar.com\/avatar\/1707361b7c492b08f0be8d8db0253c8d889b1bc2036afdcdb5de7c557a631ba9?s=96&d=mm&r=g\",\"contentUrl\":\"https:\/\/secure.gravatar.com\/avatar\/1707361b7c492b08f0be8d8db0253c8d889b1bc2036afdcdb5de7c557a631ba9?s=96&d=mm&r=g\",\"caption\":\"admin\"},\"sameAs\":[\"https:\/\/sikertitan.hu\"],\"url\":\"https:\/\/sikertitan.hu\/index.php\/author\/sikertitan\/\"}]}<\/script>\n<!-- \/ Yoast SEO plugin. -->","yoast_head_json":{"title":"Hogyan adj el n\u0151knek? \u00c9rt\u00e9kes\u00edt\u00e9si \u00e9s marketingtippek - Siker Tit\u00e1n","description":"Fedezd fel, hogyan adhatsz el n\u0151knek hat\u00e9konyan \u2013 pszichol\u00f3giai megk\u00f6zel\u00edt\u00e9sek, kommunik\u00e1ci\u00f3s tippek \u00e9s marketing strat\u00e9gi\u00e1k.","robots":{"index":"index","follow":"follow","max-snippet":"max-snippet:-1","max-image-preview":"max-image-preview:large","max-video-preview":"max-video-preview:-1"},"canonical":"https:\/\/sikertitan.hu\/index.php\/2024\/11\/29\/hogyan-adj-el-noknek\/","og_locale":"hu_HU","og_type":"article","og_title":"Hogyan adj el n\u0151knek? \u00c9rt\u00e9kes\u00edt\u00e9si \u00e9s marketingtippek - Siker Tit\u00e1n","og_description":"Fedezd fel, hogyan adhatsz el n\u0151knek hat\u00e9konyan \u2013 pszichol\u00f3giai megk\u00f6zel\u00edt\u00e9sek, kommunik\u00e1ci\u00f3s tippek \u00e9s marketing strat\u00e9gi\u00e1k.","og_url":"https:\/\/sikertitan.hu\/index.php\/2024\/11\/29\/hogyan-adj-el-noknek\/","og_site_name":"Siker Tit\u00e1n","article_published_time":"2024-11-29T13:14:49+00:00","article_modified_time":"2025-01-15T08:15:40+00:00","og_image":[{"width":2560,"height":1706,"url":"https:\/\/sikertitan.hu\/wp-content\/uploads\/2024\/11\/pexels-anntarazevich-5242816-scaled.jpg","type":"image\/jpeg"}],"author":"admin","twitter_card":"summary_large_image","twitter_misc":{"Szerz\u0151:":"admin","Becs\u00fclt olvas\u00e1si id\u0151":"5 perc"},"schema":{"@context":"https:\/\/schema.org","@graph":[{"@type":"Article","@id":"https:\/\/sikertitan.hu\/index.php\/2024\/11\/29\/hogyan-adj-el-noknek\/#article","isPartOf":{"@id":"https:\/\/sikertitan.hu\/index.php\/2024\/11\/29\/hogyan-adj-el-noknek\/"},"author":{"name":"admin","@id":"https:\/\/sikertitan.hu\/#\/schema\/person\/62145ff4922604a017d86a9aec58fb10"},"headline":"Hogyan adj el n\u0151knek? \u00c9rt\u00e9kes\u00edt\u00e9si \u00e9s marketingtippek","datePublished":"2024-11-29T13:14:49+00:00","dateModified":"2025-01-15T08:15:40+00:00","mainEntityOfPage":{"@id":"https:\/\/sikertitan.hu\/index.php\/2024\/11\/29\/hogyan-adj-el-noknek\/"},"wordCount":1094,"commentCount":0,"publisher":{"@id":"https:\/\/sikertitan.hu\/#organization"},"image":{"@id":"https:\/\/sikertitan.hu\/index.php\/2024\/11\/29\/hogyan-adj-el-noknek\/#primaryimage"},"thumbnailUrl":"https:\/\/sikertitan.hu\/wp-content\/uploads\/2024\/11\/pexels-anntarazevich-5242816-scaled.jpg","keywords":["bizalom\u00e9p\u00edt\u00e9s","\u00e9rt\u00e9kes\u00edt\u00e9si tippek","\u00e9rzelmi marketing","hogyan adj el","marketing strat\u00e9gi\u00e1k","n\u0151i c\u00e9lcsoport","n\u0151i v\u00e1s\u00e1rl\u00f3k","n\u0151knek \u00e9rt\u00e9kes\u00edt\u00e9s","vizu\u00e1lis kommunik\u00e1ci\u00f3"],"articleSection":["Fejl\u0151d\u00e9s"],"inLanguage":"hu","potentialAction":[{"@type":"CommentAction","name":"Comment","target":["https:\/\/sikertitan.hu\/index.php\/2024\/11\/29\/hogyan-adj-el-noknek\/#respond"]}]},{"@type":"WebPage","@id":"https:\/\/sikertitan.hu\/index.php\/2024\/11\/29\/hogyan-adj-el-noknek\/","url":"https:\/\/sikertitan.hu\/index.php\/2024\/11\/29\/hogyan-adj-el-noknek\/","name":"Hogyan adj el n\u0151knek? \u00c9rt\u00e9kes\u00edt\u00e9si \u00e9s marketingtippek - Siker Tit\u00e1n","isPartOf":{"@id":"https:\/\/sikertitan.hu\/#website"},"primaryImageOfPage":{"@id":"https:\/\/sikertitan.hu\/index.php\/2024\/11\/29\/hogyan-adj-el-noknek\/#primaryimage"},"image":{"@id":"https:\/\/sikertitan.hu\/index.php\/2024\/11\/29\/hogyan-adj-el-noknek\/#primaryimage"},"thumbnailUrl":"https:\/\/sikertitan.hu\/wp-content\/uploads\/2024\/11\/pexels-anntarazevich-5242816-scaled.jpg","datePublished":"2024-11-29T13:14:49+00:00","dateModified":"2025-01-15T08:15:40+00:00","description":"Fedezd fel, hogyan adhatsz el n\u0151knek hat\u00e9konyan \u2013 pszichol\u00f3giai megk\u00f6zel\u00edt\u00e9sek, kommunik\u00e1ci\u00f3s tippek \u00e9s marketing strat\u00e9gi\u00e1k.","breadcrumb":{"@id":"https:\/\/sikertitan.hu\/index.php\/2024\/11\/29\/hogyan-adj-el-noknek\/#breadcrumb"},"inLanguage":"hu","potentialAction":[{"@type":"ReadAction","target":["https:\/\/sikertitan.hu\/index.php\/2024\/11\/29\/hogyan-adj-el-noknek\/"]}]},{"@type":"ImageObject","inLanguage":"hu","@id":"https:\/\/sikertitan.hu\/index.php\/2024\/11\/29\/hogyan-adj-el-noknek\/#primaryimage","url":"https:\/\/sikertitan.hu\/wp-content\/uploads\/2024\/11\/pexels-anntarazevich-5242816-scaled.jpg","contentUrl":"https:\/\/sikertitan.hu\/wp-content\/uploads\/2024\/11\/pexels-anntarazevich-5242816-scaled.jpg","width":"2560","height":"1706"},{"@type":"BreadcrumbList","@id":"https:\/\/sikertitan.hu\/index.php\/2024\/11\/29\/hogyan-adj-el-noknek\/#breadcrumb","itemListElement":[{"@type":"ListItem","position":1,"name":"Kezd\u0151lap","item":"https:\/\/sikertitan.hu\/"},{"@type":"ListItem","position":2,"name":"Hogyan adj el n\u0151knek? \u00c9rt\u00e9kes\u00edt\u00e9si \u00e9s marketingtippek"}]},{"@type":"WebSite","@id":"https:\/\/sikertitan.hu\/#website","url":"https:\/\/sikertitan.hu\/","name":"Siker Tit\u00e1n","description":"Inspir\u00e1ci\u00f3, fejl\u0151d\u00e9s \u00e9s gy\u0151zelem blogoldala","publisher":{"@id":"https:\/\/sikertitan.hu\/#organization"},"potentialAction":[{"@type":"SearchAction","target":{"@type":"EntryPoint","urlTemplate":"https:\/\/sikertitan.hu\/?s={search_term_string}"},"query-input":{"@type":"PropertyValueSpecification","valueRequired":true,"valueName":"search_term_string"}}],"inLanguage":"hu"},{"@type":"Organization","@id":"https:\/\/sikertitan.hu\/#organization","name":"Siker Tit\u00e1n","url":"https:\/\/sikertitan.hu\/","logo":{"@type":"ImageObject","inLanguage":"hu","@id":"https:\/\/sikertitan.hu\/#\/schema\/logo\/image\/","url":"https:\/\/sikertitan.hu\/wp-content\/uploads\/2024\/11\/cropped-Idezet-1080-x-400-keppont-1.png","contentUrl":"https:\/\/sikertitan.hu\/wp-content\/uploads\/2024\/11\/cropped-Idezet-1080-x-400-keppont-1.png","width":878,"height":318,"caption":"Siker Tit\u00e1n"},"image":{"@id":"https:\/\/sikertitan.hu\/#\/schema\/logo\/image\/"}},{"@type":"Person","@id":"https:\/\/sikertitan.hu\/#\/schema\/person\/62145ff4922604a017d86a9aec58fb10","name":"admin","image":{"@type":"ImageObject","inLanguage":"hu","@id":"https:\/\/sikertitan.hu\/#\/schema\/person\/image\/","url":"https:\/\/secure.gravatar.com\/avatar\/1707361b7c492b08f0be8d8db0253c8d889b1bc2036afdcdb5de7c557a631ba9?s=96&d=mm&r=g","contentUrl":"https:\/\/secure.gravatar.com\/avatar\/1707361b7c492b08f0be8d8db0253c8d889b1bc2036afdcdb5de7c557a631ba9?s=96&d=mm&r=g","caption":"admin"},"sameAs":["https:\/\/sikertitan.hu"],"url":"https:\/\/sikertitan.hu\/index.php\/author\/sikertitan\/"}]}},"views":94,"featured_image_urls":{"full":["https:\/\/sikertitan.hu\/wp-content\/uploads\/2024\/11\/pexels-anntarazevich-5242816-scaled.jpg",2560,1706,false],"thumbnail":["https:\/\/sikertitan.hu\/wp-content\/uploads\/2024\/11\/pexels-anntarazevich-5242816-150x150.jpg",150,150,true],"medium":["https:\/\/sikertitan.hu\/wp-content\/uploads\/2024\/11\/pexels-anntarazevich-5242816-300x200.jpg",300,200,true],"medium_large":["https:\/\/sikertitan.hu\/wp-content\/uploads\/2024\/11\/pexels-anntarazevich-5242816-768x512.jpg",640,427,true],"large":["https:\/\/sikertitan.hu\/wp-content\/uploads\/2024\/11\/pexels-anntarazevich-5242816-1024x683.jpg",640,427,true],"1536x1536":["https:\/\/sikertitan.hu\/wp-content\/uploads\/2024\/11\/pexels-anntarazevich-5242816-1536x1024.jpg",1536,1024,true],"2048x2048":["https:\/\/sikertitan.hu\/wp-content\/uploads\/2024\/11\/pexels-anntarazevich-5242816-2048x1365.jpg",2048,1365,true],"pubnews-featured":["https:\/\/sikertitan.hu\/wp-content\/uploads\/2024\/11\/pexels-anntarazevich-5242816-scaled.jpg",1020,680,false],"pubnews-list":["https:\/\/sikertitan.hu\/wp-content\/uploads\/2024\/11\/pexels-anntarazevich-5242816-scaled.jpg",600,400,false],"pubnews-thumb":["https:\/\/sikertitan.hu\/wp-content\/uploads\/2024\/11\/pexels-anntarazevich-5242816-scaled.jpg",300,200,false],"pubnews-small":["https:\/\/sikertitan.hu\/wp-content\/uploads\/2024\/11\/pexels-anntarazevich-5242816-scaled.jpg",143,95,false],"pubnews-grid":["https:\/\/sikertitan.hu\/wp-content\/uploads\/2024\/11\/pexels-anntarazevich-5242816-scaled.jpg",375,250,false]},"author_info":{"display_name":"admin","author_link":"https:\/\/sikertitan.hu\/index.php\/author\/sikertitan\/"},"category_info":"<a href=\"https:\/\/sikertitan.hu\/index.php\/category\/fejlodes\/\" rel=\"category tag\">Fejl\u0151d\u00e9s<\/a>","tag_info":"Fejl\u0151d\u00e9s","comment_count":"0","_links":{"self":[{"href":"https:\/\/sikertitan.hu\/index.php\/wp-json\/wp\/v2\/posts\/291","targetHints":{"allow":["GET"]}}],"collection":[{"href":"https:\/\/sikertitan.hu\/index.php\/wp-json\/wp\/v2\/posts"}],"about":[{"href":"https:\/\/sikertitan.hu\/index.php\/wp-json\/wp\/v2\/types\/post"}],"author":[{"embeddable":true,"href":"https:\/\/sikertitan.hu\/index.php\/wp-json\/wp\/v2\/users\/1"}],"replies":[{"embeddable":true,"href":"https:\/\/sikertitan.hu\/index.php\/wp-json\/wp\/v2\/comments?post=291"}],"version-history":[{"count":2,"href":"https:\/\/sikertitan.hu\/index.php\/wp-json\/wp\/v2\/posts\/291\/revisions"}],"predecessor-version":[{"id":689,"href":"https:\/\/sikertitan.hu\/index.php\/wp-json\/wp\/v2\/posts\/291\/revisions\/689"}],"wp:featuredmedia":[{"embeddable":true,"href":"https:\/\/sikertitan.hu\/index.php\/wp-json\/wp\/v2\/media\/293"}],"wp:attachment":[{"href":"https:\/\/sikertitan.hu\/index.php\/wp-json\/wp\/v2\/media?parent=291"}],"wp:term":[{"taxonomy":"category","embeddable":true,"href":"https:\/\/sikertitan.hu\/index.php\/wp-json\/wp\/v2\/categories?post=291"},{"taxonomy":"post_tag","embeddable":true,"href":"https:\/\/sikertitan.hu\/index.php\/wp-json\/wp\/v2\/tags?post=291"}],"curies":[{"name":"wp","href":"https:\/\/api.w.org\/{rel}","templated":true}]}}