{"id":236,"date":"2024-11-25T11:00:22","date_gmt":"2024-11-25T11:00:22","guid":{"rendered":"https:\/\/sikertitan.hu\/?p=236"},"modified":"2025-03-04T16:09:20","modified_gmt":"2025-03-04T16:09:20","slug":"oneletrajz-irasa","status":"publish","type":"post","link":"https:\/\/sikertitan.hu\/index.php\/2024\/11\/25\/oneletrajz-irasa\/","title":{"rendered":"\u00d6n\u00e9letrajz \u00edr\u00e1sa munkahelyre: Hogyan k\u00e9sz\u00edts \u00fct\u0151s CV-t?"},"content":{"rendered":"\n<p class=\"wp-block-paragraph\">Egy j\u00f3l meg\u00edrt \u00f6n\u00e9letrajz az els\u0151 l\u00e9p\u00e9s a k\u00edv\u00e1nt munka megszerz\u00e9s\u00e9hez. Az <strong>\u00f6n\u00e9letrajz \u00edr\u00e1sa munkahelyre<\/strong> nem csup\u00e1n a tapasztalatok list\u00e1z\u00e1s\u00e1r\u00f3l sz\u00f3l, hanem arr\u00f3l is, hogy kiemeld az er\u0151ss\u00e9geidet \u00e9s a munk\u00e1ltat\u00f3k figyelm\u00e9t azonnal megragadd. Ebben a cikkben megmutatjuk, hogyan k\u00e9sz\u00edts olyan \u00f6n\u00e9letrajzot, amely kit\u0171nik a t\u00f6megb\u0151l, \u00e9s amely a leghat\u00e9konyabban mutatja be a k\u00e9pess\u00e9geidet.<\/p>\n\n\n\n<hr class=\"wp-block-separator has-alpha-channel-opacity\"\/>\n\n\n\n<h3 class=\"wp-block-heading\">Mi\u00e9rt fontos a megfelel\u0151 \u00f6n\u00e9letrajz?<\/h3>\n\n\n\n<p class=\"wp-block-paragraph\">Az \u00f6n\u00e9letrajz az els\u0151 dolog, amit a munk\u00e1ltat\u00f3 l\u00e1t r\u00f3lad. Ez\u00e9rt elengedhetetlen, hogy professzion\u00e1lis, rendezett \u00e9s l\u00e9nyegre t\u00f6r\u0151 legyen. Egy j\u00f3l meg\u00edrt \u00f6n\u00e9letrajz:<\/p>\n\n\n\n<ul class=\"wp-block-list\">\n<li><strong>Kit\u0171nik a jelentkez\u0151k k\u00f6z\u00fcl:<\/strong> Az \u00e1tlagos \u00f6n\u00e9letrajzokra kevesebb mint 10 m\u00e1sodperc figyelmet ford\u00edtanak.<\/li>\n\n\n\n<li><strong>Profizmust sug\u00e1roz:<\/strong> Egy letisztult \u00e9s struktur\u00e1lt dokumentum meggy\u0151z\u0151bb\u00e9 tesz t\u00e9ged.<\/li>\n\n\n\n<li><strong>N\u00f6veli az es\u00e9lyeidet:<\/strong> A relev\u00e1ns inform\u00e1ci\u00f3k kiemel\u00e9se meggy\u0151zi a munk\u00e1ltat\u00f3t, hogy te vagy a megfelel\u0151 jel\u00f6lt.<\/li>\n<\/ul>\n\n\n\n<hr class=\"wp-block-separator has-alpha-channel-opacity\"\/>\n\n\n\n<h3 class=\"wp-block-heading\">\u00d6n\u00e9letrajz \u00edr\u00e1sa munkahelyre?<\/h3>\n\n\n\n<h4 class=\"wp-block-heading\">1. <strong>V\u00e1laszd ki a megfelel\u0151 form\u00e1tumot<\/strong><\/h4>\n\n\n\n<p class=\"wp-block-paragraph\">Az \u00f6n\u00e9letrajz form\u00e1tuma nagyban befoly\u00e1solja az olvashat\u00f3s\u00e1g\u00e1t \u00e9s a hat\u00e1s\u00e1t. A leggyakoribb t\u00edpusok:<\/p>\n\n\n\n<ul class=\"wp-block-list\">\n<li><strong>Kronologikus \u00f6n\u00e9letrajz:<\/strong> A munkatapasztalatokat id\u0151rendi sorrendben mutatja be, legink\u00e1bb akkor aj\u00e1nlott, ha stabil szakmai h\u00e1tt\u00e9rrel rendelkezel.<\/li>\n\n\n\n<li><strong>Funkcion\u00e1lis \u00f6n\u00e9letrajz:<\/strong> A k\u00e9pess\u00e9gekre \u00e9s kompetenci\u00e1kra helyezi a hangs\u00falyt, ide\u00e1lis p\u00e1lyakezd\u0151knek vagy karrierv\u00e1lt\u00f3knak.<\/li>\n\n\n\n<li><strong>Kombin\u00e1lt \u00f6n\u00e9letrajz:<\/strong> A tapasztalatokat \u00e9s a k\u00e9szs\u00e9geket egyar\u00e1nt bemutatja, sokoldal\u00fa \u00e9s rugalmas form\u00e1tum.<\/li>\n<\/ul>\n\n\n\n<h4 class=\"wp-block-heading\">2. <strong>Kezdd egy figyelemfelkelt\u0151 \u00f6sszegz\u00e9ssel<\/strong><\/h4>\n\n\n\n<p class=\"wp-block-paragraph\">Az \u00f6sszegz\u00e9s az els\u0151 szakasz az \u00f6n\u00e9letrajzban, ahol r\u00f6viden bemutathatod magad. P\u00e9ld\u00e1ul:<br>\u201eMotiv\u00e1lt \u00e9s eredm\u00e9nyorient\u00e1lt marketing szakember, 5+ \u00e9v tapasztalattal digit\u00e1lis kamp\u00e1nyok tervez\u00e9s\u00e9ben \u00e9s kivitelez\u00e9s\u00e9ben.\u201d<\/p>\n\n\n\n<h4 class=\"wp-block-heading\">3. <strong>Sorold fel a szakmai tapasztalatokat<\/strong><\/h4>\n\n\n\n<p class=\"wp-block-paragraph\">A tapasztalatok szakaszban t\u00fcntesd fel az el\u0151z\u0151 munkahelyeidet, kezdve a legfrissebbel. Ne csak a poz\u00edci\u00f3kat \u00edrd le, hanem emeld ki az eredm\u00e9nyeidet is. P\u00e9ld\u00e1ul:<\/p>\n\n\n\n<ul class=\"wp-block-list\">\n<li>\u201e20%-kal n\u00f6veltem az elad\u00e1sokat egy sikeres kamp\u00e1ny r\u00e9v\u00e9n.\u201d<\/li>\n\n\n\n<li>\u201eHat\u00e9kony csapatvezet\u00e9si strat\u00e9gi\u00e1kkal n\u00f6veltem a munkamor\u00e1lt \u00e9s a hat\u00e9konys\u00e1got.\u201d<\/li>\n<\/ul>\n\n\n\n<h4 class=\"wp-block-heading\">4. <strong>T\u00fcntesd fel a k\u00e9szs\u00e9geidet<\/strong><\/h4>\n\n\n\n<p class=\"wp-block-paragraph\">A k\u00e9szs\u00e9gek szakaszban sorold fel azokat a k\u00e9pess\u00e9geidet, amelyek relev\u00e1nsak a megp\u00e1ly\u00e1zott \u00e1ll\u00e1s szempontj\u00e1b\u00f3l. P\u00e9ld\u00e1k:<\/p>\n\n\n\n<ul class=\"wp-block-list\">\n<li>Technikai k\u00e9szs\u00e9gek: \u201eMS Office, Adobe Photoshop, Python programoz\u00e1s.\u201d<\/li>\n\n\n\n<li>Puha k\u00e9szs\u00e9gek: \u201eKommunik\u00e1ci\u00f3s k\u00e9szs\u00e9gek, csapatmunka, probl\u00e9mamegold\u00e1s.\u201d<\/li>\n<\/ul>\n\n\n\n<h4 class=\"wp-block-heading\">5. <strong>K\u00e9pzetts\u00e9g \u00e9s tanulm\u00e1nyok<\/strong><\/h4>\n\n\n\n<p class=\"wp-block-paragraph\">T\u00fcntesd fel a legmagasabb szint\u0171 iskolai v\u00e9gzetts\u00e9gedet, valamint azokat a tanfolyamokat vagy k\u00e9pz\u00e9seket, amelyek a megp\u00e1ly\u00e1zott munkak\u00f6rh\u00f6z kapcsol\u00f3dnak.<\/p>\n\n\n\n<hr class=\"wp-block-separator has-alpha-channel-opacity\"\/>\n\n\n\n<h3 class=\"wp-block-heading\">Tippek egy hat\u00e9kony \u00f6n\u00e9letrajz \u00edr\u00e1s\u00e1hoz<\/h3>\n\n\n\n<ol class=\"wp-block-list\">\n<li><strong>Legyen r\u00f6vid \u00e9s l\u00e9nyegre t\u00f6r\u0151:<\/strong> Az \u00f6n\u00e9letrajz ide\u00e1lis hossza 1-2 oldal.<\/li>\n\n\n\n<li><strong>Haszn\u00e1lj kulcsszavakat:<\/strong> A munkak\u00f6ri le\u00edr\u00e1sb\u00f3l emelj ki relev\u00e1ns kulcsszavakat, hogy az \u00f6n\u00e9letrajzod megfeleljen az ATS (Applicant Tracking System) sz\u0171r\u0151j\u00e9nek.<\/li>\n\n\n\n<li><strong>Hibamentess\u00e9g:<\/strong> Mindig ellen\u0151rizd a helyes\u00edr\u00e1st \u00e9s a nyelvtant. Egy apr\u00f3 hiba is elronthatja az \u00f6sszk\u00e9pet.<\/li>\n\n\n\n<li><strong>Testreszab\u00e1s minden \u00e1ll\u00e1sra:<\/strong> Minden jelentkez\u00e9sn\u00e9l igaz\u00edtsd az \u00f6n\u00e9letrajzod a konkr\u00e9t \u00e1ll\u00e1s elv\u00e1r\u00e1saihoz.<\/li>\n\n\n\n<li><strong>Haszn\u00e1lj letisztult diz\u00e1jnt:<\/strong> Ker\u00fcld a zs\u00fafolt elrendez\u00e9st, \u00e9s v\u00e1lassz k\u00f6nnyen olvashat\u00f3 bet\u0171t\u00edpusokat.<\/li>\n<\/ol>\n\n\n<div class=\"wp-block-image\">\n<figure class=\"aligncenter size-large is-resized\"><img loading=\"lazy\" decoding=\"async\" width=\"1024\" height=\"678\" src=\"https:\/\/sikertitan.hu\/wp-content\/uploads\/2024\/11\/application-2580867_1280-1024x678.jpg\" alt=\"\u00d6n\u00e9letrajz \u00edr\u00e1sa munkahelyre \u2013 praktikus tan\u00e1csok \u00e9s mint\u00e1k az \u00e1ll\u00e1skeres\u00e9shez\" class=\"wp-image-238\" style=\"width:500px\" srcset=\"https:\/\/sikertitan.hu\/wp-content\/uploads\/2024\/11\/application-2580867_1280-1024x678.jpg 1024w, https:\/\/sikertitan.hu\/wp-content\/uploads\/2024\/11\/application-2580867_1280-300x199.jpg 300w, https:\/\/sikertitan.hu\/wp-content\/uploads\/2024\/11\/application-2580867_1280-768x509.jpg 768w, https:\/\/sikertitan.hu\/wp-content\/uploads\/2024\/11\/application-2580867_1280.jpg 1280w\" sizes=\"auto, (max-width: 1024px) 100vw, 1024px\" \/><\/figure>\n<\/div>\n\n\n<hr class=\"wp-block-separator has-alpha-channel-opacity\"\/>\n\n\n\n<h3 class=\"wp-block-heading\">P\u00e9lda \u00f6n\u00e9letrajz szerkezete<\/h3>\n\n\n\n<p class=\"wp-block-paragraph\"><strong>N\u00e9v<\/strong><br>El\u00e9rhet\u0151s\u00e9gek: Telefonsz\u00e1m, E-mail, LinkedIn profil<\/p>\n\n\n\n<p class=\"wp-block-paragraph\"><strong>Szakmai \u00f6sszegz\u00e9s:<\/strong><br>R\u00f6vid, relev\u00e1ns bemutatkoz\u00e1s.<\/p>\n\n\n\n<p class=\"wp-block-paragraph\"><strong>Szakmai tapasztalat:<\/strong><\/p>\n\n\n\n<ul class=\"wp-block-list\">\n<li><strong>C\u00e9g neve<\/strong>, Poz\u00edci\u00f3 \u2013 D\u00e1tumok\n<ul class=\"wp-block-list\">\n<li>Feladatok, eredm\u00e9nyek kiemel\u00e9se<\/li>\n<\/ul>\n<\/li>\n\n\n\n<li><strong>C\u00e9g neve<\/strong>, Poz\u00edci\u00f3 \u2013 D\u00e1tumok\n<ul class=\"wp-block-list\">\n<li>Feladatok, eredm\u00e9nyek kiemel\u00e9se<\/li>\n<\/ul>\n<\/li>\n<\/ul>\n\n\n\n<p class=\"wp-block-paragraph\"><strong>K\u00e9szs\u00e9gek:<\/strong><\/p>\n\n\n\n<ul class=\"wp-block-list\">\n<li>Relev\u00e1ns technikai \u00e9s puha k\u00e9szs\u00e9gek list\u00e1ja.<\/li>\n<\/ul>\n\n\n\n<p class=\"wp-block-paragraph\"><strong>Tanulm\u00e1nyok \u00e9s k\u00e9pzetts\u00e9g:<\/strong><\/p>\n\n\n\n<ul class=\"wp-block-list\">\n<li>Fels\u0151oktat\u00e1si int\u00e9zm\u00e9ny, szak \u2013 \u00c9vsz\u00e1mok<\/li>\n<\/ul>\n\n\n\n<p class=\"wp-block-paragraph\"><strong>Tov\u00e1bbi inform\u00e1ci\u00f3k (opcion\u00e1lis):<\/strong><\/p>\n\n\n\n<ul class=\"wp-block-list\">\n<li>Nyelvismeret, tan\u00fas\u00edtv\u00e1nyok, \u00f6nk\u00e9ntes munka.<\/li>\n<\/ul>\n\n\n\n<p class=\"has-medium-font-size wp-block-paragraph\"><em><strong>P\u00e1r tipp, hol tudsz sablon alapon professzion\u00e1lis \u00f6n\u00e9letrajzot k\u00e9sz\u00edteni \u2013 kattints \u00e9s n\u00e9zd meg<\/strong>!<\/em><\/p>\n\n\n\n<hr class=\"wp-block-separator has-alpha-channel-opacity\"\/>\n\n\n\n<h3 class=\"wp-block-heading\">Gyakori k\u00e9rd\u00e9sek<\/h3>\n\n\n\n<p class=\"wp-block-paragraph\"><strong>Mi legyen az \u00f6n\u00e9letrajz hossz\u00fas\u00e1ga?<\/strong><br>Az \u00f6n\u00e9letrajz ide\u00e1lis esetben egy oldal, de ha jelent\u0151s tapasztalatod van, k\u00e9t oldal is elfogadhat\u00f3.<\/p>\n\n\n\n<p class=\"wp-block-paragraph\"><strong>Hogyan \u00edrjam le a feladataimat \u00e9s eredm\u00e9nyeimet?<\/strong><br>Konkr\u00e9t eredm\u00e9nyekkel \u00e9s sz\u00e1madatokkal mutasd be, mit \u00e9rt\u00e9l el az el\u0151z\u0151 munkahelyeiden. P\u00e9lda: \u201e15%-kal cs\u00f6kkentettem a k\u00f6lts\u00e9geket egy \u00faj beszerz\u00e9si folyamat bevezet\u00e9s\u00e9vel.\u201d<\/p>\n\n\n\n<p class=\"wp-block-paragraph\"><strong>Mi\u00e9rt fontos a testreszabott \u00f6n\u00e9letrajz?<\/strong><br>Minden \u00e1ll\u00e1s elt\u00e9r\u0151 k\u00f6vetelm\u00e9nyeket t\u00e1maszt, ez\u00e9rt az \u00f6n\u00e9letrajzod relevanci\u00e1j\u00e1t n\u00f6veli, ha a munkak\u00f6ri le\u00edr\u00e1s alapj\u00e1n testre szabod.<\/p>\n\n\n\n<p class=\"wp-block-paragraph\"><strong>Milyen bet\u0171t\u00edpust haszn\u00e1ljak?<\/strong><br>Haszn\u00e1lj egyszer\u0171, k\u00f6nnyen olvashat\u00f3 bet\u0171t\u00edpusokat, p\u00e9ld\u00e1ul Arial, Calibri vagy Times New Roman.<\/p>\n\n\n\n<p class=\"wp-block-paragraph\"><strong>Mi\u00e9rt fontos a hib\u00e1tlan helyes\u00edr\u00e1s?<\/strong><br>Egyetlen helyes\u00edr\u00e1si vagy nyelvtani hiba is negat\u00edv benyom\u00e1st kelthet a munk\u00e1ltat\u00f3ban, ez\u00e9rt mindig ellen\u0151rizd az \u00f6n\u00e9letrajzodat.<\/p>\n\n\n\n<hr class=\"wp-block-separator has-alpha-channel-opacity\"\/>\n\n\n\n<p class=\"wp-block-paragraph\">Az <strong>\u00f6n\u00e9letrajz \u00edr\u00e1sa munkahelyre<\/strong> elengedhetetlen l\u00e9p\u00e9s az \u00e1ll\u00e1skeres\u00e9s sor\u00e1n. Egy j\u00f3l megtervezett, relev\u00e1ns \u00e9s professzion\u00e1lis \u00f6n\u00e9letrajz nemcsak bemutatja a k\u00e9pess\u00e9geidet \u00e9s tapasztalataidat, hanem lehet\u0151v\u00e9 teszi, hogy kiemelkedj a jelentkez\u0151k k\u00f6z\u00fcl. Haszn\u00e1lj tiszta form\u00e1tumot, l\u00e9gy l\u00e9nyegre t\u00f6r\u0151, \u00e9s mindig igaz\u00edtsd az \u00f6n\u00e9letrajzod a megp\u00e1ly\u00e1zott poz\u00edci\u00f3hoz. Sok sikert a jelentkez\u00e9shez!<\/p>\n\n\n\n<p class=\"wp-block-paragraph\"><\/p>\n","protected":false},"excerpt":{"rendered":"<p>Egy j\u00f3l meg\u00edrt \u00f6n\u00e9letrajz az els\u0151 l\u00e9p\u00e9s a k\u00edv\u00e1nt munka megszerz\u00e9s\u00e9hez. Az \u00f6n\u00e9letrajz \u00edr\u00e1sa munkahelyre nem csup\u00e1n a tapasztalatok list\u00e1z\u00e1s\u00e1r\u00f3l sz\u00f3l, hanem arr\u00f3l is, hogy kiemeld az er\u0151ss\u00e9geidet \u00e9s a munk\u00e1ltat\u00f3k figyelm\u00e9t azonnal megragadd. Ebben a cikkben megmutatjuk, hogyan k\u00e9sz\u00edts olyan \u00f6n\u00e9letrajzot, amely kit\u0171nik a t\u00f6megb\u0151l, \u00e9s amely a leghat\u00e9konyabban mutatja be a k\u00e9pess\u00e9geidet. Mi\u00e9rt&#8230;<\/p>\n","protected":false},"author":1,"featured_media":237,"comment_status":"open","ping_status":"open","sticky":false,"template":"","format":"standard","meta":{"footnotes":""},"categories":[5],"tags":[121,114,116,115,113,119,112,117,120,118],"class_list":["post-236","post","type-post","status-publish","format-standard","has-post-thumbnail","hentry","category-karrier","tag-allas-jelentkezes","tag-allasinterju","tag-allaskereses","tag-cv-iras","tag-keszsegek","tag-munkahely","tag-oneletrajz","tag-oneletrajz-formatum","tag-palyazat","tag-szakmai-tapasztalat"],"yoast_head":"<!-- This site is optimized with the Yoast SEO plugin v25.5 - https:\/\/yoast.com\/wordpress\/plugins\/seo\/ -->\n<title>\u00d6n\u00e9letrajz \u00edr\u00e1sa munkahelyre: Hogyan k\u00e9sz\u00edts \u00fct\u0151s CV-t? - Siker Tit\u00e1n<\/title>\n<meta name=\"description\" content=\"\u00d6n\u00e9letrajz \u00edr\u00e1sa munkahelyre: Egy j\u00f3l meg\u00edrt \u00f6n\u00e9letrajz az els\u0151 l\u00e9p\u00e9s a k\u00edv\u00e1nt munka megszerz\u00e9s\u00e9hez. Tippeket a cikkben tal\u00e1lsz!\" \/>\n<meta name=\"robots\" content=\"index, follow, max-snippet:-1, max-image-preview:large, max-video-preview:-1\" \/>\n<link rel=\"canonical\" href=\"https:\/\/sikertitan.hu\/index.php\/2024\/11\/25\/oneletrajz-irasa\/\" \/>\n<meta property=\"og:locale\" content=\"hu_HU\" \/>\n<meta property=\"og:type\" content=\"article\" \/>\n<meta property=\"og:title\" content=\"\u00d6n\u00e9letrajz \u00edr\u00e1sa munkahelyre: Hogyan k\u00e9sz\u00edts \u00fct\u0151s CV-t? - Siker Tit\u00e1n\" \/>\n<meta property=\"og:description\" content=\"\u00d6n\u00e9letrajz \u00edr\u00e1sa munkahelyre: Egy j\u00f3l meg\u00edrt \u00f6n\u00e9letrajz az els\u0151 l\u00e9p\u00e9s a k\u00edv\u00e1nt munka megszerz\u00e9s\u00e9hez. Tippeket a cikkben tal\u00e1lsz!\" \/>\n<meta property=\"og:url\" content=\"https:\/\/sikertitan.hu\/index.php\/2024\/11\/25\/oneletrajz-irasa\/\" \/>\n<meta property=\"og:site_name\" content=\"Siker Tit\u00e1n\" \/>\n<meta property=\"article:published_time\" content=\"2024-11-25T11:00:22+00:00\" \/>\n<meta property=\"article:modified_time\" content=\"2025-03-04T16:09:20+00:00\" \/>\n<meta property=\"og:image\" content=\"https:\/\/sikertitan.hu\/wp-content\/uploads\/2024\/11\/resume-6627200_1280.jpg\" \/>\n\t<meta property=\"og:image:width\" content=\"1280\" \/>\n\t<meta property=\"og:image:height\" content=\"805\" \/>\n\t<meta property=\"og:image:type\" content=\"image\/jpeg\" \/>\n<meta name=\"author\" content=\"admin\" \/>\n<meta name=\"twitter:card\" content=\"summary_large_image\" \/>\n<meta name=\"twitter:label1\" content=\"Szerz\u0151:\" \/>\n\t<meta name=\"twitter:data1\" content=\"admin\" \/>\n\t<meta name=\"twitter:label2\" content=\"Becs\u00fclt olvas\u00e1si id\u0151\" \/>\n\t<meta name=\"twitter:data2\" content=\"4 perc\" \/>\n<script type=\"application\/ld+json\" class=\"yoast-schema-graph\">{\"@context\":\"https:\/\/schema.org\",\"@graph\":[{\"@type\":\"Article\",\"@id\":\"https:\/\/sikertitan.hu\/index.php\/2024\/11\/25\/oneletrajz-irasa\/#article\",\"isPartOf\":{\"@id\":\"https:\/\/sikertitan.hu\/index.php\/2024\/11\/25\/oneletrajz-irasa\/\"},\"author\":{\"name\":\"admin\",\"@id\":\"https:\/\/sikertitan.hu\/#\/schema\/person\/62145ff4922604a017d86a9aec58fb10\"},\"headline\":\"\u00d6n\u00e9letrajz \u00edr\u00e1sa munkahelyre: Hogyan k\u00e9sz\u00edts \u00fct\u0151s CV-t?\",\"datePublished\":\"2024-11-25T11:00:22+00:00\",\"dateModified\":\"2025-03-04T16:09:20+00:00\",\"mainEntityOfPage\":{\"@id\":\"https:\/\/sikertitan.hu\/index.php\/2024\/11\/25\/oneletrajz-irasa\/\"},\"wordCount\":976,\"commentCount\":0,\"publisher\":{\"@id\":\"https:\/\/sikertitan.hu\/#organization\"},\"image\":{\"@id\":\"https:\/\/sikertitan.hu\/index.php\/2024\/11\/25\/oneletrajz-irasa\/#primaryimage\"},\"thumbnailUrl\":\"https:\/\/sikertitan.hu\/wp-content\/uploads\/2024\/11\/resume-6627200_1280.jpg\",\"keywords\":[\"\u00e1ll\u00e1s jelentkez\u00e9s\",\"\u00e1ll\u00e1sinterj\u00fa\",\"\u00e1ll\u00e1skeres\u00e9s\",\"CV \u00edr\u00e1s\",\"k\u00e9szs\u00e9gek\",\"munkahely\",\"\u00f6n\u00e9letrajz\",\"\u00f6n\u00e9letrajz form\u00e1tum\",\"p\u00e1ly\u00e1zat\",\"szakmai tapasztalat\"],\"articleSection\":[\"Karrier\"],\"inLanguage\":\"hu\",\"potentialAction\":[{\"@type\":\"CommentAction\",\"name\":\"Comment\",\"target\":[\"https:\/\/sikertitan.hu\/index.php\/2024\/11\/25\/oneletrajz-irasa\/#respond\"]}]},{\"@type\":\"WebPage\",\"@id\":\"https:\/\/sikertitan.hu\/index.php\/2024\/11\/25\/oneletrajz-irasa\/\",\"url\":\"https:\/\/sikertitan.hu\/index.php\/2024\/11\/25\/oneletrajz-irasa\/\",\"name\":\"\u00d6n\u00e9letrajz \u00edr\u00e1sa munkahelyre: Hogyan k\u00e9sz\u00edts \u00fct\u0151s CV-t? - Siker Tit\u00e1n\",\"isPartOf\":{\"@id\":\"https:\/\/sikertitan.hu\/#website\"},\"primaryImageOfPage\":{\"@id\":\"https:\/\/sikertitan.hu\/index.php\/2024\/11\/25\/oneletrajz-irasa\/#primaryimage\"},\"image\":{\"@id\":\"https:\/\/sikertitan.hu\/index.php\/2024\/11\/25\/oneletrajz-irasa\/#primaryimage\"},\"thumbnailUrl\":\"https:\/\/sikertitan.hu\/wp-content\/uploads\/2024\/11\/resume-6627200_1280.jpg\",\"datePublished\":\"2024-11-25T11:00:22+00:00\",\"dateModified\":\"2025-03-04T16:09:20+00:00\",\"description\":\"\u00d6n\u00e9letrajz \u00edr\u00e1sa munkahelyre: Egy j\u00f3l meg\u00edrt \u00f6n\u00e9letrajz az els\u0151 l\u00e9p\u00e9s a k\u00edv\u00e1nt munka megszerz\u00e9s\u00e9hez. Tippeket a cikkben tal\u00e1lsz!\",\"breadcrumb\":{\"@id\":\"https:\/\/sikertitan.hu\/index.php\/2024\/11\/25\/oneletrajz-irasa\/#breadcrumb\"},\"inLanguage\":\"hu\",\"potentialAction\":[{\"@type\":\"ReadAction\",\"target\":[\"https:\/\/sikertitan.hu\/index.php\/2024\/11\/25\/oneletrajz-irasa\/\"]}]},{\"@type\":\"ImageObject\",\"inLanguage\":\"hu\",\"@id\":\"https:\/\/sikertitan.hu\/index.php\/2024\/11\/25\/oneletrajz-irasa\/#primaryimage\",\"url\":\"https:\/\/sikertitan.hu\/wp-content\/uploads\/2024\/11\/resume-6627200_1280.jpg\",\"contentUrl\":\"https:\/\/sikertitan.hu\/wp-content\/uploads\/2024\/11\/resume-6627200_1280.jpg\",\"width\":\"1280\",\"height\":\"805\"},{\"@type\":\"BreadcrumbList\",\"@id\":\"https:\/\/sikertitan.hu\/index.php\/2024\/11\/25\/oneletrajz-irasa\/#breadcrumb\",\"itemListElement\":[{\"@type\":\"ListItem\",\"position\":1,\"name\":\"Kezd\u0151lap\",\"item\":\"https:\/\/sikertitan.hu\/\"},{\"@type\":\"ListItem\",\"position\":2,\"name\":\"\u00d6n\u00e9letrajz \u00edr\u00e1sa munkahelyre: Hogyan k\u00e9sz\u00edts \u00fct\u0151s CV-t?\"}]},{\"@type\":\"WebSite\",\"@id\":\"https:\/\/sikertitan.hu\/#website\",\"url\":\"https:\/\/sikertitan.hu\/\",\"name\":\"Siker Tit\u00e1n\",\"description\":\"Inspir\u00e1ci\u00f3, fejl\u0151d\u00e9s \u00e9s gy\u0151zelem blogoldala\",\"publisher\":{\"@id\":\"https:\/\/sikertitan.hu\/#organization\"},\"potentialAction\":[{\"@type\":\"SearchAction\",\"target\":{\"@type\":\"EntryPoint\",\"urlTemplate\":\"https:\/\/sikertitan.hu\/?s={search_term_string}\"},\"query-input\":{\"@type\":\"PropertyValueSpecification\",\"valueRequired\":true,\"valueName\":\"search_term_string\"}}],\"inLanguage\":\"hu\"},{\"@type\":\"Organization\",\"@id\":\"https:\/\/sikertitan.hu\/#organization\",\"name\":\"Siker Tit\u00e1n\",\"url\":\"https:\/\/sikertitan.hu\/\",\"logo\":{\"@type\":\"ImageObject\",\"inLanguage\":\"hu\",\"@id\":\"https:\/\/sikertitan.hu\/#\/schema\/logo\/image\/\",\"url\":\"https:\/\/sikertitan.hu\/wp-content\/uploads\/2024\/11\/cropped-Idezet-1080-x-400-keppont-1.png\",\"contentUrl\":\"https:\/\/sikertitan.hu\/wp-content\/uploads\/2024\/11\/cropped-Idezet-1080-x-400-keppont-1.png\",\"width\":878,\"height\":318,\"caption\":\"Siker Tit\u00e1n\"},\"image\":{\"@id\":\"https:\/\/sikertitan.hu\/#\/schema\/logo\/image\/\"}},{\"@type\":\"Person\",\"@id\":\"https:\/\/sikertitan.hu\/#\/schema\/person\/62145ff4922604a017d86a9aec58fb10\",\"name\":\"admin\",\"image\":{\"@type\":\"ImageObject\",\"inLanguage\":\"hu\",\"@id\":\"https:\/\/sikertitan.hu\/#\/schema\/person\/image\/\",\"url\":\"https:\/\/secure.gravatar.com\/avatar\/1707361b7c492b08f0be8d8db0253c8d889b1bc2036afdcdb5de7c557a631ba9?s=96&d=mm&r=g\",\"contentUrl\":\"https:\/\/secure.gravatar.com\/avatar\/1707361b7c492b08f0be8d8db0253c8d889b1bc2036afdcdb5de7c557a631ba9?s=96&d=mm&r=g\",\"caption\":\"admin\"},\"sameAs\":[\"https:\/\/sikertitan.hu\"],\"url\":\"https:\/\/sikertitan.hu\/index.php\/author\/sikertitan\/\"}]}<\/script>\n<!-- \/ Yoast SEO plugin. -->","yoast_head_json":{"title":"\u00d6n\u00e9letrajz \u00edr\u00e1sa munkahelyre: Hogyan k\u00e9sz\u00edts \u00fct\u0151s CV-t? - Siker Tit\u00e1n","description":"\u00d6n\u00e9letrajz \u00edr\u00e1sa munkahelyre: Egy j\u00f3l meg\u00edrt \u00f6n\u00e9letrajz az els\u0151 l\u00e9p\u00e9s a k\u00edv\u00e1nt munka megszerz\u00e9s\u00e9hez. Tippeket a cikkben tal\u00e1lsz!","robots":{"index":"index","follow":"follow","max-snippet":"max-snippet:-1","max-image-preview":"max-image-preview:large","max-video-preview":"max-video-preview:-1"},"canonical":"https:\/\/sikertitan.hu\/index.php\/2024\/11\/25\/oneletrajz-irasa\/","og_locale":"hu_HU","og_type":"article","og_title":"\u00d6n\u00e9letrajz \u00edr\u00e1sa munkahelyre: Hogyan k\u00e9sz\u00edts \u00fct\u0151s CV-t? - Siker Tit\u00e1n","og_description":"\u00d6n\u00e9letrajz \u00edr\u00e1sa munkahelyre: Egy j\u00f3l meg\u00edrt \u00f6n\u00e9letrajz az els\u0151 l\u00e9p\u00e9s a k\u00edv\u00e1nt munka megszerz\u00e9s\u00e9hez. Tippeket a cikkben tal\u00e1lsz!","og_url":"https:\/\/sikertitan.hu\/index.php\/2024\/11\/25\/oneletrajz-irasa\/","og_site_name":"Siker Tit\u00e1n","article_published_time":"2024-11-25T11:00:22+00:00","article_modified_time":"2025-03-04T16:09:20+00:00","og_image":[{"width":1280,"height":805,"url":"https:\/\/sikertitan.hu\/wp-content\/uploads\/2024\/11\/resume-6627200_1280.jpg","type":"image\/jpeg"}],"author":"admin","twitter_card":"summary_large_image","twitter_misc":{"Szerz\u0151:":"admin","Becs\u00fclt olvas\u00e1si id\u0151":"4 perc"},"schema":{"@context":"https:\/\/schema.org","@graph":[{"@type":"Article","@id":"https:\/\/sikertitan.hu\/index.php\/2024\/11\/25\/oneletrajz-irasa\/#article","isPartOf":{"@id":"https:\/\/sikertitan.hu\/index.php\/2024\/11\/25\/oneletrajz-irasa\/"},"author":{"name":"admin","@id":"https:\/\/sikertitan.hu\/#\/schema\/person\/62145ff4922604a017d86a9aec58fb10"},"headline":"\u00d6n\u00e9letrajz \u00edr\u00e1sa munkahelyre: Hogyan k\u00e9sz\u00edts \u00fct\u0151s CV-t?","datePublished":"2024-11-25T11:00:22+00:00","dateModified":"2025-03-04T16:09:20+00:00","mainEntityOfPage":{"@id":"https:\/\/sikertitan.hu\/index.php\/2024\/11\/25\/oneletrajz-irasa\/"},"wordCount":976,"commentCount":0,"publisher":{"@id":"https:\/\/sikertitan.hu\/#organization"},"image":{"@id":"https:\/\/sikertitan.hu\/index.php\/2024\/11\/25\/oneletrajz-irasa\/#primaryimage"},"thumbnailUrl":"https:\/\/sikertitan.hu\/wp-content\/uploads\/2024\/11\/resume-6627200_1280.jpg","keywords":["\u00e1ll\u00e1s jelentkez\u00e9s","\u00e1ll\u00e1sinterj\u00fa","\u00e1ll\u00e1skeres\u00e9s","CV \u00edr\u00e1s","k\u00e9szs\u00e9gek","munkahely","\u00f6n\u00e9letrajz","\u00f6n\u00e9letrajz form\u00e1tum","p\u00e1ly\u00e1zat","szakmai tapasztalat"],"articleSection":["Karrier"],"inLanguage":"hu","potentialAction":[{"@type":"CommentAction","name":"Comment","target":["https:\/\/sikertitan.hu\/index.php\/2024\/11\/25\/oneletrajz-irasa\/#respond"]}]},{"@type":"WebPage","@id":"https:\/\/sikertitan.hu\/index.php\/2024\/11\/25\/oneletrajz-irasa\/","url":"https:\/\/sikertitan.hu\/index.php\/2024\/11\/25\/oneletrajz-irasa\/","name":"\u00d6n\u00e9letrajz \u00edr\u00e1sa munkahelyre: Hogyan k\u00e9sz\u00edts \u00fct\u0151s CV-t? - Siker Tit\u00e1n","isPartOf":{"@id":"https:\/\/sikertitan.hu\/#website"},"primaryImageOfPage":{"@id":"https:\/\/sikertitan.hu\/index.php\/2024\/11\/25\/oneletrajz-irasa\/#primaryimage"},"image":{"@id":"https:\/\/sikertitan.hu\/index.php\/2024\/11\/25\/oneletrajz-irasa\/#primaryimage"},"thumbnailUrl":"https:\/\/sikertitan.hu\/wp-content\/uploads\/2024\/11\/resume-6627200_1280.jpg","datePublished":"2024-11-25T11:00:22+00:00","dateModified":"2025-03-04T16:09:20+00:00","description":"\u00d6n\u00e9letrajz \u00edr\u00e1sa munkahelyre: Egy j\u00f3l meg\u00edrt \u00f6n\u00e9letrajz az els\u0151 l\u00e9p\u00e9s a k\u00edv\u00e1nt munka megszerz\u00e9s\u00e9hez. Tippeket a cikkben tal\u00e1lsz!","breadcrumb":{"@id":"https:\/\/sikertitan.hu\/index.php\/2024\/11\/25\/oneletrajz-irasa\/#breadcrumb"},"inLanguage":"hu","potentialAction":[{"@type":"ReadAction","target":["https:\/\/sikertitan.hu\/index.php\/2024\/11\/25\/oneletrajz-irasa\/"]}]},{"@type":"ImageObject","inLanguage":"hu","@id":"https:\/\/sikertitan.hu\/index.php\/2024\/11\/25\/oneletrajz-irasa\/#primaryimage","url":"https:\/\/sikertitan.hu\/wp-content\/uploads\/2024\/11\/resume-6627200_1280.jpg","contentUrl":"https:\/\/sikertitan.hu\/wp-content\/uploads\/2024\/11\/resume-6627200_1280.jpg","width":"1280","height":"805"},{"@type":"BreadcrumbList","@id":"https:\/\/sikertitan.hu\/index.php\/2024\/11\/25\/oneletrajz-irasa\/#breadcrumb","itemListElement":[{"@type":"ListItem","position":1,"name":"Kezd\u0151lap","item":"https:\/\/sikertitan.hu\/"},{"@type":"ListItem","position":2,"name":"\u00d6n\u00e9letrajz \u00edr\u00e1sa munkahelyre: Hogyan k\u00e9sz\u00edts \u00fct\u0151s CV-t?"}]},{"@type":"WebSite","@id":"https:\/\/sikertitan.hu\/#website","url":"https:\/\/sikertitan.hu\/","name":"Siker Tit\u00e1n","description":"Inspir\u00e1ci\u00f3, fejl\u0151d\u00e9s \u00e9s gy\u0151zelem blogoldala","publisher":{"@id":"https:\/\/sikertitan.hu\/#organization"},"potentialAction":[{"@type":"SearchAction","target":{"@type":"EntryPoint","urlTemplate":"https:\/\/sikertitan.hu\/?s={search_term_string}"},"query-input":{"@type":"PropertyValueSpecification","valueRequired":true,"valueName":"search_term_string"}}],"inLanguage":"hu"},{"@type":"Organization","@id":"https:\/\/sikertitan.hu\/#organization","name":"Siker Tit\u00e1n","url":"https:\/\/sikertitan.hu\/","logo":{"@type":"ImageObject","inLanguage":"hu","@id":"https:\/\/sikertitan.hu\/#\/schema\/logo\/image\/","url":"https:\/\/sikertitan.hu\/wp-content\/uploads\/2024\/11\/cropped-Idezet-1080-x-400-keppont-1.png","contentUrl":"https:\/\/sikertitan.hu\/wp-content\/uploads\/2024\/11\/cropped-Idezet-1080-x-400-keppont-1.png","width":878,"height":318,"caption":"Siker Tit\u00e1n"},"image":{"@id":"https:\/\/sikertitan.hu\/#\/schema\/logo\/image\/"}},{"@type":"Person","@id":"https:\/\/sikertitan.hu\/#\/schema\/person\/62145ff4922604a017d86a9aec58fb10","name":"admin","image":{"@type":"ImageObject","inLanguage":"hu","@id":"https:\/\/sikertitan.hu\/#\/schema\/person\/image\/","url":"https:\/\/secure.gravatar.com\/avatar\/1707361b7c492b08f0be8d8db0253c8d889b1bc2036afdcdb5de7c557a631ba9?s=96&d=mm&r=g","contentUrl":"https:\/\/secure.gravatar.com\/avatar\/1707361b7c492b08f0be8d8db0253c8d889b1bc2036afdcdb5de7c557a631ba9?s=96&d=mm&r=g","caption":"admin"},"sameAs":["https:\/\/sikertitan.hu"],"url":"https:\/\/sikertitan.hu\/index.php\/author\/sikertitan\/"}]}},"views":84,"featured_image_urls":{"full":["https:\/\/sikertitan.hu\/wp-content\/uploads\/2024\/11\/resume-6627200_1280.jpg",1280,805,false],"thumbnail":["https:\/\/sikertitan.hu\/wp-content\/uploads\/2024\/11\/resume-6627200_1280-150x150.jpg",150,150,true],"medium":["https:\/\/sikertitan.hu\/wp-content\/uploads\/2024\/11\/resume-6627200_1280-300x189.jpg",300,189,true],"medium_large":["https:\/\/sikertitan.hu\/wp-content\/uploads\/2024\/11\/resume-6627200_1280-768x483.jpg",640,403,true],"large":["https:\/\/sikertitan.hu\/wp-content\/uploads\/2024\/11\/resume-6627200_1280-1024x644.jpg",640,403,true],"1536x1536":["https:\/\/sikertitan.hu\/wp-content\/uploads\/2024\/11\/resume-6627200_1280.jpg",1280,805,false],"2048x2048":["https:\/\/sikertitan.hu\/wp-content\/uploads\/2024\/11\/resume-6627200_1280.jpg",1280,805,false],"pubnews-featured":["https:\/\/sikertitan.hu\/wp-content\/uploads\/2024\/11\/resume-6627200_1280.jpg",1020,641,false],"pubnews-list":["https:\/\/sikertitan.hu\/wp-content\/uploads\/2024\/11\/resume-6627200_1280.jpg",600,377,false],"pubnews-thumb":["https:\/\/sikertitan.hu\/wp-content\/uploads\/2024\/11\/resume-6627200_1280.jpg",300,189,false],"pubnews-small":["https:\/\/sikertitan.hu\/wp-content\/uploads\/2024\/11\/resume-6627200_1280.jpg",150,95,false],"pubnews-grid":["https:\/\/sikertitan.hu\/wp-content\/uploads\/2024\/11\/resume-6627200_1280.jpg",398,250,false]},"author_info":{"display_name":"admin","author_link":"https:\/\/sikertitan.hu\/index.php\/author\/sikertitan\/"},"category_info":"<a href=\"https:\/\/sikertitan.hu\/index.php\/category\/karrier\/\" rel=\"category tag\">Karrier<\/a>","tag_info":"Karrier","comment_count":"0","_links":{"self":[{"href":"https:\/\/sikertitan.hu\/index.php\/wp-json\/wp\/v2\/posts\/236","targetHints":{"allow":["GET"]}}],"collection":[{"href":"https:\/\/sikertitan.hu\/index.php\/wp-json\/wp\/v2\/posts"}],"about":[{"href":"https:\/\/sikertitan.hu\/index.php\/wp-json\/wp\/v2\/types\/post"}],"author":[{"embeddable":true,"href":"https:\/\/sikertitan.hu\/index.php\/wp-json\/wp\/v2\/users\/1"}],"replies":[{"embeddable":true,"href":"https:\/\/sikertitan.hu\/index.php\/wp-json\/wp\/v2\/comments?post=236"}],"version-history":[{"count":6,"href":"https:\/\/sikertitan.hu\/index.php\/wp-json\/wp\/v2\/posts\/236\/revisions"}],"predecessor-version":[{"id":1030,"href":"https:\/\/sikertitan.hu\/index.php\/wp-json\/wp\/v2\/posts\/236\/revisions\/1030"}],"wp:featuredmedia":[{"embeddable":true,"href":"https:\/\/sikertitan.hu\/index.php\/wp-json\/wp\/v2\/media\/237"}],"wp:attachment":[{"href":"https:\/\/sikertitan.hu\/index.php\/wp-json\/wp\/v2\/media?parent=236"}],"wp:term":[{"taxonomy":"category","embeddable":true,"href":"https:\/\/sikertitan.hu\/index.php\/wp-json\/wp\/v2\/categories?post=236"},{"taxonomy":"post_tag","embeddable":true,"href":"https:\/\/sikertitan.hu\/index.php\/wp-json\/wp\/v2\/tags?post=236"}],"curies":[{"name":"wp","href":"https:\/\/api.w.org\/{rel}","templated":true}]}}