{"id":1069,"date":"2025-03-11T17:41:19","date_gmt":"2025-03-11T17:41:19","guid":{"rendered":"https:\/\/sikertitan.hu\/?p=1069"},"modified":"2025-03-11T17:41:19","modified_gmt":"2025-03-11T17:41:19","slug":"iphone-se","status":"publish","type":"post","link":"https:\/\/sikertitan.hu\/index.php\/2025\/03\/11\/iphone-se\/","title":{"rendered":"iPhone SE helyett itt az \u00faj megfizethet\u0151 iPhone 16e!"},"content":{"rendered":"\n<p class=\"wp-block-paragraph\">Az Apple r\u00e9g\u00f3ta h\u00edres arr\u00f3l, hogy a pr\u00e9mium kateg\u00f3ri\u00e1s okostelefonok piac\u00e1t uralja, de az elm\u00falt \u00e9vekben egyre nagyobb figyelmet ford\u00edt a megfizethet\u0151bb modellekre is. Az <strong>iPhone SE sorozat<\/strong> mindig is ezt a szerepet t\u00f6lt\u00f6tte be, \u00e1m most \u00fagy t\u0171nik, hogy <strong>az Apple \u00faj strat\u00e9gi\u00e1t v\u00e1lasztott<\/strong>. Az iPhone SE helyett az iPhone 16e ker\u00fclhet a piacra, amely <strong>modernebb diz\u00e1jnnal \u00e9s jobb hardverrel<\/strong> k\u00edn\u00e1l el\u00e9rhet\u0151bb alternat\u00edv\u00e1t azok sz\u00e1m\u00e1ra, akik az Apple \u00f6kosziszt\u00e9m\u00e1ba szeretn\u00e9nek bel\u00e9pni, de nem akarnak cs\u00facskateg\u00f3ri\u00e1s \u00e1rat fizetni.<\/p>\n\n\n\n<p class=\"wp-block-paragraph\">Ebben a cikkben <strong>\u00f6sszehasonl\u00edtjuk az iPhone SE \u00e9s az iPhone 16e modelleket<\/strong>, megvizsg\u00e1ljuk a legfontosabb k\u00fcl\u00f6nbs\u00e9geket, \u00e9s levonjuk a k\u00f6vetkeztet\u00e9st: <strong>vajon t\u00e9nyleg meg\u00e9ri a v\u00e1lt\u00e1s?<\/strong><\/p>\n\n\n\n<hr class=\"wp-block-separator has-alpha-channel-opacity\"\/>\n\n\n\n<h2 class=\"wp-block-heading\"><strong>Diz\u00e1jn \u00e9s kijelz\u0151 \u2013 V\u00e9gre egy modern megjelen\u00e9s<\/strong><\/h2>\n\n\n\n<p class=\"wp-block-paragraph\">Az iPhone SE utols\u00f3 gener\u00e1ci\u00f3ja (2022) <strong>m\u00e9g mindig az iPhone 8 diz\u00e1jnj\u00e1t haszn\u00e1lta<\/strong>, vastag k\u00e1v\u00e1kkal \u00e9s a klasszikus Home gombbal. B\u00e1r sokak sz\u00e1m\u00e1ra nosztalgikus \u00e9s praktikus volt a Touch ID jelenl\u00e9te, a telefon elavultnak t\u0171nt a mai trendekhez k\u00e9pest.<\/p>\n\n\n\n<p class=\"wp-block-paragraph\">Az iPhone 16e ezzel szemben <strong>v\u00e9gre szak\u00edt a r\u00e9gi diz\u00e1jnnal<\/strong>:<\/p>\n\n\n\n<figure class=\"wp-block-table\"><table class=\"has-fixed-layout\"><thead><tr><th><strong>Tulajdons\u00e1g<\/strong><\/th><th><strong>iPhone SE (2022)<\/strong><\/th><th><strong>iPhone 16e<\/strong><\/th><\/tr><\/thead><tbody><tr><td><strong>Kijelz\u0151 m\u00e9ret<\/strong><\/td><td>4,7 h\u00fcvelyk (LCD)<\/td><td>6,1 h\u00fcvelyk (OLED)<\/td><\/tr><tr><td><strong>K\u00e1va \u00e9s gombok<\/strong><\/td><td>Vastag k\u00e1va, Touch ID<\/td><td>Keskenyebb k\u00e1va, Face ID<\/td><\/tr><tr><td><strong>Anyaghaszn\u00e1lat<\/strong><\/td><td>Alum\u00ednium \u00e9s \u00fcveg<\/td><td>Alum\u00ednium \u00e9s \u00fcveg<\/td><\/tr><tr><td><strong>Friss\u00edt\u00e9si r\u00e1ta<\/strong><\/td><td>60 Hz<\/td><td>60 Hz<\/td><\/tr><\/tbody><\/table><\/figure>\n\n\n\n<p class=\"wp-block-paragraph\">Az iPhone 16e <strong>v\u00e9gre nagyobb kijelz\u0151t<\/strong> kapott, <strong>OLED technol\u00f3gi\u00e1val<\/strong>, amely sokkal jobb sz\u00edneket \u00e9s kontrasztot biztos\u00edt, mint az iPhone SE LCD panelje. A r\u00e9gi Home gombot a <strong>Face ID \u00e9s a teljes k\u00e9perny\u0151s diz\u00e1jn v\u00e1ltotta fel<\/strong>, \u00edgy az iPhone 16e sokkal ink\u00e1bb egy modern okostelefonnak \u00e9rz\u0151dik.<\/p>\n\n\n\n<p class=\"wp-block-paragraph\">\ud83d\udc49 <strong>\u00d6sszegz\u00e9s:<\/strong> Ha egy kompakt, klasszikus form\u00e1t keresel, az iPhone SE m\u00e9g mindig j\u00f3 v\u00e1laszt\u00e1s lehet, de ha egy modern kin\u00e9zet\u0171 \u00e9s nagyobb kijelz\u0151s telefont szeretn\u00e9l, az iPhone 16e egy\u00e9rtelm\u0171en el\u0151ny\u00f6sebb.<\/p>\n\n\n<div class=\"wp-block-image\">\n<figure class=\"aligncenter size-large is-resized\"><img loading=\"lazy\" decoding=\"async\" width=\"1024\" height=\"576\" src=\"https:\/\/sikertitan.hu\/wp-content\/uploads\/2025\/03\/apple-predstavil-novy-iphone-1-image-603-1024x576.jpg\" alt=\"Az iPhone SE helyett az iPhone 16e \" class=\"wp-image-1071\" style=\"width:500px\" srcset=\"https:\/\/sikertitan.hu\/wp-content\/uploads\/2025\/03\/apple-predstavil-novy-iphone-1-image-603-1024x576.jpg 1024w, https:\/\/sikertitan.hu\/wp-content\/uploads\/2025\/03\/apple-predstavil-novy-iphone-1-image-603-300x169.jpg 300w, https:\/\/sikertitan.hu\/wp-content\/uploads\/2025\/03\/apple-predstavil-novy-iphone-1-image-603-768x432.jpg 768w, https:\/\/sikertitan.hu\/wp-content\/uploads\/2025\/03\/apple-predstavil-novy-iphone-1-image-603-1536x864.jpg 1536w, https:\/\/sikertitan.hu\/wp-content\/uploads\/2025\/03\/apple-predstavil-novy-iphone-1-image-603.jpg 1600w\" sizes=\"auto, (max-width: 1024px) 100vw, 1024px\" \/><figcaption class=\"wp-element-caption\">The Apple iPhone 16e is available for pre-order from Friday.<\/figcaption><\/figure>\n<\/div>\n\n\n<hr class=\"wp-block-separator has-alpha-channel-opacity\"\/>\n\n\n\n<h2 class=\"wp-block-heading\"><strong>Teljes\u00edtm\u00e9ny \u2013 R\u00e9gi chip vs. \u00faj gener\u00e1ci\u00f3s er\u0151<\/strong><\/h2>\n\n\n\n<p class=\"wp-block-paragraph\">Az SE (2022) <strong>az Apple A15 Bionic processzor\u00e1t haszn\u00e1lja<\/strong>, amely m\u00e9g ma is egy er\u0151s chip, de m\u00e1r k\u00e9t gener\u00e1ci\u00f3val elmarad az aktu\u00e1lis modellek m\u00f6g\u00f6tt.<\/p>\n\n\n\n<p class=\"wp-block-paragraph\">A 16e viszont <strong>megkapja az \u00fajabb A16 Bionic processzort<\/strong>, amely gyorsabb \u00e9s hat\u00e9konyabb m\u0171k\u00f6d\u00e9st biztos\u00edt.<\/p>\n\n\n\n<figure class=\"wp-block-table\"><table class=\"has-fixed-layout\"><thead><tr><th><strong>Teljes\u00edtm\u00e9ny<\/strong><\/th><th><strong>iPhone SE (2022)<\/strong><\/th><th><strong>iPhone 16e<\/strong><\/th><\/tr><\/thead><tbody><tr><td><strong>Processzor<\/strong><\/td><td>A15 Bionic<\/td><td>A16 Bionic<\/td><\/tr><tr><td><strong>RAM<\/strong><\/td><td>4 GB<\/td><td>6 GB<\/td><\/tr><tr><td><strong>T\u00e1rhely opci\u00f3k<\/strong><\/td><td>64 GB, 128 GB, 256 GB<\/td><td>128 GB, 256 GB, 512 GB<\/td><\/tr><tr><td><strong>Akkumul\u00e1tor kapacit\u00e1s<\/strong><\/td><td>2018 mAh<\/td><td>3200 mAh (becsl\u00e9s)<\/td><\/tr><tr><td><strong>5G t\u00e1mogat\u00e1s<\/strong><\/td><td>Van<\/td><td>Van<\/td><\/tr><\/tbody><\/table><\/figure>\n\n\n\n<p class=\"wp-block-paragraph\">A nagyobb RAM \u00e9s az \u00fajabb chip <strong>jobb teljes\u00edtm\u00e9nyt \u00e9s hosszabb t\u00e1mogat\u00e1si id\u0151szakot<\/strong> jelent a 16e eset\u00e9ben. Az akkumul\u00e1tor is jelent\u0151sen megn\u00f6vekedett, ami a napi haszn\u00e1lat sor\u00e1n is \u00e9rezhet\u0151 k\u00fcl\u00f6nbs\u00e9get jelenthet.<\/p>\n\n\n\n<p class=\"wp-block-paragraph\"><strong>\u00d6sszegz\u00e9s:<\/strong> A 16e <strong>egy\u00e9rtelm\u0171en gyorsabb \u00e9s hosszabb \u00e9lettartamra tervezett telefon<\/strong>, amely jobban b\u00edrja majd a j\u00f6v\u0151beli iOS-friss\u00edt\u00e9seket is.<\/p>\n\n\n<div class=\"wp-block-image\">\n<figure class=\"aligncenter size-full is-resized\"><img loading=\"lazy\" decoding=\"async\" width=\"300\" height=\"168\" src=\"https:\/\/sikertitan.hu\/wp-content\/uploads\/2025\/03\/images-1.jpg\" alt=\"Az iPhone SE helyett az iPhone 16e \" class=\"wp-image-1072\" style=\"width:500px\"\/><\/figure>\n<\/div>\n\n\n<hr class=\"wp-block-separator has-alpha-channel-opacity\"\/>\n\n\n\n<h2 class=\"wp-block-heading\"><strong>Kamera \u2013 Az SE v\u00e9gre lemarad?<\/strong><\/h2>\n\n\n\n<p class=\"wp-block-paragraph\">Az SE mindig is <strong>a cs\u00facskateg\u00f3ri\u00e1s mobilok kameratechnol\u00f3gi\u00e1j\u00e1t haszn\u00e1lta, de csak egyetlen lencs\u00e9vel<\/strong>. B\u00e1r a k\u00e9pek min\u0151s\u00e9ge nem volt rossz, <strong>hi\u00e1nyoztak a modern funkci\u00f3k<\/strong>, p\u00e9ld\u00e1ul az \u00e9jszakai m\u00f3d vagy az ultra sz\u00e9les l\u00e1t\u00f3sz\u00f6g.<\/p>\n\n\n\n<p class=\"wp-block-paragraph\">A 16e v\u00e9gre <strong>egy teljes \u00e9rt\u00e9k\u0171, k\u00e9tkamer\u00e1s rendszert kapott<\/strong>, amely nagyobb rugalmass\u00e1got biztos\u00edt a fot\u00f3z\u00e1s sor\u00e1n.<\/p>\n\n\n\n<figure class=\"wp-block-table\"><table class=\"has-fixed-layout\"><thead><tr><th><strong>Kamera funkci\u00f3k<\/strong><\/th><th><strong>iPhone SE (2022)<\/strong><\/th><th><strong>iPhone 16e<\/strong><\/th><\/tr><\/thead><tbody><tr><td><strong>F\u0151 kamera<\/strong><\/td><td>12 MP, f\/1.8<\/td><td>12 MP, f\/1.6<\/td><\/tr><tr><td><strong>M\u00e1sodlagos kamera<\/strong><\/td><td>Nincs<\/td><td>12 MP, ultra sz\u00e9les l\u00e1t\u00f3sz\u00f6g<\/td><\/tr><tr><td><strong>\u00c9jszakai m\u00f3d<\/strong><\/td><td>Nincs<\/td><td>Van<\/td><\/tr><tr><td><strong>Vide\u00f3felv\u00e9tel<\/strong><\/td><td>4K, 60 FPS<\/td><td>4K, 60 FPS + Cinematic m\u00f3d<\/td><\/tr><tr><td><strong>Szelfi kamera<\/strong><\/td><td>7 MP<\/td><td>12 MP<\/td><\/tr><\/tbody><\/table><\/figure>\n\n\n\n<p class=\"wp-block-paragraph\">A sz\u00e9les l\u00e1t\u00f3sz\u00f6g\u0171 kamera \u00e9s az \u00e9jszakai m\u00f3d a 16e eset\u00e9ben <strong>\u00f3ri\u00e1si el\u0151rel\u00e9p\u00e9s<\/strong>, hiszen v\u00e9gre egy megfizethet\u0151 Apple telefon is k\u00e9pes lesz <strong>komolyabb f\u00e9nyk\u00e9pez\u00e9si feladatokra<\/strong>.<\/p>\n\n\n\n<p class=\"wp-block-paragraph\">\ud83d\udc49 <strong>\u00d6sszegz\u00e9s:<\/strong> Ha fot\u00f3z\u00e1sra haszn\u00e1ln\u00e1d a telefonodat, <strong>a 16e egy\u00e9rtelm\u0171en jobb v\u00e1laszt\u00e1s<\/strong>.<\/p>\n\n\n\n<hr class=\"wp-block-separator has-alpha-channel-opacity\"\/>\n\n\n\n<h2 class=\"wp-block-heading\"><strong>Akkumul\u00e1tor \u00e9s t\u00f6lt\u00e9s \u2013 V\u00e9gre egy tart\u00f3sabb<\/strong> <strong>k\u00e9sz\u00fcl\u00e9k<\/strong><\/h2>\n\n\n\n<p class=\"wp-block-paragraph\">Az SE <strong>mindig is az egyik leggyorsabban mer\u00fcl\u0151 <\/strong>telefon<strong> volt<\/strong>, mivel kis m\u00e9rete miatt <strong>kisebb akkumul\u00e1tort<\/strong> kapott.<\/p>\n\n\n\n<p class=\"wp-block-paragraph\">A 16e egy <strong>jelent\u0151sen nagyobb akkuval \u00e9rkezik<\/strong>, ami ak\u00e1r 4-5 \u00f3r\u00e1val is hosszabb \u00fczemid\u0151t biztos\u00edthat.<\/p>\n\n\n\n<ul class=\"wp-block-list\">\n<li><strong> SE (2022):<\/strong> kb. 10 \u00f3ra vide\u00f3lej\u00e1tsz\u00e1s<\/li>\n\n\n\n<li><strong> 16e:<\/strong> kb. 17 \u00f3ra vide\u00f3lej\u00e1tsz\u00e1s<\/li>\n<\/ul>\n\n\n\n<p class=\"wp-block-paragraph\"><strong>\u00d6sszegz\u00e9s:<\/strong> Ha egy eg\u00e9sz napos haszn\u00e1latra alkalmas mobilt keresel, a 16e sokkal jobb v\u00e1laszt\u00e1s lesz.<\/p>\n\n\n<div class=\"wp-block-image\">\n<figure class=\"aligncenter size-large is-resized\"><img loading=\"lazy\" decoding=\"async\" width=\"1024\" height=\"576\" src=\"https:\/\/sikertitan.hu\/wp-content\/uploads\/2025\/03\/iphone16e-1024x576.jpg\" alt=\"Az iPhone SE helyett az iPhone 16e \" class=\"wp-image-1073\" style=\"width:500px\" srcset=\"https:\/\/sikertitan.hu\/wp-content\/uploads\/2025\/03\/iphone16e-1024x576.jpg 1024w, https:\/\/sikertitan.hu\/wp-content\/uploads\/2025\/03\/iphone16e-300x169.jpg 300w, https:\/\/sikertitan.hu\/wp-content\/uploads\/2025\/03\/iphone16e-768x432.jpg 768w, https:\/\/sikertitan.hu\/wp-content\/uploads\/2025\/03\/iphone16e-1536x864.jpg 1536w, https:\/\/sikertitan.hu\/wp-content\/uploads\/2025\/03\/iphone16e.jpg 1920w\" sizes=\"auto, (max-width: 1024px) 100vw, 1024px\" \/><\/figure>\n<\/div>\n\n\n<hr class=\"wp-block-separator has-alpha-channel-opacity\"\/>\n\n\n\n<h2 class=\"wp-block-heading\"><strong>Meg\u00e9ri a<\/strong> <strong>16e az SE helyett?<\/strong><\/h2>\n\n\n\n<p class=\"wp-block-paragraph\">Az 16e egy\u00e9rtelm\u0171en az <strong>SE sz\u00e9ria ut\u00f3dja<\/strong>, de sokkal modernebb technol\u00f3gi\u00e1t k\u00edn\u00e1l.<\/p>\n\n\n\n<figure class=\"wp-block-table\"><table class=\"has-fixed-layout\"><thead><tr><th><strong>Mi\u00e9rt jobb az iPhone 16e?<\/strong><\/th><\/tr><\/thead><tbody><tr><td><strong>Modern, teljes kijelz\u0151s diz\u00e1jn<\/strong> \u2013 nincs t\u00f6bb\u00e9 vastag k\u00e1va \u00e9s Home gomb.<\/td><\/tr><tr><td><strong>Jobb kijelz\u0151<\/strong> \u2013 OLED panel, szebb sz\u00ednekkel \u00e9s nagyobb m\u00e9rettel.<\/td><\/tr><tr><td><strong>Er\u0151sebb hardver<\/strong> \u2013 \u00fajabb A16 Bionic chip \u00e9s t\u00f6bb RAM.<\/td><\/tr><tr><td><strong>K\u00e9tkamer\u00e1s rendszer<\/strong> \u2013 ultra sz\u00e9les l\u00e1t\u00f3sz\u00f6g \u00e9s \u00e9jszakai m\u00f3d.<\/td><\/tr><tr><td><strong>Nagyobb akkumul\u00e1tor<\/strong> \u2013 sokkal jobb \u00fczemid\u0151.<\/td><\/tr><\/tbody><\/table><\/figure>\n\n\n\n<p class=\"wp-block-paragraph\">\ud83d\udc49 <strong>Ha egy megfizethet\u0151, de modern mobilt szeretn\u00e9l, akkor a 16e egy\u00e9rtelm\u0171en jobb v\u00e1laszt\u00e1s az SE-hez k\u00e9pest.<\/strong> Az Apple v\u00e9gre elengedte a r\u00e9gi diz\u00e1jnt, \u00e9s egy val\u00f3ban versenyk\u00e9pes bel\u00e9p\u0151 szint\u0171 modellt tett le az asztalra. Ha eddig az SE-n gondolkodt\u00e1l, <strong>\u00e9rdemes kiv\u00e1rni \u00e9s a 16e-t v\u00e1lasztani<\/strong>.<\/p>\n\n\n\n<p class=\"wp-block-paragraph\"><\/p>\n","protected":false},"excerpt":{"rendered":"<p>Az Apple r\u00e9g\u00f3ta h\u00edres arr\u00f3l, hogy a pr\u00e9mium kateg\u00f3ri\u00e1s okostelefonok piac\u00e1t uralja, de az elm\u00falt \u00e9vekben egyre nagyobb figyelmet ford\u00edt a megfizethet\u0151bb modellekre is. Az iPhone SE sorozat mindig is ezt a szerepet t\u00f6lt\u00f6tte be, \u00e1m most \u00fagy t\u0171nik, hogy az Apple \u00faj strat\u00e9gi\u00e1t v\u00e1lasztott. Az iPhone SE helyett az iPhone 16e ker\u00fclhet a piacra,&#8230;<\/p>\n","protected":false},"author":1,"featured_media":1070,"comment_status":"open","ping_status":"open","sticky":false,"template":"","format":"standard","meta":{"footnotes":""},"categories":[4],"tags":[628,622,549,25,644,717,518,716,48,14,44,18],"class_list":["post-1069","post","type-post","status-publish","format-standard","has-post-thumbnail","hentry","category-fejlodes","tag-app-store","tag-apple","tag-ikonikus-apple-termekek","tag-inspiracio","tag-iphone","tag-iphone-16-e","tag-iphone-elonyok","tag-iphone-se","tag-jovedelem","tag-online","tag-penzkereses","tag-siker"],"yoast_head":"<!-- This site is optimized with the Yoast SEO plugin v25.5 - https:\/\/yoast.com\/wordpress\/plugins\/seo\/ -->\n<title>iPhone SE helyett itt az \u00faj megfizethet\u0151 iPhone 16e! - Siker Tit\u00e1n<\/title>\n<meta name=\"description\" content=\"Az iPhone SE helyett az iPhone 16e ker\u00fclhet a piacra, amely modernebb diz\u00e1jnnal \u00e9s jobb hardverrel k\u00edn\u00e1l el\u00e9rhet\u0151bb alternat\u00edv\u00e1t!\" \/>\n<meta name=\"robots\" content=\"index, follow, max-snippet:-1, max-image-preview:large, max-video-preview:-1\" \/>\n<link rel=\"canonical\" href=\"https:\/\/sikertitan.hu\/index.php\/2025\/03\/11\/iphone-se\/\" \/>\n<meta property=\"og:locale\" content=\"hu_HU\" \/>\n<meta property=\"og:type\" content=\"article\" \/>\n<meta property=\"og:title\" content=\"iPhone SE helyett itt az \u00faj megfizethet\u0151 iPhone 16e! - Siker Tit\u00e1n\" \/>\n<meta property=\"og:description\" content=\"Az iPhone SE helyett az iPhone 16e ker\u00fclhet a piacra, amely modernebb diz\u00e1jnnal \u00e9s jobb hardverrel k\u00edn\u00e1l el\u00e9rhet\u0151bb alternat\u00edv\u00e1t!\" \/>\n<meta property=\"og:url\" content=\"https:\/\/sikertitan.hu\/index.php\/2025\/03\/11\/iphone-se\/\" \/>\n<meta property=\"og:site_name\" content=\"Siker Tit\u00e1n\" \/>\n<meta property=\"article:published_time\" content=\"2025-03-11T17:41:19+00:00\" \/>\n<meta property=\"og:image\" content=\"https:\/\/sikertitan.hu\/wp-content\/uploads\/2025\/03\/maxresdefault.jpg\" \/>\n\t<meta property=\"og:image:width\" content=\"1280\" \/>\n\t<meta property=\"og:image:height\" content=\"720\" \/>\n\t<meta property=\"og:image:type\" content=\"image\/jpeg\" \/>\n<meta name=\"author\" content=\"admin\" \/>\n<meta name=\"twitter:card\" content=\"summary_large_image\" \/>\n<meta name=\"twitter:label1\" content=\"Szerz\u0151:\" \/>\n\t<meta name=\"twitter:data1\" content=\"admin\" \/>\n\t<meta name=\"twitter:label2\" content=\"Becs\u00fclt olvas\u00e1si id\u0151\" \/>\n\t<meta name=\"twitter:data2\" content=\"5 perc\" \/>\n<script type=\"application\/ld+json\" class=\"yoast-schema-graph\">{\"@context\":\"https:\/\/schema.org\",\"@graph\":[{\"@type\":\"Article\",\"@id\":\"https:\/\/sikertitan.hu\/index.php\/2025\/03\/11\/iphone-se\/#article\",\"isPartOf\":{\"@id\":\"https:\/\/sikertitan.hu\/index.php\/2025\/03\/11\/iphone-se\/\"},\"author\":{\"name\":\"admin\",\"@id\":\"https:\/\/sikertitan.hu\/#\/schema\/person\/62145ff4922604a017d86a9aec58fb10\"},\"headline\":\"iPhone SE helyett itt az \u00faj megfizethet\u0151 iPhone 16e!\",\"datePublished\":\"2025-03-11T17:41:19+00:00\",\"mainEntityOfPage\":{\"@id\":\"https:\/\/sikertitan.hu\/index.php\/2025\/03\/11\/iphone-se\/\"},\"wordCount\":995,\"commentCount\":0,\"publisher\":{\"@id\":\"https:\/\/sikertitan.hu\/#organization\"},\"image\":{\"@id\":\"https:\/\/sikertitan.hu\/index.php\/2025\/03\/11\/iphone-se\/#primaryimage\"},\"thumbnailUrl\":\"https:\/\/sikertitan.hu\/wp-content\/uploads\/2025\/03\/maxresdefault.jpg\",\"keywords\":[\"app store\",\"apple\",\"ikonikus Apple term\u00e9kek\",\"inspir\u00e1ci\u00f3\",\"iphone\",\"iphone 16 e\",\"iPhone el\u0151ny\u00f6k\",\"iphone se\",\"j\u00f6vedelem\",\"online\",\"p\u00e9nzkeres\u00e9s\",\"siker\"],\"articleSection\":[\"Fejl\u0151d\u00e9s\"],\"inLanguage\":\"hu\",\"potentialAction\":[{\"@type\":\"CommentAction\",\"name\":\"Comment\",\"target\":[\"https:\/\/sikertitan.hu\/index.php\/2025\/03\/11\/iphone-se\/#respond\"]}]},{\"@type\":\"WebPage\",\"@id\":\"https:\/\/sikertitan.hu\/index.php\/2025\/03\/11\/iphone-se\/\",\"url\":\"https:\/\/sikertitan.hu\/index.php\/2025\/03\/11\/iphone-se\/\",\"name\":\"iPhone SE helyett itt az \u00faj megfizethet\u0151 iPhone 16e! - Siker Tit\u00e1n\",\"isPartOf\":{\"@id\":\"https:\/\/sikertitan.hu\/#website\"},\"primaryImageOfPage\":{\"@id\":\"https:\/\/sikertitan.hu\/index.php\/2025\/03\/11\/iphone-se\/#primaryimage\"},\"image\":{\"@id\":\"https:\/\/sikertitan.hu\/index.php\/2025\/03\/11\/iphone-se\/#primaryimage\"},\"thumbnailUrl\":\"https:\/\/sikertitan.hu\/wp-content\/uploads\/2025\/03\/maxresdefault.jpg\",\"datePublished\":\"2025-03-11T17:41:19+00:00\",\"description\":\"Az iPhone SE helyett az iPhone 16e ker\u00fclhet a piacra, amely modernebb diz\u00e1jnnal \u00e9s jobb hardverrel k\u00edn\u00e1l el\u00e9rhet\u0151bb alternat\u00edv\u00e1t!\",\"breadcrumb\":{\"@id\":\"https:\/\/sikertitan.hu\/index.php\/2025\/03\/11\/iphone-se\/#breadcrumb\"},\"inLanguage\":\"hu\",\"potentialAction\":[{\"@type\":\"ReadAction\",\"target\":[\"https:\/\/sikertitan.hu\/index.php\/2025\/03\/11\/iphone-se\/\"]}]},{\"@type\":\"ImageObject\",\"inLanguage\":\"hu\",\"@id\":\"https:\/\/sikertitan.hu\/index.php\/2025\/03\/11\/iphone-se\/#primaryimage\",\"url\":\"https:\/\/sikertitan.hu\/wp-content\/uploads\/2025\/03\/maxresdefault.jpg\",\"contentUrl\":\"https:\/\/sikertitan.hu\/wp-content\/uploads\/2025\/03\/maxresdefault.jpg\",\"width\":\"1280\",\"height\":\"720\",\"caption\":\"iPhone 16e\"},{\"@type\":\"BreadcrumbList\",\"@id\":\"https:\/\/sikertitan.hu\/index.php\/2025\/03\/11\/iphone-se\/#breadcrumb\",\"itemListElement\":[{\"@type\":\"ListItem\",\"position\":1,\"name\":\"Kezd\u0151lap\",\"item\":\"https:\/\/sikertitan.hu\/\"},{\"@type\":\"ListItem\",\"position\":2,\"name\":\"iPhone SE helyett itt az \u00faj megfizethet\u0151 iPhone 16e!\"}]},{\"@type\":\"WebSite\",\"@id\":\"https:\/\/sikertitan.hu\/#website\",\"url\":\"https:\/\/sikertitan.hu\/\",\"name\":\"Siker Tit\u00e1n\",\"description\":\"Inspir\u00e1ci\u00f3, fejl\u0151d\u00e9s \u00e9s gy\u0151zelem blogoldala\",\"publisher\":{\"@id\":\"https:\/\/sikertitan.hu\/#organization\"},\"potentialAction\":[{\"@type\":\"SearchAction\",\"target\":{\"@type\":\"EntryPoint\",\"urlTemplate\":\"https:\/\/sikertitan.hu\/?s={search_term_string}\"},\"query-input\":{\"@type\":\"PropertyValueSpecification\",\"valueRequired\":true,\"valueName\":\"search_term_string\"}}],\"inLanguage\":\"hu\"},{\"@type\":\"Organization\",\"@id\":\"https:\/\/sikertitan.hu\/#organization\",\"name\":\"Siker Tit\u00e1n\",\"url\":\"https:\/\/sikertitan.hu\/\",\"logo\":{\"@type\":\"ImageObject\",\"inLanguage\":\"hu\",\"@id\":\"https:\/\/sikertitan.hu\/#\/schema\/logo\/image\/\",\"url\":\"https:\/\/sikertitan.hu\/wp-content\/uploads\/2024\/11\/cropped-Idezet-1080-x-400-keppont-1.png\",\"contentUrl\":\"https:\/\/sikertitan.hu\/wp-content\/uploads\/2024\/11\/cropped-Idezet-1080-x-400-keppont-1.png\",\"width\":878,\"height\":318,\"caption\":\"Siker Tit\u00e1n\"},\"image\":{\"@id\":\"https:\/\/sikertitan.hu\/#\/schema\/logo\/image\/\"}},{\"@type\":\"Person\",\"@id\":\"https:\/\/sikertitan.hu\/#\/schema\/person\/62145ff4922604a017d86a9aec58fb10\",\"name\":\"admin\",\"image\":{\"@type\":\"ImageObject\",\"inLanguage\":\"hu\",\"@id\":\"https:\/\/sikertitan.hu\/#\/schema\/person\/image\/\",\"url\":\"https:\/\/secure.gravatar.com\/avatar\/1707361b7c492b08f0be8d8db0253c8d889b1bc2036afdcdb5de7c557a631ba9?s=96&d=mm&r=g\",\"contentUrl\":\"https:\/\/secure.gravatar.com\/avatar\/1707361b7c492b08f0be8d8db0253c8d889b1bc2036afdcdb5de7c557a631ba9?s=96&d=mm&r=g\",\"caption\":\"admin\"},\"sameAs\":[\"https:\/\/sikertitan.hu\"],\"url\":\"https:\/\/sikertitan.hu\/index.php\/author\/sikertitan\/\"}]}<\/script>\n<!-- \/ Yoast SEO plugin. -->","yoast_head_json":{"title":"iPhone SE helyett itt az \u00faj megfizethet\u0151 iPhone 16e! - Siker Tit\u00e1n","description":"Az iPhone SE helyett az iPhone 16e ker\u00fclhet a piacra, amely modernebb diz\u00e1jnnal \u00e9s jobb hardverrel k\u00edn\u00e1l el\u00e9rhet\u0151bb alternat\u00edv\u00e1t!","robots":{"index":"index","follow":"follow","max-snippet":"max-snippet:-1","max-image-preview":"max-image-preview:large","max-video-preview":"max-video-preview:-1"},"canonical":"https:\/\/sikertitan.hu\/index.php\/2025\/03\/11\/iphone-se\/","og_locale":"hu_HU","og_type":"article","og_title":"iPhone SE helyett itt az \u00faj megfizethet\u0151 iPhone 16e! - Siker Tit\u00e1n","og_description":"Az iPhone SE helyett az iPhone 16e ker\u00fclhet a piacra, amely modernebb diz\u00e1jnnal \u00e9s jobb hardverrel k\u00edn\u00e1l el\u00e9rhet\u0151bb alternat\u00edv\u00e1t!","og_url":"https:\/\/sikertitan.hu\/index.php\/2025\/03\/11\/iphone-se\/","og_site_name":"Siker Tit\u00e1n","article_published_time":"2025-03-11T17:41:19+00:00","og_image":[{"width":1280,"height":720,"url":"https:\/\/sikertitan.hu\/wp-content\/uploads\/2025\/03\/maxresdefault.jpg","type":"image\/jpeg"}],"author":"admin","twitter_card":"summary_large_image","twitter_misc":{"Szerz\u0151:":"admin","Becs\u00fclt olvas\u00e1si id\u0151":"5 perc"},"schema":{"@context":"https:\/\/schema.org","@graph":[{"@type":"Article","@id":"https:\/\/sikertitan.hu\/index.php\/2025\/03\/11\/iphone-se\/#article","isPartOf":{"@id":"https:\/\/sikertitan.hu\/index.php\/2025\/03\/11\/iphone-se\/"},"author":{"name":"admin","@id":"https:\/\/sikertitan.hu\/#\/schema\/person\/62145ff4922604a017d86a9aec58fb10"},"headline":"iPhone SE helyett itt az \u00faj megfizethet\u0151 iPhone 16e!","datePublished":"2025-03-11T17:41:19+00:00","mainEntityOfPage":{"@id":"https:\/\/sikertitan.hu\/index.php\/2025\/03\/11\/iphone-se\/"},"wordCount":995,"commentCount":0,"publisher":{"@id":"https:\/\/sikertitan.hu\/#organization"},"image":{"@id":"https:\/\/sikertitan.hu\/index.php\/2025\/03\/11\/iphone-se\/#primaryimage"},"thumbnailUrl":"https:\/\/sikertitan.hu\/wp-content\/uploads\/2025\/03\/maxresdefault.jpg","keywords":["app store","apple","ikonikus Apple term\u00e9kek","inspir\u00e1ci\u00f3","iphone","iphone 16 e","iPhone el\u0151ny\u00f6k","iphone se","j\u00f6vedelem","online","p\u00e9nzkeres\u00e9s","siker"],"articleSection":["Fejl\u0151d\u00e9s"],"inLanguage":"hu","potentialAction":[{"@type":"CommentAction","name":"Comment","target":["https:\/\/sikertitan.hu\/index.php\/2025\/03\/11\/iphone-se\/#respond"]}]},{"@type":"WebPage","@id":"https:\/\/sikertitan.hu\/index.php\/2025\/03\/11\/iphone-se\/","url":"https:\/\/sikertitan.hu\/index.php\/2025\/03\/11\/iphone-se\/","name":"iPhone SE helyett itt az \u00faj megfizethet\u0151 iPhone 16e! - Siker Tit\u00e1n","isPartOf":{"@id":"https:\/\/sikertitan.hu\/#website"},"primaryImageOfPage":{"@id":"https:\/\/sikertitan.hu\/index.php\/2025\/03\/11\/iphone-se\/#primaryimage"},"image":{"@id":"https:\/\/sikertitan.hu\/index.php\/2025\/03\/11\/iphone-se\/#primaryimage"},"thumbnailUrl":"https:\/\/sikertitan.hu\/wp-content\/uploads\/2025\/03\/maxresdefault.jpg","datePublished":"2025-03-11T17:41:19+00:00","description":"Az iPhone SE helyett az iPhone 16e ker\u00fclhet a piacra, amely modernebb diz\u00e1jnnal \u00e9s jobb hardverrel k\u00edn\u00e1l el\u00e9rhet\u0151bb alternat\u00edv\u00e1t!","breadcrumb":{"@id":"https:\/\/sikertitan.hu\/index.php\/2025\/03\/11\/iphone-se\/#breadcrumb"},"inLanguage":"hu","potentialAction":[{"@type":"ReadAction","target":["https:\/\/sikertitan.hu\/index.php\/2025\/03\/11\/iphone-se\/"]}]},{"@type":"ImageObject","inLanguage":"hu","@id":"https:\/\/sikertitan.hu\/index.php\/2025\/03\/11\/iphone-se\/#primaryimage","url":"https:\/\/sikertitan.hu\/wp-content\/uploads\/2025\/03\/maxresdefault.jpg","contentUrl":"https:\/\/sikertitan.hu\/wp-content\/uploads\/2025\/03\/maxresdefault.jpg","width":"1280","height":"720","caption":"iPhone 16e"},{"@type":"BreadcrumbList","@id":"https:\/\/sikertitan.hu\/index.php\/2025\/03\/11\/iphone-se\/#breadcrumb","itemListElement":[{"@type":"ListItem","position":1,"name":"Kezd\u0151lap","item":"https:\/\/sikertitan.hu\/"},{"@type":"ListItem","position":2,"name":"iPhone SE helyett itt az \u00faj megfizethet\u0151 iPhone 16e!"}]},{"@type":"WebSite","@id":"https:\/\/sikertitan.hu\/#website","url":"https:\/\/sikertitan.hu\/","name":"Siker Tit\u00e1n","description":"Inspir\u00e1ci\u00f3, fejl\u0151d\u00e9s \u00e9s gy\u0151zelem blogoldala","publisher":{"@id":"https:\/\/sikertitan.hu\/#organization"},"potentialAction":[{"@type":"SearchAction","target":{"@type":"EntryPoint","urlTemplate":"https:\/\/sikertitan.hu\/?s={search_term_string}"},"query-input":{"@type":"PropertyValueSpecification","valueRequired":true,"valueName":"search_term_string"}}],"inLanguage":"hu"},{"@type":"Organization","@id":"https:\/\/sikertitan.hu\/#organization","name":"Siker Tit\u00e1n","url":"https:\/\/sikertitan.hu\/","logo":{"@type":"ImageObject","inLanguage":"hu","@id":"https:\/\/sikertitan.hu\/#\/schema\/logo\/image\/","url":"https:\/\/sikertitan.hu\/wp-content\/uploads\/2024\/11\/cropped-Idezet-1080-x-400-keppont-1.png","contentUrl":"https:\/\/sikertitan.hu\/wp-content\/uploads\/2024\/11\/cropped-Idezet-1080-x-400-keppont-1.png","width":878,"height":318,"caption":"Siker Tit\u00e1n"},"image":{"@id":"https:\/\/sikertitan.hu\/#\/schema\/logo\/image\/"}},{"@type":"Person","@id":"https:\/\/sikertitan.hu\/#\/schema\/person\/62145ff4922604a017d86a9aec58fb10","name":"admin","image":{"@type":"ImageObject","inLanguage":"hu","@id":"https:\/\/sikertitan.hu\/#\/schema\/person\/image\/","url":"https:\/\/secure.gravatar.com\/avatar\/1707361b7c492b08f0be8d8db0253c8d889b1bc2036afdcdb5de7c557a631ba9?s=96&d=mm&r=g","contentUrl":"https:\/\/secure.gravatar.com\/avatar\/1707361b7c492b08f0be8d8db0253c8d889b1bc2036afdcdb5de7c557a631ba9?s=96&d=mm&r=g","caption":"admin"},"sameAs":["https:\/\/sikertitan.hu"],"url":"https:\/\/sikertitan.hu\/index.php\/author\/sikertitan\/"}]}},"views":80,"featured_image_urls":{"full":["https:\/\/sikertitan.hu\/wp-content\/uploads\/2025\/03\/maxresdefault.jpg",1280,720,false],"thumbnail":["https:\/\/sikertitan.hu\/wp-content\/uploads\/2025\/03\/maxresdefault-150x150.jpg",150,150,true],"medium":["https:\/\/sikertitan.hu\/wp-content\/uploads\/2025\/03\/maxresdefault-300x169.jpg",300,169,true],"medium_large":["https:\/\/sikertitan.hu\/wp-content\/uploads\/2025\/03\/maxresdefault-768x432.jpg",640,360,true],"large":["https:\/\/sikertitan.hu\/wp-content\/uploads\/2025\/03\/maxresdefault-1024x576.jpg",640,360,true],"1536x1536":["https:\/\/sikertitan.hu\/wp-content\/uploads\/2025\/03\/maxresdefault.jpg",1280,720,false],"2048x2048":["https:\/\/sikertitan.hu\/wp-content\/uploads\/2025\/03\/maxresdefault.jpg",1280,720,false],"pubnews-featured":["https:\/\/sikertitan.hu\/wp-content\/uploads\/2025\/03\/maxresdefault-1020x700.jpg",1020,700,true],"pubnews-list":["https:\/\/sikertitan.hu\/wp-content\/uploads\/2025\/03\/maxresdefault-600x400.jpg",600,400,true],"pubnews-thumb":["https:\/\/sikertitan.hu\/wp-content\/uploads\/2025\/03\/maxresdefault-300x200.jpg",300,200,true],"pubnews-small":["https:\/\/sikertitan.hu\/wp-content\/uploads\/2025\/03\/maxresdefault-150x95.jpg",150,95,true],"pubnews-grid":["https:\/\/sikertitan.hu\/wp-content\/uploads\/2025\/03\/maxresdefault-400x250.jpg",400,250,true]},"author_info":{"display_name":"admin","author_link":"https:\/\/sikertitan.hu\/index.php\/author\/sikertitan\/"},"category_info":"<a href=\"https:\/\/sikertitan.hu\/index.php\/category\/fejlodes\/\" rel=\"category tag\">Fejl\u0151d\u00e9s<\/a>","tag_info":"Fejl\u0151d\u00e9s","comment_count":"0","_links":{"self":[{"href":"https:\/\/sikertitan.hu\/index.php\/wp-json\/wp\/v2\/posts\/1069","targetHints":{"allow":["GET"]}}],"collection":[{"href":"https:\/\/sikertitan.hu\/index.php\/wp-json\/wp\/v2\/posts"}],"about":[{"href":"https:\/\/sikertitan.hu\/index.php\/wp-json\/wp\/v2\/types\/post"}],"author":[{"embeddable":true,"href":"https:\/\/sikertitan.hu\/index.php\/wp-json\/wp\/v2\/users\/1"}],"replies":[{"embeddable":true,"href":"https:\/\/sikertitan.hu\/index.php\/wp-json\/wp\/v2\/comments?post=1069"}],"version-history":[{"count":1,"href":"https:\/\/sikertitan.hu\/index.php\/wp-json\/wp\/v2\/posts\/1069\/revisions"}],"predecessor-version":[{"id":1074,"href":"https:\/\/sikertitan.hu\/index.php\/wp-json\/wp\/v2\/posts\/1069\/revisions\/1074"}],"wp:featuredmedia":[{"embeddable":true,"href":"https:\/\/sikertitan.hu\/index.php\/wp-json\/wp\/v2\/media\/1070"}],"wp:attachment":[{"href":"https:\/\/sikertitan.hu\/index.php\/wp-json\/wp\/v2\/media?parent=1069"}],"wp:term":[{"taxonomy":"category","embeddable":true,"href":"https:\/\/sikertitan.hu\/index.php\/wp-json\/wp\/v2\/categories?post=1069"},{"taxonomy":"post_tag","embeddable":true,"href":"https:\/\/sikertitan.hu\/index.php\/wp-json\/wp\/v2\/tags?post=1069"}],"curies":[{"name":"wp","href":"https:\/\/api.w.org\/{rel}","templated":true}]}}