{"id":1047,"date":"2025-03-06T13:17:05","date_gmt":"2025-03-06T13:17:05","guid":{"rendered":"https:\/\/sikertitan.hu\/?p=1047"},"modified":"2025-03-06T13:17:05","modified_gmt":"2025-03-06T13:17:05","slug":"forma-1","status":"publish","type":"post","link":"https:\/\/sikertitan.hu\/index.php\/2025\/03\/06\/forma-1\/","title":{"rendered":"Forma-1 felt\u00e1mad\u00e1sa 2016 ut\u00e1n! Az \u00fczleti siker titkai!"},"content":{"rendered":"\n<p class=\"wp-block-paragraph\">A Forma-1 nem csup\u00e1n egy versenysorozat, hanem egy <strong>hatalmas \u00fczleti v\u00e1llalkoz\u00e1s is<\/strong>, amely az elm\u00falt \u00e9vtizedben l\u00e1tv\u00e1nyos \u00e1talakul\u00e1son ment kereszt\u00fcl. 2010 ut\u00e1n a n\u00e9zetts\u00e9g \u00e9s az \u00e9rdekl\u0151d\u00e9s cs\u00f6kkenni kezdett, \u00e9s az F1 sz\u00e1m\u00e1ra vil\u00e1goss\u00e1 v\u00e1lt: <strong>ha nem vonzz\u00e1k be a fiatalabb gener\u00e1ci\u00f3t, a sport\u00e1g jelent\u0151s visszaes\u00e9s el\u00e9 n\u00e9zhet<\/strong>.<\/p>\n\n\n\n<p class=\"wp-block-paragraph\">A fordul\u00f3pontot <strong>2016 hozta el<\/strong>, amikor az \u00faj tulajdonos, a Liberty Media \u00e1tvette az ir\u00e1ny\u00edt\u00e1st, \u00e9s <strong>modernebb, digit\u00e1lisan f\u00f3kusz\u00e1lt \u00fczleti strat\u00e9gi\u00e1val \u00e1llt el\u0151<\/strong>. Ennek eredm\u00e9nyek\u00e9nt <strong>a Forma-1 \u00faj aranykor\u00e1t \u00e9li<\/strong>, n\u00e9z\u0151sz\u00e1mai n\u00f6vekednek, a sport\u00e1g trendiv\u00e9 v\u00e1lt a fiatalok k\u00f6r\u00e9ben, \u00e9s olyan bev\u00e9teli forr\u00e1sokat tal\u00e1lt, amelyek kor\u00e1bban elk\u00e9pzelhetetlenek voltak.<\/p>\n\n\n\n<p class=\"wp-block-paragraph\">De mit tanulhat egy v\u00e1llalkoz\u00f3 az F1 \u00fajj\u00e1sz\u00fclet\u00e9s\u00e9b\u0151l? Hogyan siker\u00fclt a Forma-1-nek visszat\u00e9rnie a cs\u00facsra? N\u00e9zz\u00fck meg a kulcsfontoss\u00e1g\u00fa l\u00e9p\u00e9seket!<\/p>\n\n\n<div class=\"wp-block-image\">\n<figure class=\"aligncenter size-large is-resized\"><img loading=\"lazy\" decoding=\"async\" width=\"1024\" height=\"576\" src=\"https:\/\/sikertitan.hu\/wp-content\/uploads\/2025\/03\/1214059-1-1024x576.png\" alt=\"F1\" class=\"wp-image-1053\" style=\"width:500px\" srcset=\"https:\/\/sikertitan.hu\/wp-content\/uploads\/2025\/03\/1214059-1-1024x576.png 1024w, https:\/\/sikertitan.hu\/wp-content\/uploads\/2025\/03\/1214059-1-300x169.png 300w, https:\/\/sikertitan.hu\/wp-content\/uploads\/2025\/03\/1214059-1-768x432.png 768w, https:\/\/sikertitan.hu\/wp-content\/uploads\/2025\/03\/1214059-1-1536x864.png 1536w, https:\/\/sikertitan.hu\/wp-content\/uploads\/2025\/03\/1214059-1-2048x1152.png 2048w\" sizes=\"auto, (max-width: 1024px) 100vw, 1024px\" \/><\/figure>\n<\/div>\n\n\n<hr class=\"wp-block-separator has-alpha-channel-opacity\"\/>\n\n\n\n<h2 class=\"wp-block-heading\"><strong>1. A probl\u00e9ma: Cs\u00f6kken\u0151 \u00e9rdekl\u0151d\u00e9s \u00e9s el\u00f6reged\u0151 rajong\u00f3t\u00e1bor<\/strong><\/h2>\n\n\n\n<p class=\"wp-block-paragraph\">2008 \u00e9s 2017 k\u00f6z\u00f6tt a Forma-1 n\u00e9zetts\u00e9ge <strong>vil\u00e1gszerte 41%-kal cs\u00f6kkent<\/strong>. A f\u0151 probl\u00e9ma az volt, hogy <strong>nem siker\u00fclt megsz\u00f3l\u00edtani a fiatalabb gener\u00e1ci\u00f3kat<\/strong>, \u00e9s a sport\u00e1g rajong\u00f3i b\u00e1zisa el\u00f6regedett.<\/p>\n\n\n\n<p class=\"wp-block-paragraph\">A Forma-1 hossz\u00fa ideig figyelmen k\u00edv\u00fcl hagyta a k\u00f6z\u00f6ss\u00e9gi m\u00e9dia \u00e9s a modern digit\u00e1lis strat\u00e9gi\u00e1k jelent\u0151s\u00e9g\u00e9t. <strong>Az \u00faj n\u00e9z\u0151k sz\u00e1m\u00e1ra az F1 egy t\u00e1voli, nehezen k\u00f6vethet\u0151 sport\u00e1g volt<\/strong>, amelybe csak a r\u00e9gi rajong\u00f3k voltak igaz\u00e1n bevonva.<\/p>\n\n\n\n<h3 class=\"wp-block-heading\"><strong>Hogyan n\u00e9zett ki a v\u00e1ls\u00e1g?<\/strong><\/h3>\n\n\n\n<ul class=\"wp-block-list\">\n<li>A telev\u00edzi\u00f3s n\u00e9zetts\u00e9g folyamatosan cs\u00f6kkent.<\/li>\n\n\n\n<li>A k\u00f6z\u00f6ss\u00e9gi m\u00e9di\u00e1ban az F1 gyakorlatilag <strong>nem volt jelen<\/strong>, a versenyz\u0151k sem posztolhattak szabadon.<\/li>\n\n\n\n<li>Az amerikai piac alig \u00e9rdekl\u0151d\u00f6tt az F1 ir\u00e1nt.<\/li>\n\n\n\n<li>A sport\u00e1g marketingstrat\u00e9gi\u00e1ja elavult volt.<\/li>\n<\/ul>\n\n\n\n<p class=\"wp-block-paragraph\">A <strong>2016-os tulajdonosv\u00e1lt\u00e1s ut\u00e1n<\/strong> azonban minden megv\u00e1ltozott.<\/p>\n\n\n<div class=\"wp-block-image\">\n<figure class=\"aligncenter size-large is-resized\"><img loading=\"lazy\" decoding=\"async\" width=\"1024\" height=\"576\" src=\"https:\/\/sikertitan.hu\/wp-content\/uploads\/2025\/03\/826181-3840x2160-desktop-4k-oracle-red-bull-racing-background-1024x576.jpg\" alt=\"F1\" class=\"wp-image-1049\" style=\"width:500px\" srcset=\"https:\/\/sikertitan.hu\/wp-content\/uploads\/2025\/03\/826181-3840x2160-desktop-4k-oracle-red-bull-racing-background-1024x576.jpg 1024w, https:\/\/sikertitan.hu\/wp-content\/uploads\/2025\/03\/826181-3840x2160-desktop-4k-oracle-red-bull-racing-background-300x169.jpg 300w, https:\/\/sikertitan.hu\/wp-content\/uploads\/2025\/03\/826181-3840x2160-desktop-4k-oracle-red-bull-racing-background-768x432.jpg 768w, https:\/\/sikertitan.hu\/wp-content\/uploads\/2025\/03\/826181-3840x2160-desktop-4k-oracle-red-bull-racing-background-1536x864.jpg 1536w, https:\/\/sikertitan.hu\/wp-content\/uploads\/2025\/03\/826181-3840x2160-desktop-4k-oracle-red-bull-racing-background-2048x1152.jpg 2048w\" sizes=\"auto, (max-width: 1024px) 100vw, 1024px\" \/><\/figure>\n<\/div>\n\n\n<hr class=\"wp-block-separator has-alpha-channel-opacity\"\/>\n\n\n\n<h2 class=\"wp-block-heading\"><strong>2. Az F1 felt\u00e1mad\u00e1sa: A Liberty Media strat\u00e9gi\u00e1ja<\/strong><\/h2>\n\n\n\n<h3 class=\"wp-block-heading\"><strong>\u00daj tulajdonos, \u00faj szeml\u00e9let<\/strong><\/h3>\n\n\n\n<p class=\"wp-block-paragraph\">A <strong>Liberty Media<\/strong> felv\u00e1s\u00e1rolta az F1-et, \u00e9s <strong>azonnal radik\u00e1lis v\u00e1ltoztat\u00e1sokat vezetett be<\/strong>, hogy visszahozza a sport\u00e1gat a reflektorf\u00e9nybe. Az \u00faj strat\u00e9gi\u00e1nak k\u00e9t f\u0151 pill\u00e9re volt:<\/p>\n\n\n\n<ol class=\"wp-block-list\">\n<li><strong>A k\u00f6z\u00f6ss\u00e9gi m\u00e9dia erej\u00e9nek kihaszn\u00e1l\u00e1sa<\/strong><\/li>\n\n\n\n<li><strong>Egy \u00faj c\u00e9lk\u00f6z\u00f6ns\u00e9g bevonz\u00e1sa, k\u00fcl\u00f6n\u00f6sen a fiatal gener\u00e1ci\u00f3\u00e9<\/strong><\/li>\n<\/ol>\n\n\n\n<hr class=\"wp-block-separator has-alpha-channel-opacity\"\/>\n\n\n\n<h2 class=\"wp-block-heading\"><strong>3. K\u00f6z\u00f6ss\u00e9gi m\u00e9dia \u2013 Az egyik legfontosabb v\u00e1ltoz\u00e1s<\/strong><\/h2>\n\n\n\n<p class=\"wp-block-paragraph\">Kor\u00e1bban az F1 szinte teljesen <strong>hi\u00e1nyzott a k\u00f6z\u00f6ss\u00e9gi m\u00e9di\u00e1b\u00f3l<\/strong>. A versenyz\u0151k is alig oszthattak meg tartalmakat, mert az akkori tulajdonosok nem l\u00e1tt\u00e1k a benne rejl\u0151 \u00fczleti lehet\u0151s\u00e9get.<\/p>\n\n\n\n<p class=\"wp-block-paragraph\">A Liberty Media viszont azonnal fel\u00e9p\u00edtett egy profi k\u00f6z\u00f6ss\u00e9gi m\u00e9dia csapatot, \u00e9s minden nagy platformon elind\u00edtott\u00e1k az F1 hivatalos jelenl\u00e9t\u00e9t.<\/p>\n\n\n\n<h3 class=\"wp-block-heading\"><strong>Mit \u00e9rtek el ezzel?<\/strong><\/h3>\n\n\n\n<ul class=\"wp-block-list\">\n<li><strong>A leggyorsabban n\u00f6vekv\u0151 sportm\u00e1rk\u00e1v\u00e1 v\u00e1ltak a k\u00f6z\u00f6ss\u00e9gi m\u00e9di\u00e1ban<\/strong> (2020-ra).<\/li>\n\n\n\n<li>2021-ben a <strong>16-35 \u00e9v k\u00f6z\u00f6tti k\u00f6vet\u0151b\u00e1zis 77%-kal n\u0151tt<\/strong>.<\/li>\n\n\n\n<li>A rajong\u00f3k sz\u00e1ma vil\u00e1gszerte <strong>1 milli\u00e1rdra emelkedett<\/strong>.<\/li>\n\n\n\n<li>Az amerikai \u00e9rdekl\u0151d\u00e9s <strong>36%-kal n\u0151tt<\/strong>.<\/li>\n\n\n\n<li>Az F1 v\u00e9gre \u201etrendi\u201d lett, egyre t\u00f6bben kezdtek el besz\u00e9lni r\u00f3la.<\/li>\n<\/ul>\n\n\n\n<p class=\"wp-block-paragraph\">A k\u00f6z\u00f6ss\u00e9gi m\u00e9dia nem csak a megl\u00e9v\u0151 rajong\u00f3knak sz\u00f3lt, hanem egy <strong>\u00faj gener\u00e1ci\u00f3 figyelm\u00e9t is megragadta<\/strong>, amely sz\u00e1m\u00e1ra a hagyom\u00e1nyos t\u00e9v\u00e9s k\u00f6zvet\u00edt\u00e9s m\u00e1r kev\u00e9sb\u00e9 volt vonz\u00f3.<\/p>\n\n\n\n<h3 class=\"wp-block-heading\"><strong>Mit tanulhatsz v\u00e1llalkoz\u00f3k\u00e9nt?<\/strong><\/h3>\n\n\n\n<ul class=\"wp-block-list\">\n<li><strong>Ha nem vagy jelen a k\u00f6z\u00f6ss\u00e9gi m\u00e9di\u00e1ban, nem is l\u00e9tezel a v\u00e1s\u00e1rl\u00f3id sz\u00e1m\u00e1ra.<\/strong><\/li>\n\n\n\n<li><strong>Engedd meg, hogy az \u00fcgyfeleid is tartalmat k\u00e9sz\u00edtsenek r\u00f3lad<\/strong> \u2013 egy j\u00f3 v\u00e9lem\u00e9ny vagy \u00e9lm\u00e9nymegoszt\u00e1s hatalmas \u00e9rt\u00e9k lehet.<\/li>\n\n\n\n<li><strong>Haszn\u00e1lj vizu\u00e1lis \u00e9s vide\u00f3s tartalmakat<\/strong> \u2013 a t\u00f6rt\u00e9netmes\u00e9l\u00e9s \u00e9s a kulissz\u00e1k m\u00f6g\u00e9 val\u00f3 betekint\u00e9s mindig vonzza az embereket.<\/li>\n<\/ul>\n\n\n<div class=\"wp-block-image\">\n<figure class=\"aligncenter size-large is-resized\"><img loading=\"lazy\" decoding=\"async\" width=\"1024\" height=\"576\" src=\"https:\/\/sikertitan.hu\/wp-content\/uploads\/2025\/03\/Hero-1400x788-1-1024x576.jpeg\" alt=\"Forma-1\" class=\"wp-image-1050\" style=\"width:500px\" srcset=\"https:\/\/sikertitan.hu\/wp-content\/uploads\/2025\/03\/Hero-1400x788-1-1024x576.jpeg 1024w, https:\/\/sikertitan.hu\/wp-content\/uploads\/2025\/03\/Hero-1400x788-1-300x169.jpeg 300w, https:\/\/sikertitan.hu\/wp-content\/uploads\/2025\/03\/Hero-1400x788-1-768x432.jpeg 768w, https:\/\/sikertitan.hu\/wp-content\/uploads\/2025\/03\/Hero-1400x788-1.jpeg 1400w\" sizes=\"auto, (max-width: 1024px) 100vw, 1024px\" \/><\/figure>\n<\/div>\n\n\n<hr class=\"wp-block-separator has-alpha-channel-opacity\"\/>\n\n\n\n<h2 class=\"wp-block-heading\"><strong>4. Netflix \u00e9s a t\u00f6rt\u00e9netmes\u00e9l\u00e9s ereje<\/strong><\/h2>\n\n\n\n<p class=\"wp-block-paragraph\">A <strong>Formula 1: Hajsza a t\u00fal\u00e9l\u00e9s\u00e9rt (Drive to Survive)<\/strong> c\u00edm\u0171 Netflix-dokumentumfilm <strong>\u00f3ri\u00e1si fordul\u00f3pontot jelentett<\/strong> a sport\u00e1g sz\u00e1m\u00e1ra.<\/p>\n\n\n\n<p class=\"wp-block-paragraph\">A sorozat nemcsak a kem\u00e9nyvonalas rajong\u00f3knak k\u00e9sz\u00fclt, hanem azoknak is, akik kor\u00e1bban nem \u00e9rdekl\u0151dtek az F1 ir\u00e1nt. <strong>Az \u00e9rzelmekre, a dr\u00e1m\u00e1ra \u00e9s a versenyz\u0151k szem\u00e9lyes t\u00f6rt\u00e9neteire helyezte a hangs\u00falyt<\/strong>, \u00edgy az emberek elkezdt\u00e9k jobban meg\u00e9rteni \u00e9s megszeretni a sportot.<\/p>\n\n\n\n<h3 class=\"wp-block-heading\"><strong>A sorozat hat\u00e1sa<\/strong><\/h3>\n\n\n\n<ul class=\"wp-block-list\">\n<li>A fiatalok sokkal jobban elkezdt\u00e9k k\u00f6vetni az F1-et.<\/li>\n\n\n\n<li>Az amerikai piac <strong>robbant<\/strong>, \u00e9s az USA-ban is nagyobb figyelmet kapott a sport\u00e1g.<\/li>\n\n\n\n<li>\u00daj szponzorokat \u00e9s partnereket hozott a sportba.<\/li>\n\n\n\n<li>A k\u00f6z\u00f6ss\u00e9gi m\u00e9di\u00e1ban egyre t\u00f6bben kezdtek el besz\u00e9lni az F1-r\u0151l.<\/li>\n<\/ul>\n\n\n\n<p class=\"wp-block-paragraph\">A Netflix-dokumentumfilm <strong>fel\u00e9p\u00edtette a versenyz\u0151k szem\u00e9lyes m\u00e1rk\u00e1j\u00e1t is<\/strong>, \u00edgy az emberek nemcsak a gy\u0151ztesekre figyeltek, hanem a teljes mez\u0151nyre.<\/p>\n\n\n\n<h3 class=\"wp-block-heading\"><strong>Mit tanulhatsz ebb\u0151l v\u00e1llalkoz\u00f3k\u00e9nt?<\/strong><\/h3>\n\n\n\n<ul class=\"wp-block-list\">\n<li><strong>A t\u00f6rt\u00e9netmes\u00e9l\u00e9s az egyik leger\u0151sebb marketingeszk\u00f6z<\/strong> \u2013 mes\u00e9ld el a saj\u00e1t sztoridat, hogy k\u00f6zelebb ker\u00fclj az \u00fcgyfeleidhez.<\/li>\n\n\n\n<li><strong>Haszn\u00e1lj vide\u00f3s \u00e9s vizu\u00e1lis tartalmakat<\/strong> \u2013 az emberek jobban k\u00f6t\u0151dnek az \u00e9l\u0151 t\u00f6rt\u00e9netekhez.<\/li>\n\n\n\n<li><strong>Ne csak a term\u00e9kedr\u0151l besz\u00e9lj, hanem az emberekr\u0151l is, akik m\u00f6g\u00f6tte \u00e1llnak<\/strong> \u2013 a szem\u00e9lyes kapcsolat er\u0151s\u00edti a m\u00e1rk\u00e1dhoz val\u00f3 k\u00f6t\u0151d\u00e9st.<\/li>\n<\/ul>\n\n\n\n<hr class=\"wp-block-separator has-alpha-channel-opacity\"\/>\n\n\n\n<h2 class=\"wp-block-heading\"><strong>5. Az \u00faj \u00fczleti modell \u00e9s n\u00f6veked\u00e9s<\/strong><\/h2>\n\n\n\n<p class=\"wp-block-paragraph\">A Forma-1 a hagyom\u00e1nyos bev\u00e9telein t\u00fal <strong>\u00faj \u00fczleti lehet\u0151s\u00e9geket is tal\u00e1lt<\/strong>, amelyek jelent\u0151sen hozz\u00e1j\u00e1rultak a n\u00f6veked\u00e9shez.<\/p>\n\n\n\n<h3 class=\"wp-block-heading\"><strong>Kulcsfontoss\u00e1g\u00fa v\u00e1ltoz\u00e1sok<\/strong><\/h3>\n\n\n\n<ul class=\"wp-block-list\">\n<li><strong>\u00daj szponzorok \u00e9rkeztek<\/strong> \u2013 p\u00e9ld\u00e1ul az Audi \u00e9s a Ford is \u00e9rdekl\u0151dik az F1 ir\u00e1nt.<\/li>\n\n\n\n<li><strong>A sportfogad\u00e1s n\u00e9pszer\u0171s\u00e9ge megn\u0151tt<\/strong> a Netflix-hat\u00e1s k\u00f6vetkezt\u00e9ben.<\/li>\n\n\n\n<li><strong>A k\u00f6z\u00f6ns\u00e9g\u00e9lm\u00e9ny javult<\/strong>, egyre t\u00f6bben l\u00e1togatnak ki a versenyekre.<\/li>\n<\/ul>\n\n\n\n<h3 class=\"wp-block-heading\"><strong>Mit tanulhatsz v\u00e1llalkoz\u00f3k\u00e9nt?<\/strong><\/h3>\n\n\n\n<ul class=\"wp-block-list\">\n<li><strong>Ne f\u00e9lj \u00faj \u00fczleti lehet\u0151s\u00e9geket keresni<\/strong>, ak\u00e1r teljesen \u00faj ter\u00fcleteken is.<\/li>\n\n\n\n<li><strong>Figyeld a piacot, \u00e9s alkalmazkodj gyorsan a v\u00e1ltoz\u00e1sokhoz.<\/strong><\/li>\n\n\n\n<li><strong>Gondolkodj hossz\u00fa t\u00e1von<\/strong> \u2013 az F1 strat\u00e9gi\u00e1ja is \u00e9vekre el\u0151re \u00e9p\u00fclt fel.<\/li>\n<\/ul>\n\n\n<div class=\"wp-block-image\">\n<figure class=\"aligncenter size-full is-resized\"><img loading=\"lazy\" decoding=\"async\" width=\"600\" height=\"253\" src=\"https:\/\/sikertitan.hu\/wp-content\/uploads\/2025\/03\/2024-Formula1-Ferrari-SF-24-002.jpg\" alt=\"Forma-1\" class=\"wp-image-1051\" style=\"width:500px\" srcset=\"https:\/\/sikertitan.hu\/wp-content\/uploads\/2025\/03\/2024-Formula1-Ferrari-SF-24-002.jpg 600w, https:\/\/sikertitan.hu\/wp-content\/uploads\/2025\/03\/2024-Formula1-Ferrari-SF-24-002-300x127.jpg 300w\" sizes=\"auto, (max-width: 600px) 100vw, 600px\" \/><\/figure>\n<\/div>\n\n\n<hr class=\"wp-block-separator has-alpha-channel-opacity\"\/>\n\n\n\n<h2 class=\"wp-block-heading\"><strong>\u00d6sszegz\u00e9s \u2013 Mit tanulhatsz a Forma-1 felt\u00e1mad\u00e1s\u00e1b\u00f3l?<\/strong><\/h2>\n\n\n\n<ul class=\"wp-block-list\">\n<li><strong>Haszn\u00e1lj akt\u00edvan k\u00f6z\u00f6ss\u00e9gi m\u00e9di\u00e1t, mert a l\u00e1that\u00f3s\u00e1g kulcsfontoss\u00e1g\u00fa.<\/strong><\/li>\n\n\n\n<li><strong>Mes\u00e9lj t\u00f6rt\u00e9neteket, mert az emberek az \u00e9rzelmekhez k\u00f6t\u0151dnek.<\/strong><\/li>\n\n\n\n<li><strong>Ne f\u00e9lj \u00faj c\u00e9lcsoportokat megsz\u00f3l\u00edtani \u00e9s modern marketingeszk\u00f6z\u00f6ket bevetni.<\/strong><\/li>\n\n\n\n<li><strong>V\u00e1ltoztass id\u0151ben \u2013 ha cs\u00f6kken a v\u00e1s\u00e1rl\u00f3k sz\u00e1ma, \u00faj strat\u00e9gi\u00e1ra van sz\u00fcks\u00e9g.<\/strong><\/li>\n<\/ul>\n\n\n\n<p class=\"wp-block-paragraph\">A Forma-1 sikert\u00f6rt\u00e9nete bizony\u00edtja, hogy <strong>a marketing \u00e9s a strat\u00e9giai gondolkod\u00e1s ak\u00e1r egy teljes ipar\u00e1gat is k\u00e9pes megmenteni \u00e9s \u00fajj\u00e1\u00e9leszteni<\/strong>.<\/p>\n","protected":false},"excerpt":{"rendered":"<p>A Forma-1 nem csup\u00e1n egy versenysorozat, hanem egy hatalmas \u00fczleti v\u00e1llalkoz\u00e1s is, amely az elm\u00falt \u00e9vtizedben l\u00e1tv\u00e1nyos \u00e1talakul\u00e1son ment kereszt\u00fcl. 2010 ut\u00e1n a n\u00e9zetts\u00e9g \u00e9s az \u00e9rdekl\u0151d\u00e9s cs\u00f6kkenni kezdett, \u00e9s az F1 sz\u00e1m\u00e1ra vil\u00e1goss\u00e1 v\u00e1lt: ha nem vonzz\u00e1k be a fiatalabb gener\u00e1ci\u00f3t, a sport\u00e1g jelent\u0151s visszaes\u00e9s el\u00e9 n\u00e9zhet. A fordul\u00f3pontot 2016 hozta el, amikor az&#8230;<\/p>\n","protected":false},"author":1,"featured_media":1048,"comment_status":"open","ping_status":"open","sticky":false,"template":"","format":"standard","meta":{"footnotes":""},"categories":[5],"tags":[261,158,704,703,25,48,82,705,16,188,706,707,44,18,22],"class_list":["post-1047","post","type-post","status-publish","format-standard","has-post-thumbnail","hentry","category-karrier","tag-affiliate-marketing","tag-ertekesitesi-strategiak","tag-f1","tag-formula-1","tag-inspiracio","tag-jovedelem","tag-kozossegi-media","tag-liberty-media","tag-marketing","tag-marketing-strategiak","tag-netfli","tag-netflix","tag-penzkereses","tag-siker","tag-strategia"],"yoast_head":"<!-- This site is optimized with the Yoast SEO plugin v25.5 - https:\/\/yoast.com\/wordpress\/plugins\/seo\/ -->\n<title>Forma-1 felt\u00e1mad\u00e1sa 2016 ut\u00e1n! Az \u00fczleti siker titkai! - Siker Tit\u00e1n<\/title>\n<meta name=\"description\" content=\"A Forma-1 sikert\u00f6rt\u00e9nete bizony\u00edtja, hogy a marketing \u00e9s a strat\u00e9giai gondolkod\u00e1s ak\u00e1r egy teljes ipar\u00e1gat is k\u00e9pes megmenteni.\" \/>\n<meta name=\"robots\" content=\"index, follow, max-snippet:-1, max-image-preview:large, max-video-preview:-1\" \/>\n<link rel=\"canonical\" href=\"https:\/\/sikertitan.hu\/index.php\/2025\/03\/06\/forma-1\/\" \/>\n<meta property=\"og:locale\" content=\"hu_HU\" \/>\n<meta property=\"og:type\" content=\"article\" \/>\n<meta property=\"og:title\" content=\"Forma-1 felt\u00e1mad\u00e1sa 2016 ut\u00e1n! Az \u00fczleti siker titkai! - Siker Tit\u00e1n\" \/>\n<meta property=\"og:description\" content=\"A Forma-1 sikert\u00f6rt\u00e9nete bizony\u00edtja, hogy a marketing \u00e9s a strat\u00e9giai gondolkod\u00e1s ak\u00e1r egy teljes ipar\u00e1gat is k\u00e9pes megmenteni.\" \/>\n<meta property=\"og:url\" content=\"https:\/\/sikertitan.hu\/index.php\/2025\/03\/06\/forma-1\/\" \/>\n<meta property=\"og:site_name\" content=\"Siker Tit\u00e1n\" \/>\n<meta property=\"article:published_time\" content=\"2025-03-06T13:17:05+00:00\" \/>\n<meta property=\"og:image\" content=\"https:\/\/sikertitan.hu\/wp-content\/uploads\/2025\/03\/f1-2024.241018ss.jpg\" \/>\n\t<meta property=\"og:image:width\" content=\"1920\" \/>\n\t<meta property=\"og:image:height\" content=\"1080\" \/>\n\t<meta property=\"og:image:type\" content=\"image\/jpeg\" \/>\n<meta name=\"author\" content=\"admin\" \/>\n<meta name=\"twitter:card\" content=\"summary_large_image\" \/>\n<meta name=\"twitter:label1\" content=\"Szerz\u0151:\" \/>\n\t<meta name=\"twitter:data1\" content=\"admin\" \/>\n\t<meta name=\"twitter:label2\" content=\"Becs\u00fclt olvas\u00e1si id\u0151\" \/>\n\t<meta name=\"twitter:data2\" content=\"6 perc\" \/>\n<script type=\"application\/ld+json\" class=\"yoast-schema-graph\">{\"@context\":\"https:\/\/schema.org\",\"@graph\":[{\"@type\":\"Article\",\"@id\":\"https:\/\/sikertitan.hu\/index.php\/2025\/03\/06\/forma-1\/#article\",\"isPartOf\":{\"@id\":\"https:\/\/sikertitan.hu\/index.php\/2025\/03\/06\/forma-1\/\"},\"author\":{\"name\":\"admin\",\"@id\":\"https:\/\/sikertitan.hu\/#\/schema\/person\/62145ff4922604a017d86a9aec58fb10\"},\"headline\":\"Forma-1 felt\u00e1mad\u00e1sa 2016 ut\u00e1n! Az \u00fczleti siker titkai!\",\"datePublished\":\"2025-03-06T13:17:05+00:00\",\"mainEntityOfPage\":{\"@id\":\"https:\/\/sikertitan.hu\/index.php\/2025\/03\/06\/forma-1\/\"},\"wordCount\":1237,\"commentCount\":0,\"publisher\":{\"@id\":\"https:\/\/sikertitan.hu\/#organization\"},\"image\":{\"@id\":\"https:\/\/sikertitan.hu\/index.php\/2025\/03\/06\/forma-1\/#primaryimage\"},\"thumbnailUrl\":\"https:\/\/sikertitan.hu\/wp-content\/uploads\/2025\/03\/f1-2024.241018ss.jpg\",\"keywords\":[\"affiliate marketing\",\"\u00e9rt\u00e9kes\u00edt\u00e9si strat\u00e9gi\u00e1k\",\"F1\",\"formula 1\",\"inspir\u00e1ci\u00f3\",\"j\u00f6vedelem\",\"k\u00f6z\u00f6ss\u00e9gi m\u00e9dia\",\"liberty media\",\"marketing\",\"marketing strat\u00e9gi\u00e1k\",\"netfli\",\"netflix\",\"p\u00e9nzkeres\u00e9s\",\"siker\",\"strat\u00e9gia\"],\"articleSection\":[\"Karrier\"],\"inLanguage\":\"hu\",\"potentialAction\":[{\"@type\":\"CommentAction\",\"name\":\"Comment\",\"target\":[\"https:\/\/sikertitan.hu\/index.php\/2025\/03\/06\/forma-1\/#respond\"]}]},{\"@type\":\"WebPage\",\"@id\":\"https:\/\/sikertitan.hu\/index.php\/2025\/03\/06\/forma-1\/\",\"url\":\"https:\/\/sikertitan.hu\/index.php\/2025\/03\/06\/forma-1\/\",\"name\":\"Forma-1 felt\u00e1mad\u00e1sa 2016 ut\u00e1n! Az \u00fczleti siker titkai! - Siker Tit\u00e1n\",\"isPartOf\":{\"@id\":\"https:\/\/sikertitan.hu\/#website\"},\"primaryImageOfPage\":{\"@id\":\"https:\/\/sikertitan.hu\/index.php\/2025\/03\/06\/forma-1\/#primaryimage\"},\"image\":{\"@id\":\"https:\/\/sikertitan.hu\/index.php\/2025\/03\/06\/forma-1\/#primaryimage\"},\"thumbnailUrl\":\"https:\/\/sikertitan.hu\/wp-content\/uploads\/2025\/03\/f1-2024.241018ss.jpg\",\"datePublished\":\"2025-03-06T13:17:05+00:00\",\"description\":\"A Forma-1 sikert\u00f6rt\u00e9nete bizony\u00edtja, hogy a marketing \u00e9s a strat\u00e9giai gondolkod\u00e1s ak\u00e1r egy teljes ipar\u00e1gat is k\u00e9pes megmenteni.\",\"breadcrumb\":{\"@id\":\"https:\/\/sikertitan.hu\/index.php\/2025\/03\/06\/forma-1\/#breadcrumb\"},\"inLanguage\":\"hu\",\"potentialAction\":[{\"@type\":\"ReadAction\",\"target\":[\"https:\/\/sikertitan.hu\/index.php\/2025\/03\/06\/forma-1\/\"]}]},{\"@type\":\"ImageObject\",\"inLanguage\":\"hu\",\"@id\":\"https:\/\/sikertitan.hu\/index.php\/2025\/03\/06\/forma-1\/#primaryimage\",\"url\":\"https:\/\/sikertitan.hu\/wp-content\/uploads\/2025\/03\/f1-2024.241018ss.jpg\",\"contentUrl\":\"https:\/\/sikertitan.hu\/wp-content\/uploads\/2025\/03\/f1-2024.241018ss.jpg\",\"width\":\"1920\",\"height\":\"1080\",\"caption\":\"F1\"},{\"@type\":\"BreadcrumbList\",\"@id\":\"https:\/\/sikertitan.hu\/index.php\/2025\/03\/06\/forma-1\/#breadcrumb\",\"itemListElement\":[{\"@type\":\"ListItem\",\"position\":1,\"name\":\"Kezd\u0151lap\",\"item\":\"https:\/\/sikertitan.hu\/\"},{\"@type\":\"ListItem\",\"position\":2,\"name\":\"Forma-1 felt\u00e1mad\u00e1sa 2016 ut\u00e1n! Az \u00fczleti siker titkai!\"}]},{\"@type\":\"WebSite\",\"@id\":\"https:\/\/sikertitan.hu\/#website\",\"url\":\"https:\/\/sikertitan.hu\/\",\"name\":\"Siker Tit\u00e1n\",\"description\":\"Inspir\u00e1ci\u00f3, fejl\u0151d\u00e9s \u00e9s gy\u0151zelem blogoldala\",\"publisher\":{\"@id\":\"https:\/\/sikertitan.hu\/#organization\"},\"potentialAction\":[{\"@type\":\"SearchAction\",\"target\":{\"@type\":\"EntryPoint\",\"urlTemplate\":\"https:\/\/sikertitan.hu\/?s={search_term_string}\"},\"query-input\":{\"@type\":\"PropertyValueSpecification\",\"valueRequired\":true,\"valueName\":\"search_term_string\"}}],\"inLanguage\":\"hu\"},{\"@type\":\"Organization\",\"@id\":\"https:\/\/sikertitan.hu\/#organization\",\"name\":\"Siker Tit\u00e1n\",\"url\":\"https:\/\/sikertitan.hu\/\",\"logo\":{\"@type\":\"ImageObject\",\"inLanguage\":\"hu\",\"@id\":\"https:\/\/sikertitan.hu\/#\/schema\/logo\/image\/\",\"url\":\"https:\/\/sikertitan.hu\/wp-content\/uploads\/2024\/11\/cropped-Idezet-1080-x-400-keppont-1.png\",\"contentUrl\":\"https:\/\/sikertitan.hu\/wp-content\/uploads\/2024\/11\/cropped-Idezet-1080-x-400-keppont-1.png\",\"width\":878,\"height\":318,\"caption\":\"Siker Tit\u00e1n\"},\"image\":{\"@id\":\"https:\/\/sikertitan.hu\/#\/schema\/logo\/image\/\"}},{\"@type\":\"Person\",\"@id\":\"https:\/\/sikertitan.hu\/#\/schema\/person\/62145ff4922604a017d86a9aec58fb10\",\"name\":\"admin\",\"image\":{\"@type\":\"ImageObject\",\"inLanguage\":\"hu\",\"@id\":\"https:\/\/sikertitan.hu\/#\/schema\/person\/image\/\",\"url\":\"https:\/\/secure.gravatar.com\/avatar\/1707361b7c492b08f0be8d8db0253c8d889b1bc2036afdcdb5de7c557a631ba9?s=96&d=mm&r=g\",\"contentUrl\":\"https:\/\/secure.gravatar.com\/avatar\/1707361b7c492b08f0be8d8db0253c8d889b1bc2036afdcdb5de7c557a631ba9?s=96&d=mm&r=g\",\"caption\":\"admin\"},\"sameAs\":[\"https:\/\/sikertitan.hu\"],\"url\":\"https:\/\/sikertitan.hu\/index.php\/author\/sikertitan\/\"}]}<\/script>\n<!-- \/ Yoast SEO plugin. -->","yoast_head_json":{"title":"Forma-1 felt\u00e1mad\u00e1sa 2016 ut\u00e1n! Az \u00fczleti siker titkai! - Siker Tit\u00e1n","description":"A Forma-1 sikert\u00f6rt\u00e9nete bizony\u00edtja, hogy a marketing \u00e9s a strat\u00e9giai gondolkod\u00e1s ak\u00e1r egy teljes ipar\u00e1gat is k\u00e9pes megmenteni.","robots":{"index":"index","follow":"follow","max-snippet":"max-snippet:-1","max-image-preview":"max-image-preview:large","max-video-preview":"max-video-preview:-1"},"canonical":"https:\/\/sikertitan.hu\/index.php\/2025\/03\/06\/forma-1\/","og_locale":"hu_HU","og_type":"article","og_title":"Forma-1 felt\u00e1mad\u00e1sa 2016 ut\u00e1n! Az \u00fczleti siker titkai! - Siker Tit\u00e1n","og_description":"A Forma-1 sikert\u00f6rt\u00e9nete bizony\u00edtja, hogy a marketing \u00e9s a strat\u00e9giai gondolkod\u00e1s ak\u00e1r egy teljes ipar\u00e1gat is k\u00e9pes megmenteni.","og_url":"https:\/\/sikertitan.hu\/index.php\/2025\/03\/06\/forma-1\/","og_site_name":"Siker Tit\u00e1n","article_published_time":"2025-03-06T13:17:05+00:00","og_image":[{"width":1920,"height":1080,"url":"https:\/\/sikertitan.hu\/wp-content\/uploads\/2025\/03\/f1-2024.241018ss.jpg","type":"image\/jpeg"}],"author":"admin","twitter_card":"summary_large_image","twitter_misc":{"Szerz\u0151:":"admin","Becs\u00fclt olvas\u00e1si id\u0151":"6 perc"},"schema":{"@context":"https:\/\/schema.org","@graph":[{"@type":"Article","@id":"https:\/\/sikertitan.hu\/index.php\/2025\/03\/06\/forma-1\/#article","isPartOf":{"@id":"https:\/\/sikertitan.hu\/index.php\/2025\/03\/06\/forma-1\/"},"author":{"name":"admin","@id":"https:\/\/sikertitan.hu\/#\/schema\/person\/62145ff4922604a017d86a9aec58fb10"},"headline":"Forma-1 felt\u00e1mad\u00e1sa 2016 ut\u00e1n! Az \u00fczleti siker titkai!","datePublished":"2025-03-06T13:17:05+00:00","mainEntityOfPage":{"@id":"https:\/\/sikertitan.hu\/index.php\/2025\/03\/06\/forma-1\/"},"wordCount":1237,"commentCount":0,"publisher":{"@id":"https:\/\/sikertitan.hu\/#organization"},"image":{"@id":"https:\/\/sikertitan.hu\/index.php\/2025\/03\/06\/forma-1\/#primaryimage"},"thumbnailUrl":"https:\/\/sikertitan.hu\/wp-content\/uploads\/2025\/03\/f1-2024.241018ss.jpg","keywords":["affiliate marketing","\u00e9rt\u00e9kes\u00edt\u00e9si strat\u00e9gi\u00e1k","F1","formula 1","inspir\u00e1ci\u00f3","j\u00f6vedelem","k\u00f6z\u00f6ss\u00e9gi m\u00e9dia","liberty media","marketing","marketing strat\u00e9gi\u00e1k","netfli","netflix","p\u00e9nzkeres\u00e9s","siker","strat\u00e9gia"],"articleSection":["Karrier"],"inLanguage":"hu","potentialAction":[{"@type":"CommentAction","name":"Comment","target":["https:\/\/sikertitan.hu\/index.php\/2025\/03\/06\/forma-1\/#respond"]}]},{"@type":"WebPage","@id":"https:\/\/sikertitan.hu\/index.php\/2025\/03\/06\/forma-1\/","url":"https:\/\/sikertitan.hu\/index.php\/2025\/03\/06\/forma-1\/","name":"Forma-1 felt\u00e1mad\u00e1sa 2016 ut\u00e1n! Az \u00fczleti siker titkai! - Siker Tit\u00e1n","isPartOf":{"@id":"https:\/\/sikertitan.hu\/#website"},"primaryImageOfPage":{"@id":"https:\/\/sikertitan.hu\/index.php\/2025\/03\/06\/forma-1\/#primaryimage"},"image":{"@id":"https:\/\/sikertitan.hu\/index.php\/2025\/03\/06\/forma-1\/#primaryimage"},"thumbnailUrl":"https:\/\/sikertitan.hu\/wp-content\/uploads\/2025\/03\/f1-2024.241018ss.jpg","datePublished":"2025-03-06T13:17:05+00:00","description":"A Forma-1 sikert\u00f6rt\u00e9nete bizony\u00edtja, hogy a marketing \u00e9s a strat\u00e9giai gondolkod\u00e1s ak\u00e1r egy teljes ipar\u00e1gat is k\u00e9pes megmenteni.","breadcrumb":{"@id":"https:\/\/sikertitan.hu\/index.php\/2025\/03\/06\/forma-1\/#breadcrumb"},"inLanguage":"hu","potentialAction":[{"@type":"ReadAction","target":["https:\/\/sikertitan.hu\/index.php\/2025\/03\/06\/forma-1\/"]}]},{"@type":"ImageObject","inLanguage":"hu","@id":"https:\/\/sikertitan.hu\/index.php\/2025\/03\/06\/forma-1\/#primaryimage","url":"https:\/\/sikertitan.hu\/wp-content\/uploads\/2025\/03\/f1-2024.241018ss.jpg","contentUrl":"https:\/\/sikertitan.hu\/wp-content\/uploads\/2025\/03\/f1-2024.241018ss.jpg","width":"1920","height":"1080","caption":"F1"},{"@type":"BreadcrumbList","@id":"https:\/\/sikertitan.hu\/index.php\/2025\/03\/06\/forma-1\/#breadcrumb","itemListElement":[{"@type":"ListItem","position":1,"name":"Kezd\u0151lap","item":"https:\/\/sikertitan.hu\/"},{"@type":"ListItem","position":2,"name":"Forma-1 felt\u00e1mad\u00e1sa 2016 ut\u00e1n! Az \u00fczleti siker titkai!"}]},{"@type":"WebSite","@id":"https:\/\/sikertitan.hu\/#website","url":"https:\/\/sikertitan.hu\/","name":"Siker Tit\u00e1n","description":"Inspir\u00e1ci\u00f3, fejl\u0151d\u00e9s \u00e9s gy\u0151zelem blogoldala","publisher":{"@id":"https:\/\/sikertitan.hu\/#organization"},"potentialAction":[{"@type":"SearchAction","target":{"@type":"EntryPoint","urlTemplate":"https:\/\/sikertitan.hu\/?s={search_term_string}"},"query-input":{"@type":"PropertyValueSpecification","valueRequired":true,"valueName":"search_term_string"}}],"inLanguage":"hu"},{"@type":"Organization","@id":"https:\/\/sikertitan.hu\/#organization","name":"Siker Tit\u00e1n","url":"https:\/\/sikertitan.hu\/","logo":{"@type":"ImageObject","inLanguage":"hu","@id":"https:\/\/sikertitan.hu\/#\/schema\/logo\/image\/","url":"https:\/\/sikertitan.hu\/wp-content\/uploads\/2024\/11\/cropped-Idezet-1080-x-400-keppont-1.png","contentUrl":"https:\/\/sikertitan.hu\/wp-content\/uploads\/2024\/11\/cropped-Idezet-1080-x-400-keppont-1.png","width":878,"height":318,"caption":"Siker Tit\u00e1n"},"image":{"@id":"https:\/\/sikertitan.hu\/#\/schema\/logo\/image\/"}},{"@type":"Person","@id":"https:\/\/sikertitan.hu\/#\/schema\/person\/62145ff4922604a017d86a9aec58fb10","name":"admin","image":{"@type":"ImageObject","inLanguage":"hu","@id":"https:\/\/sikertitan.hu\/#\/schema\/person\/image\/","url":"https:\/\/secure.gravatar.com\/avatar\/1707361b7c492b08f0be8d8db0253c8d889b1bc2036afdcdb5de7c557a631ba9?s=96&d=mm&r=g","contentUrl":"https:\/\/secure.gravatar.com\/avatar\/1707361b7c492b08f0be8d8db0253c8d889b1bc2036afdcdb5de7c557a631ba9?s=96&d=mm&r=g","caption":"admin"},"sameAs":["https:\/\/sikertitan.hu"],"url":"https:\/\/sikertitan.hu\/index.php\/author\/sikertitan\/"}]}},"views":97,"featured_image_urls":{"full":["https:\/\/sikertitan.hu\/wp-content\/uploads\/2025\/03\/f1-2024.241018ss.jpg",1920,1080,false],"thumbnail":["https:\/\/sikertitan.hu\/wp-content\/uploads\/2025\/03\/f1-2024.241018ss-150x150.jpg",150,150,true],"medium":["https:\/\/sikertitan.hu\/wp-content\/uploads\/2025\/03\/f1-2024.241018ss-300x169.jpg",300,169,true],"medium_large":["https:\/\/sikertitan.hu\/wp-content\/uploads\/2025\/03\/f1-2024.241018ss-768x432.jpg",640,360,true],"large":["https:\/\/sikertitan.hu\/wp-content\/uploads\/2025\/03\/f1-2024.241018ss-1024x576.jpg",640,360,true],"1536x1536":["https:\/\/sikertitan.hu\/wp-content\/uploads\/2025\/03\/f1-2024.241018ss-1536x864.jpg",1536,864,true],"2048x2048":["https:\/\/sikertitan.hu\/wp-content\/uploads\/2025\/03\/f1-2024.241018ss.jpg",1920,1080,false],"pubnews-featured":["https:\/\/sikertitan.hu\/wp-content\/uploads\/2025\/03\/f1-2024.241018ss-1020x700.jpg",1020,700,true],"pubnews-list":["https:\/\/sikertitan.hu\/wp-content\/uploads\/2025\/03\/f1-2024.241018ss-600x400.jpg",600,400,true],"pubnews-thumb":["https:\/\/sikertitan.hu\/wp-content\/uploads\/2025\/03\/f1-2024.241018ss-300x200.jpg",300,200,true],"pubnews-small":["https:\/\/sikertitan.hu\/wp-content\/uploads\/2025\/03\/f1-2024.241018ss-150x95.jpg",150,95,true],"pubnews-grid":["https:\/\/sikertitan.hu\/wp-content\/uploads\/2025\/03\/f1-2024.241018ss-400x250.jpg",400,250,true]},"author_info":{"display_name":"admin","author_link":"https:\/\/sikertitan.hu\/index.php\/author\/sikertitan\/"},"category_info":"<a href=\"https:\/\/sikertitan.hu\/index.php\/category\/karrier\/\" rel=\"category tag\">Karrier<\/a>","tag_info":"Karrier","comment_count":"0","_links":{"self":[{"href":"https:\/\/sikertitan.hu\/index.php\/wp-json\/wp\/v2\/posts\/1047","targetHints":{"allow":["GET"]}}],"collection":[{"href":"https:\/\/sikertitan.hu\/index.php\/wp-json\/wp\/v2\/posts"}],"about":[{"href":"https:\/\/sikertitan.hu\/index.php\/wp-json\/wp\/v2\/types\/post"}],"author":[{"embeddable":true,"href":"https:\/\/sikertitan.hu\/index.php\/wp-json\/wp\/v2\/users\/1"}],"replies":[{"embeddable":true,"href":"https:\/\/sikertitan.hu\/index.php\/wp-json\/wp\/v2\/comments?post=1047"}],"version-history":[{"count":1,"href":"https:\/\/sikertitan.hu\/index.php\/wp-json\/wp\/v2\/posts\/1047\/revisions"}],"predecessor-version":[{"id":1054,"href":"https:\/\/sikertitan.hu\/index.php\/wp-json\/wp\/v2\/posts\/1047\/revisions\/1054"}],"wp:featuredmedia":[{"embeddable":true,"href":"https:\/\/sikertitan.hu\/index.php\/wp-json\/wp\/v2\/media\/1048"}],"wp:attachment":[{"href":"https:\/\/sikertitan.hu\/index.php\/wp-json\/wp\/v2\/media?parent=1047"}],"wp:term":[{"taxonomy":"category","embeddable":true,"href":"https:\/\/sikertitan.hu\/index.php\/wp-json\/wp\/v2\/categories?post=1047"},{"taxonomy":"post_tag","embeddable":true,"href":"https:\/\/sikertitan.hu\/index.php\/wp-json\/wp\/v2\/tags?post=1047"}],"curies":[{"name":"wp","href":"https:\/\/api.w.org\/{rel}","templated":true}]}}